{"id":2620,"date":"2013-09-30T04:57:12","date_gmt":"2013-09-30T02:57:12","guid":{"rendered":"http:\/\/www.rc03-ilbenstadt.de\/?p=2620"},"modified":"2013-09-30T08:10:42","modified_gmt":"2013-09-30T06:10:42","slug":"radtourenfahrt-rtf-am-sonntag-dem-29-september-beim-rfc-oberstedten","status":"publish","type":"post","link":"https:\/\/www.rc03-ilbenstadt.de\/?p=2620","title":{"rendered":"Radtourenfahrt (RTF) am Sonntag, dem 29. September beim RFC Oberstedten"},"content":{"rendered":"<div id=\"attachment_2613\" style=\"width: 160px\" class=\"wp-caption alignleft\"><a href=\"https:\/\/www.rc03-ilbenstadt.de\/wp-content\/uploads\/2013\/09\/B-RTF-139829-02-RFC_Oberstedten-Streckenimpressionen-WEB.jpg\" rel=\"lightbox[2620]\"><img loading=\"lazy\" decoding=\"async\" aria-describedby=\"caption-attachment-2613\" class=\"size-thumbnail wp-image-2613 \" style=\"margin-top: 5px; margin-bottom: 5px;\" alt=\"Vor Pfaffenwiesbach\" src=\"https:\/\/www.rc03-ilbenstadt.de\/wp-content\/uploads\/2013\/09\/B-RTF-139829-02-RFC_Oberstedten-Streckenimpressionen-WEB-150x150.jpg\" width=\"150\" height=\"150\" \/><\/a><p id=\"caption-attachment-2613\" class=\"wp-caption-text\">Vor Pfaffenwiesbach<\/p><\/div>\n<p>Der RFC Oberstedten hatte zur Radtourenfahrt nach Bad Homburg zum Start bei Radsport Denfeld in der Urseler Stra\u00dfe eingeladen. Der Start war ab 08:00 Uhr m\u00f6glich. Am fr\u00fchen Morgen des gestrigen Sonntages war die Temperatur doch noch im Plusbereich. Aber 6\u00b0 Celsius haben doch an die Bekleidung Minimalanforderungen gestellt, denen man doch gerne nachgab. Armlinge, ein Buff unter dem Helm und eine \u00e4rmellose Weste vermittelten schon das Gef\u00fchl, gut ger\u00fcstet in den frischen Morgen zu starten. Die angebotenen Touren von 41, 72 und 115 Kilometern<!--more--> waren mit 480, 1.000 und 1.700 H\u00f6henmetern in jeder Leistungsstufe knackig, aber am Saisonende darf es ruhig etwas mehr sein, liegen doch schon viele Trainingskilometer hinter uns.<\/p>\n<p>Kurz nach dem Start erwartete uns ein leichtes Gef\u00e4lle in Richtung Wetterau, das noch nicht f\u00fcr einen W\u00e4remschub in unseren K\u00f6rpern sorgen konnte. Doch nach wenigen Kilometern war es mit dem Gef\u00e4lle vorbei und leicht wellige Anstiege in Richtung K\u00f6pperner Tal testeten schon mal die Leistungsbereitschaft des gro\u00dfen Teilnehmerfeldes an. Ein erstes Kompliment an den Veranstalter wird f\u00fcr die Streckenf\u00fchrung f\u00e4llig: Nicht das K\u00f6pperner Tal wurde f\u00fcr die Tour gew\u00e4hlt, sondern die Zufahrt zum Bw-Depot durch den Wald nach Wehrheim. Damit war auch eine kontinuierliche Steigung nach Wehrheim zu bew\u00e4ltigen. Die erste Kontrolle am Bw-Depot fiel mit vor Ort zubereiteten Milch-Shakes auf; ein tolles Angebot! Hier traf ich J\u00fcrgen, Werner und Kurt. Kurz hinter der Kontrolle trennten sich schon wieder unsere Wege. W\u00e4hrend die Sternfahrer J\u00fcrgen und Werner auf die 41 Kilometer-Tour abbogen, fuhren Kurt und ich auf die 75-Kilometer-Runde.<\/p>\n<p>Mein Ehrgeiz, mit Kurt die Strecke zu absolvieren, hielt sich in Grenzen. Mit ruhigem Tritt und gleichm\u00e4\u00dfiger Geschwindigkeit geno\u00df ich die sch\u00f6ne Landschaft des Taunus, die vom Herbst nur m\u00e4\u00dfig gezeichnet war. Die ganze Farbenpracht dieser Jahreszeit wird sich erst in den n\u00e4chsten 14 Tagen entwickeln. Kurt hat die sch\u00f6ne Landschaft in einer anderen Geschwindigkeitsklasse in sich aufgenommen, um im Ziel festzustellen, dass die Verbindung von schneller Fahrt und gut 1.000 H\u00f6henmetern nicht spurlos an ihm vorbei gegangen ist. Seine erste Erholungsphase stellte sicherlich die Heimfahrt mit Werner von Bad Homburg in die heimische Wetterau dar &#8230;<br \/>\n\u00dcberrascht war ich, dass die 72 Kilometer-Tour \u00fcber den Sandplacken f\u00fchrte und eine Alternativstrecke von 83 Kilometern zur R\u00fcckfahrt \u00fcber das K\u00f6pperner Tal angeboten war. Man sollte doch aufmerksam die Ausschreibungen und die Startkarten studieren! 11 Kilometer mehr? Nein, spontan steuerte ich Schmitten und damit den Sandplacken an, der mit seiner relativ gleichm\u00e4\u00dfigen Steigung gut bew\u00e4ltigt werden konnte. Der motorisierte Verkehr hielt sich in Grenzen. Der Veranstalter hat es verstanden, viele ruhige Strecken im Taunus anzubieten und die relativ stark befahrenen Hauptrouten nur dort zu nutzen, wo es unumg\u00e4nglich war. So haben wir an einem sonnigen und sch\u00f6nen Herbstag eine rundum gelungene Tour fahren k\u00f6nnen, die von vielen freundlichen und engagierten Helfern getragen war.<\/p>\n<p>Am Start und Ziel war f\u00fcr leibliche Wohl Vorsorge getroffen und das Wetter lud zum Verweilen in geselliger Runde ein. Zur Siegerehrung befanden sich die zu ehrenden Manschaften bereits auf dem Heimweg. Hier fordert der Sternfahrtmodus seinen Tribut. Nicht zuletzt ist der Pokaltransport auf dem Fahrrad nicht immer angenehm. Wir nahmen den Pokal f\u00fcr den dritten Platz in Empfang. Gewertet wurden 18 Starterinnen und Starter, da von den gemeldeten 21 nicht alle antreten konnten. Isgesamt waren 550 Radsportlerinnen und Radsportler am Start. Wer auf den ersten beiden Pl\u00e4tzen gelandet ist, ging an diesem Sonntag an mir vorbei. Allein 30 Starter f\u00fcr die erstplatzierte Mannschaft waren heute nicht zu schlagen.<\/p>\n<p>Zum Saisonabschluss treffen wir uns am 6 Oktober in <a title=\"Internetseite des RSC Niederdorfelden\" href=\"http:\/\/www.rsc-niederdorfelden.de\/\" target=\"_blank\">Niederdorfelden<\/a>. Das Wetter wird wieder gut!<\/p>\n<p>Hier einige Impressionen von der Strecke:<\/p>\n<table border=\"0\">\n<tbody>\n<tr>\n<td><a href=\"https:\/\/www.rc03-ilbenstadt.de\/wp-content\/uploads\/2013\/09\/B-RTF-139829-00-RFC_Oberstedten-1-Kontrolle_bei_Wehrheim-WEB.jpg\" rel=\"lightbox[2620]\"><img loading=\"lazy\" decoding=\"async\" class=\"alignleft size-thumbnail wp-image-2612\" alt=\"B-RTF-139829-00-RFC_Oberstedten-1-Kontrolle_bei_Wehrheim-WEB\" src=\"https:\/\/www.rc03-ilbenstadt.de\/wp-content\/uploads\/2013\/09\/B-RTF-139829-00-RFC_Oberstedten-1-Kontrolle_bei_Wehrheim-WEB-150x150.jpg\" width=\"150\" height=\"150\" \/><\/a><\/td>\n<td><a href=\"https:\/\/www.rc03-ilbenstadt.de\/wp-content\/uploads\/2013\/09\/B-RTF-139829-03-RFC_Oberstedten-Streckenimpressionen-WEB.jpg\" rel=\"lightbox[2620]\"><img loading=\"lazy\" decoding=\"async\" class=\"alignleft size-thumbnail wp-image-2614\" alt=\"B-RTF-139829-03-RFC_Oberstedten-Streckenimpressionen-WEB\" src=\"https:\/\/www.rc03-ilbenstadt.de\/wp-content\/uploads\/2013\/09\/B-RTF-139829-03-RFC_Oberstedten-Streckenimpressionen-WEB-150x150.jpg\" width=\"150\" height=\"150\" \/><\/a><\/td>\n<td><a href=\"https:\/\/www.rc03-ilbenstadt.de\/wp-content\/uploads\/2013\/09\/B-RTF-139829-05-RFC_Oberstedten-Streckenimpressionen-WEB.jpg\" rel=\"lightbox[2620]\"><img loading=\"lazy\" decoding=\"async\" class=\"alignleft size-thumbnail wp-image-2615\" alt=\"B-RTF-139829-05-RFC_Oberstedten-Streckenimpressionen-WEB\" src=\"https:\/\/www.rc03-ilbenstadt.de\/wp-content\/uploads\/2013\/09\/B-RTF-139829-05-RFC_Oberstedten-Streckenimpressionen-WEB-150x150.jpg\" width=\"150\" height=\"150\" \/><\/a><\/td>\n<\/tr>\n<tr>\n<td><a href=\"https:\/\/www.rc03-ilbenstadt.de\/wp-content\/uploads\/2013\/09\/B-RTF-139829-07-RFC_Oberstedten-Streckenimpressionen-WEB.jpg\" rel=\"lightbox[2620]\"><img loading=\"lazy\" decoding=\"async\" class=\"alignleft size-thumbnail wp-image-2616\" alt=\"B-RTF-139829-07-RFC_Oberstedten-Streckenimpressionen-WEB\" src=\"https:\/\/www.rc03-ilbenstadt.de\/wp-content\/uploads\/2013\/09\/B-RTF-139829-07-RFC_Oberstedten-Streckenimpressionen-WEB-150x150.jpg\" width=\"150\" height=\"150\" \/><\/a><\/td>\n<td><a href=\"https:\/\/www.rc03-ilbenstadt.de\/wp-content\/uploads\/2013\/09\/B-RTF-139829-09-RFC_Oberstedten-Streckenimpressionen-WEB.jpg\" rel=\"lightbox[2620]\"><img loading=\"lazy\" decoding=\"async\" class=\"alignleft size-thumbnail wp-image-2617\" alt=\"B-RTF-139829-09-RFC_Oberstedten-Streckenimpressionen-WEB\" src=\"https:\/\/www.rc03-ilbenstadt.de\/wp-content\/uploads\/2013\/09\/B-RTF-139829-09-RFC_Oberstedten-Streckenimpressionen-WEB-150x150.jpg\" width=\"150\" height=\"150\" \/><\/a><\/td>\n<td><a href=\"https:\/\/www.rc03-ilbenstadt.de\/wp-content\/uploads\/2013\/09\/B-RTF-139829-10-RFC_Oberstedten-Streckenimpressionen-WEB.jpg\" rel=\"lightbox[2620]\"><img loading=\"lazy\" decoding=\"async\" class=\"alignleft size-thumbnail wp-image-2618\" alt=\"B-RTF-139829-10-RFC_Oberstedten-Streckenimpressionen-WEB\" src=\"https:\/\/www.rc03-ilbenstadt.de\/wp-content\/uploads\/2013\/09\/B-RTF-139829-10-RFC_Oberstedten-Streckenimpressionen-WEB-150x150.jpg\" width=\"150\" height=\"150\" \/><\/a><\/td>\n<\/tr>\n<tr>\n<td><a href=\"https:\/\/www.rc03-ilbenstadt.de\/wp-content\/uploads\/2013\/09\/B-RTF-139829-12-RFC_Oberstedten-Streckenimpressionen-Sandplacken-WEB.jpg\" rel=\"lightbox[2620]\"><img loading=\"lazy\" decoding=\"async\" class=\"alignleft size-thumbnail wp-image-2619\" alt=\"B-RTF-139829-12-RFC_Oberstedten-Streckenimpressionen-Sandplacken-WEB\" src=\"https:\/\/www.rc03-ilbenstadt.de\/wp-content\/uploads\/2013\/09\/B-RTF-139829-12-RFC_Oberstedten-Streckenimpressionen-Sandplacken-WEB-150x150.jpg\" width=\"150\" height=\"150\" \/><\/a><\/td>\n<td><\/td>\n<td><\/td>\n<\/tr>\n<\/tbody>\n<\/table>\n","protected":false},"excerpt":{"rendered":"<p>Der RFC Oberstedten hatte zur Radtourenfahrt nach Bad Homburg zum Start bei Radsport Denfeld in der Urseler Stra\u00dfe eingeladen. Der Start war ab 08:00 Uhr m\u00f6glich. Am fr\u00fchen Morgen des gestrigen Sonntages war die Temperatur doch noch im Plusbereich. Aber &hellip; <a href=\"https:\/\/www.rc03-ilbenstadt.de\/?p=2620\">Weiterlesen <span class=\"meta-nav\">&rarr;<\/span><\/a><\/p>\n","protected":false},"author":9,"featured_media":0,"comment_status":"closed","ping_status":"closed","sticky":false,"template":"","format":"standard","meta":{"_crdt_document":"","footnotes":""},"categories":[1],"tags":[],"class_list":["post-2620","post","type-post","status-publish","format-standard","hentry","category-allgemein"],"_links":{"self":[{"href":"https:\/\/www.rc03-ilbenstadt.de\/index.php?rest_route=\/wp\/v2\/posts\/2620","targetHints":{"allow":["GET"]}}],"collection":[{"href":"https:\/\/www.rc03-ilbenstadt.de\/index.php?rest_route=\/wp\/v2\/posts"}],"about":[{"href":"https:\/\/www.rc03-ilbenstadt.de\/index.php?rest_route=\/wp\/v2\/types\/post"}],"author":[{"embeddable":true,"href":"https:\/\/www.rc03-ilbenstadt.de\/index.php?rest_route=\/wp\/v2\/users\/9"}],"replies":[{"embeddable":true,"href":"https:\/\/www.rc03-ilbenstadt.de\/index.php?rest_route=%2Fwp%2Fv2%2Fcomments&post=2620"}],"version-history":[{"count":0,"href":"https:\/\/www.rc03-ilbenstadt.de\/index.php?rest_route=\/wp\/v2\/posts\/2620\/revisions"}],"wp:attachment":[{"href":"https:\/\/www.rc03-ilbenstadt.de\/index.php?rest_route=%2Fwp%2Fv2%2Fmedia&parent=2620"}],"wp:term":[{"taxonomy":"category","embeddable":true,"href":"https:\/\/www.rc03-ilbenstadt.de\/index.php?rest_route=%2Fwp%2Fv2%2Fcategories&post=2620"},{"taxonomy":"post_tag","embeddable":true,"href":"https:\/\/www.rc03-ilbenstadt.de\/index.php?rest_route=%2Fwp%2Fv2%2Ftags&post=2620"}],"curies":[{"name":"wp","href":"https:\/\/api.w.org\/{rel}","templated":true}]}}