{"id":2636,"date":"2013-10-08T00:30:44","date_gmt":"2013-10-07T22:30:44","guid":{"rendered":"http:\/\/www.rc03-ilbenstadt.de\/?p=2636"},"modified":"2013-10-08T21:19:49","modified_gmt":"2013-10-08T19:19:49","slug":"radtourenfahrt-rtf-am-sonntag-dem-6-oktober-2013-in-niederdorfelden","status":"publish","type":"post","link":"https:\/\/www.rc03-ilbenstadt.de\/?p=2636","title":{"rendered":"Radtourenfahrt (RTF) am Sonntag, dem 6. Oktober 2013 in Niederdorfelden"},"content":{"rendered":"<div id=\"attachment_2629\" style=\"width: 160px\" class=\"wp-caption alignleft\"><a href=\"https:\/\/www.rc03-ilbenstadt.de\/wp-content\/uploads\/2013\/10\/B-RTF-131006-02-RTF_Niederdorfelden-Tourbeginn-WEB.jpg\" rel=\"lightbox[2636]\"><img loading=\"lazy\" decoding=\"async\" aria-describedby=\"caption-attachment-2629\" class=\"size-thumbnail wp-image-2629  \" style=\"margin: 5px;\" alt=\"B-RTF-131006-02-RTF_Niederdorfelden-Tourbeginn-WEB\" src=\"https:\/\/www.rc03-ilbenstadt.de\/wp-content\/uploads\/2013\/10\/B-RTF-131006-02-RTF_Niederdorfelden-Tourbeginn-WEB-150x150.jpg\" width=\"150\" height=\"150\" \/><\/a><p id=\"caption-attachment-2629\" class=\"wp-caption-text\">Ortsausgang Niederdor-<br \/>felden um 08:05 Uhr<\/p><\/div>\n<p>Die RTF-Saison ging in Hessen am Sonntag mit der Tour in Niederdorfelden f\u00fcr das Jahr 2013 zu Ende. Der RSC Sprinter 77 Niederdorfelden hatte eine sch\u00f6ne, abwechslungsreiche RTF mit drei Touren von 46, 79 und 110 Kilometern in heimischen Gefilden ausgeschildert. Die sanften H\u00fcgel der Wetterau und die ersten Wellen vor dem Vogelsberg lie\u00dfen sich gut fahren. Allein das Wetter spielte nicht ganz mit. Am Vortag und in der Nacht zum Sonntag haben ausdauernde Regenf\u00e4lle einen Gro\u00dfteil der potentiellen Teilnehmerinnen und Teilnehmer derma\u00dfen verschreckt, dass sie einen Start nicht wagten. Schade, denn<!--more--> der m\u00e4\u00dfige Regen um 08:00 Uhr lie\u00df immer weiter nach, um etwa gegen 11:30 Uhr ganz zu versiegen. Dabei waren die Temperaturen durchaus im angenehmen Bereich und in Verbindung mit einer leichten Regenschutzbekleidung kam man gut \u00fcber die Runden. Die freundlichen Helferinnen und Helfer an den Kontrollstellen haben mit uns dem Wetter getrotzt und waren \u00fcber jeden dankbar, der Getr\u00e4nkenachschub und einen kleinen Happen brauchte, bevor sie ihn mit einem Kontrollstellenstempel weiter in Richtung des Zieles ziehen lie\u00dfen, denn rund 100 Teilnehmerinnen und Teilehmer fordert eine gute Organisation nicht wirklich. Nachdem der Saisonstart im M\u00e4rz in <a title=\"Am 17.03.2013 - Niederdorfelden im Schnee\" href=\"https:\/\/www.rc03-ilbenstadt.de\/?p=1674#more-1674\" target=\"_blank\">Niederdorfelden im Schnee<\/a> erstickte, h\u00e4tte man der Mannschaft um die Fachwartin Christa Torschmied im Herbst einen goldenen Abschluss gew\u00fcnscht. Doch dieses Mal blieb er aus. Hoffen wir auf gutes Radfahrwetter im Jahr 2014 und wenn es auch einmal regnet, so geh\u00f6rt das zum Radsport. Gerade Touren, die nicht bei Sonnenschein und wohltemperierter Luft von uns gefahren werden, pr\u00e4gen sich mit ihren Wetterph\u00e4nomenen vom Regen, Schnee, starkem Wind, aber auch extremer Hitze ein und bieten f\u00fcr die Folgejahre reichlich Stoff f\u00fcr Geschichten rund ums Radfahren, die letztlich auch den Stolz auf die eigene Leistung reflektieren. Die Organisatoren, die Helferinnen und Helfer sind bei jedem Wetter gefordert und freuen sich um so mehr, wenn unser Zuspruch sich nicht nur von optimalem Wetter leiten l\u00e4sst.<\/p>\n<p>Im Wettbewerb der BDR-Vereine hatten wir dieses Mal die Nase vorn. Von 25 gemeldeten Fahrerinnen und Fahrern waren 21 am Start. Den zweiten Platz teilten sich der RV Nieder-Weisel und die Radsportler aus Offenbach-B\u00fcrgel mit je 5 Startern, der dritte Platz ging an den VC Frankfurt mit 4 regenfesten Startern. Damit konnten wir den Wanderpokal erfolgreich verteidigen. Nach den Gewinnen von 2010 und 2011 ging der Wanderpokal aus Niederdorfelden in unsern Besitz \u00fcber.<\/p>\n<p>Wir gleiten jetzt nahtlos in die CTF-Saison \u00fcber und werden am 13.10.2013 beim VC Frankfurt in Rodheim am Start vertreten sein. Dazu bieten wir einen samst\u00e4glichen Radtreff, der regelm\u00e4\u00dfig am B\u00fcrgerhaus in Ilbenstadt um 13:30 Uhr die Pedale kreisen l\u00e4sst. Erg\u00e4nzt wird das Angebot durch die ein oder andere spontan organisierte Radwanderung. Der Herbst, der Winter und das Fr\u00fchjahr bieten den Radlerinnen und Radlern nicht nur Zeit f\u00fcr Ruhe, Entspannung und Ausgleichssport, auch das Fahrrad kann mit seinen vielf\u00e4ltigen Einsatzm\u00f6glichkeiten daran Anteil haben und sei es auf der Rolle am heimischen Herd oder im Studio beim Spinning.<\/p>\n<p>Einige Imperessionen von der Niederdorfelder Tour:<\/p>\n<table border=\"0\">\n<tbody>\n<tr>\n<td><a href=\"https:\/\/www.rc03-ilbenstadt.de\/wp-content\/uploads\/2013\/10\/B-RTF-131006-03-RTF_Niederdorfelden-Kontrolle1-WEB.jpg\" rel=\"lightbox[2636]\"><img loading=\"lazy\" decoding=\"async\" class=\"alignleft size-thumbnail wp-image-2630\" alt=\"B-RTF-131006-03-RTF_Niederdorfelden-Kontrolle1-WEB\" src=\"https:\/\/www.rc03-ilbenstadt.de\/wp-content\/uploads\/2013\/10\/B-RTF-131006-03-RTF_Niederdorfelden-Kontrolle1-WEB-150x150.jpg\" width=\"150\" height=\"150\" \/><\/a><\/td>\n<td><a href=\"https:\/\/www.rc03-ilbenstadt.de\/wp-content\/uploads\/2013\/10\/B-RTF-131006-04-RTF_Niederdorfelden-Der-Startplatz-WEB.jpg\" rel=\"lightbox[2636]\"><img loading=\"lazy\" decoding=\"async\" class=\"alignleft size-thumbnail wp-image-2631\" alt=\"B-RTF-131006-04-RTF_Niederdorfelden-Der Startplatz-WEB\" src=\"https:\/\/www.rc03-ilbenstadt.de\/wp-content\/uploads\/2013\/10\/B-RTF-131006-04-RTF_Niederdorfelden-Der-Startplatz-WEB-150x150.jpg\" width=\"150\" height=\"150\" \/><\/a><\/td>\n<td><a href=\"https:\/\/www.rc03-ilbenstadt.de\/wp-content\/uploads\/2013\/10\/B-RTF-131006-05-RTF_Niederdorfelden-Start+Ziel-WEB.jpg\" rel=\"lightbox[2636]\"><img loading=\"lazy\" decoding=\"async\" class=\"alignleft size-thumbnail wp-image-2632\" alt=\"B-RTF-131006-05-RTF_Niederdorfelden-Start+Ziel-WEB\" src=\"https:\/\/www.rc03-ilbenstadt.de\/wp-content\/uploads\/2013\/10\/B-RTF-131006-05-RTF_Niederdorfelden-Start+Ziel-WEB-150x150.jpg\" width=\"150\" height=\"150\" \/><\/a><\/td>\n<\/tr>\n<tr>\n<td>Die erste Kontrolle<\/td>\n<td>Das Ziel gegen Mittag<\/td>\n<td>Start und Ziel<\/td>\n<\/tr>\n<tr>\n<td><a href=\"https:\/\/www.rc03-ilbenstadt.de\/wp-content\/uploads\/2013\/10\/B-RTF-131006-06-RTF_Niederdorfelden-Start+Ziel-WEB.jpg\" rel=\"lightbox[2636]\"><img loading=\"lazy\" decoding=\"async\" class=\"alignleft size-thumbnail wp-image-2633\" alt=\"B-RTF-131006-06-RTF_Niederdorfelden-Start+Ziel-WEB\" src=\"https:\/\/www.rc03-ilbenstadt.de\/wp-content\/uploads\/2013\/10\/B-RTF-131006-06-RTF_Niederdorfelden-Start+Ziel-WEB-150x150.jpg\" width=\"150\" height=\"150\" \/><\/a><\/td>\n<td><a href=\"https:\/\/www.rc03-ilbenstadt.de\/wp-content\/uploads\/2013\/10\/B-RTF-131006-07-RTF_Niederdorfelden-Start+Ziel-WEB.jpg\" rel=\"lightbox[2636]\"><img loading=\"lazy\" decoding=\"async\" class=\"alignleft size-thumbnail wp-image-2634\" alt=\"B-RTF-131006-07-RTF_Niederdorfelden-Start+Ziel-WEB\" src=\"https:\/\/www.rc03-ilbenstadt.de\/wp-content\/uploads\/2013\/10\/B-RTF-131006-07-RTF_Niederdorfelden-Start+Ziel-WEB-150x150.jpg\" width=\"150\" height=\"150\" \/><\/a><\/td>\n<td><a href=\"https:\/\/www.rc03-ilbenstadt.de\/wp-content\/uploads\/2013\/10\/B-RTF-131006-10-RTF_Niederdorfelden-KarinS_mit_Pokal_SC_Goldstein-WEB.jpg\" rel=\"lightbox[2636]\"><img loading=\"lazy\" decoding=\"async\" class=\"alignleft size-thumbnail wp-image-2635\" alt=\"B-RTF-131006-10-RTF_Niederdorfelden-KarinS_mit_Pokal_SC_Goldstein-WEB\" src=\"https:\/\/www.rc03-ilbenstadt.de\/wp-content\/uploads\/2013\/10\/B-RTF-131006-10-RTF_Niederdorfelden-KarinS_mit_Pokal_SC_Goldstein-WEB-150x150.jpg\" width=\"150\" height=\"150\" \/><\/a><\/td>\n<\/tr>\n<tr>\n<td><\/td>\n<td><\/td>\n<td>Karin S mit dem Pokal<br \/>\nvon der RTF beim<br \/>\nSC Goldstein<\/td>\n<\/tr>\n<\/tbody>\n<\/table>\n","protected":false},"excerpt":{"rendered":"<p>Die RTF-Saison ging in Hessen am Sonntag mit der Tour in Niederdorfelden f\u00fcr das Jahr 2013 zu Ende. Der RSC Sprinter 77 Niederdorfelden hatte eine sch\u00f6ne, abwechslungsreiche RTF mit drei Touren von 46, 79 und 110 Kilometern in heimischen Gefilden &hellip; <a href=\"https:\/\/www.rc03-ilbenstadt.de\/?p=2636\">Weiterlesen <span class=\"meta-nav\">&rarr;<\/span><\/a><\/p>\n","protected":false},"author":9,"featured_media":0,"comment_status":"closed","ping_status":"closed","sticky":false,"template":"","format":"standard","meta":{"_crdt_document":"","footnotes":""},"categories":[1],"tags":[],"class_list":["post-2636","post","type-post","status-publish","format-standard","hentry","category-allgemein"],"_links":{"self":[{"href":"https:\/\/www.rc03-ilbenstadt.de\/index.php?rest_route=\/wp\/v2\/posts\/2636","targetHints":{"allow":["GET"]}}],"collection":[{"href":"https:\/\/www.rc03-ilbenstadt.de\/index.php?rest_route=\/wp\/v2\/posts"}],"about":[{"href":"https:\/\/www.rc03-ilbenstadt.de\/index.php?rest_route=\/wp\/v2\/types\/post"}],"author":[{"embeddable":true,"href":"https:\/\/www.rc03-ilbenstadt.de\/index.php?rest_route=\/wp\/v2\/users\/9"}],"replies":[{"embeddable":true,"href":"https:\/\/www.rc03-ilbenstadt.de\/index.php?rest_route=%2Fwp%2Fv2%2Fcomments&post=2636"}],"version-history":[{"count":0,"href":"https:\/\/www.rc03-ilbenstadt.de\/index.php?rest_route=\/wp\/v2\/posts\/2636\/revisions"}],"wp:attachment":[{"href":"https:\/\/www.rc03-ilbenstadt.de\/index.php?rest_route=%2Fwp%2Fv2%2Fmedia&parent=2636"}],"wp:term":[{"taxonomy":"category","embeddable":true,"href":"https:\/\/www.rc03-ilbenstadt.de\/index.php?rest_route=%2Fwp%2Fv2%2Fcategories&post=2636"},{"taxonomy":"post_tag","embeddable":true,"href":"https:\/\/www.rc03-ilbenstadt.de\/index.php?rest_route=%2Fwp%2Fv2%2Ftags&post=2636"}],"curies":[{"name":"wp","href":"https:\/\/api.w.org\/{rel}","templated":true}]}}