{"id":2656,"date":"2013-10-11T12:35:13","date_gmt":"2013-10-11T10:35:13","guid":{"rendered":"http:\/\/www.rc03-ilbenstadt.de\/?p=2656"},"modified":"2013-10-12T21:39:03","modified_gmt":"2013-10-12T19:39:03","slug":"diamantene-hochzeit-von-doris-und-theobald-hof","status":"publish","type":"post","link":"https:\/\/www.rc03-ilbenstadt.de\/?p=2656","title":{"rendered":"Diamantene Hochzeit von Doris und Theobald Hof"},"content":{"rendered":"<div id=\"attachment_2659\" style=\"width: 160px\" class=\"wp-caption alignleft\"><a href=\"https:\/\/www.rc03-ilbenstadt.de\/wp-content\/uploads\/2013\/10\/B-RC03-Jubil\u00e4en-131010-01-Hof-Diamantene_Hochzeit-WEB.jpg\" rel=\"lightbox[2656]\"><img loading=\"lazy\" decoding=\"async\" aria-describedby=\"caption-attachment-2659\" class=\"size-thumbnail wp-image-2659 \" style=\"margin: 5px;\" alt=\"Doris und Theobald Hof Foto: Dieter Westerwald\" src=\"https:\/\/www.rc03-ilbenstadt.de\/wp-content\/uploads\/2013\/10\/B-RC03-Jubil\u00e4en-131010-01-Hof-Diamantene_Hochzeit-WEB-150x150.jpg\" width=\"150\" height=\"150\" \/><\/a><p id=\"caption-attachment-2659\" class=\"wp-caption-text\">Doris und Theo Hof<br \/>Foto: Dieter Westerwald<\/p><\/div>\n<p>Theo, seit 1949 Mitglied im RC 03 Ilbenstadt und \u00fcber ein halbes Jahrhundert im Vorstand t\u00e4tig, davon \u00fcberwiegend in der Verantwortung als 1. Vorsitzender, hat auch in der Ehe mit Doris \u00fcber eine lange Zeit die Beziehung gepflegt; mit gegenseitiger Toleranz, Verst\u00e4ndnis und gemeinsamer Arbeit sind H\u00f6hen und Tiefen \u00fcberwunden worden, so dass bis heute eine stabile Beziehung besteht.<\/p>\n<p>Am 10. Oktober haben Doris und Theo ihren 60. Hochzeitstag, die Diamantene Hochzeit, in Ilbenstadt gefeiert. Helmut H\u00f6rnis hat die beiden in seinem repr\u00e4sentativen<!--more--> roten Oldtimer der Marke Chevrolet, der 1941 in den USA das Licht der Welt erblickte, zum Dankgottesdienst in die Ilbenst\u00e4dter Basilika gefahren. Pfarrer Knedelhans zog in seiner Predigt den Vergleich mit dem unl\u00e4ngst gefeierten Erntedankfest und dem langen Eheleben von Doris und Theo, dem Erarbeiten des Erfolges, zu dem Durststrecken zur\u00fcckzulegen, aber auch R\u00fcckschl\u00e4ge einzustecken waren, bis dass die &#8222;Ernte&#8220; eingefahren werden konnte.<\/p>\n<p>Danach war zu Kaffee und Kuchen geladen bevor die Feier im Familien- und Freundeskreis im B\u00fcrgerhaus Ilbenstadt mit musikalischer Umrahmung sowie unterhaltsamen Liedbeitr\u00e4gen durch die S\u00e4ngergemeinschaft Heimatliebe begann. Doris und Theo verlebten mit ihren G\u00e4sten einen harmonischen Abend und sind so in das siebte Jahrzehnt ihres Ehelebens eingetreten. Wir gartulieren an dieser Stelle herzlich und w\u00fcnschen f\u00fcr die Zukunft alles Gute.<\/p>\n<p>Link zur <a title=\"Bericht der WZ zur Diamantenen Hochzeit von Doris und Theo Hof\" href=\"http:\/\/www.wetterauer-zeitung.de\/Home\/Kreis\/Staedte-und-Gemeinden\/Niddatal\/Artikel,-Theobald-und-Doris-Hof-Immer-auf-Achse-_arid,451484_regid,3_puid,1_pageid,84.html\" target=\"_blank\">Wetterauer Zeitung<\/a> vom 10.10.2013<\/p>\n","protected":false},"excerpt":{"rendered":"<p>Theo, seit 1949 Mitglied im RC 03 Ilbenstadt und \u00fcber ein halbes Jahrhundert im Vorstand t\u00e4tig, davon \u00fcberwiegend in der Verantwortung als 1. Vorsitzender, hat auch in der Ehe mit Doris \u00fcber eine lange Zeit die Beziehung gepflegt; mit gegenseitiger &hellip; <a href=\"https:\/\/www.rc03-ilbenstadt.de\/?p=2656\">Weiterlesen <span class=\"meta-nav\">&rarr;<\/span><\/a><\/p>\n","protected":false},"author":9,"featured_media":0,"comment_status":"closed","ping_status":"closed","sticky":false,"template":"","format":"standard","meta":{"_crdt_document":"","footnotes":""},"categories":[1],"tags":[],"class_list":["post-2656","post","type-post","status-publish","format-standard","hentry","category-allgemein"],"_links":{"self":[{"href":"https:\/\/www.rc03-ilbenstadt.de\/index.php?rest_route=\/wp\/v2\/posts\/2656","targetHints":{"allow":["GET"]}}],"collection":[{"href":"https:\/\/www.rc03-ilbenstadt.de\/index.php?rest_route=\/wp\/v2\/posts"}],"about":[{"href":"https:\/\/www.rc03-ilbenstadt.de\/index.php?rest_route=\/wp\/v2\/types\/post"}],"author":[{"embeddable":true,"href":"https:\/\/www.rc03-ilbenstadt.de\/index.php?rest_route=\/wp\/v2\/users\/9"}],"replies":[{"embeddable":true,"href":"https:\/\/www.rc03-ilbenstadt.de\/index.php?rest_route=%2Fwp%2Fv2%2Fcomments&post=2656"}],"version-history":[{"count":0,"href":"https:\/\/www.rc03-ilbenstadt.de\/index.php?rest_route=\/wp\/v2\/posts\/2656\/revisions"}],"wp:attachment":[{"href":"https:\/\/www.rc03-ilbenstadt.de\/index.php?rest_route=%2Fwp%2Fv2%2Fmedia&parent=2656"}],"wp:term":[{"taxonomy":"category","embeddable":true,"href":"https:\/\/www.rc03-ilbenstadt.de\/index.php?rest_route=%2Fwp%2Fv2%2Fcategories&post=2656"},{"taxonomy":"post_tag","embeddable":true,"href":"https:\/\/www.rc03-ilbenstadt.de\/index.php?rest_route=%2Fwp%2Fv2%2Ftags&post=2656"}],"curies":[{"name":"wp","href":"https:\/\/api.w.org\/{rel}","templated":true}]}}