{"id":2665,"date":"2013-10-15T16:26:59","date_gmt":"2013-10-15T14:26:59","guid":{"rendered":"http:\/\/www.rc03-ilbenstadt.de\/?p=2665"},"modified":"2013-10-16T23:14:47","modified_gmt":"2013-10-16T21:14:47","slug":"country-touren-fahrt-ctf-des-vc-frankfurt-in-rodheim-am-sonntag-dem-13-oktober-2013","status":"publish","type":"post","link":"https:\/\/www.rc03-ilbenstadt.de\/?p=2665","title":{"rendered":"Country-Touren-Fahrt (CTF) des VC Frankfurt in Rodheim am Sonntag, dem 13. Oktober 2013"},"content":{"rendered":"<div id=\"attachment_2669\" style=\"width: 160px\" class=\"wp-caption alignleft\"><a href=\"https:\/\/www.rc03-ilbenstadt.de\/wp-content\/uploads\/2013\/10\/B-CTF-131013-04-VC_Frankfurt_Rodheim-Strecke-WEB.jpg\" rel=\"lightbox[2665]\"><img loading=\"lazy\" decoding=\"async\" aria-describedby=\"caption-attachment-2669\" class=\"size-thumbnail wp-image-2669\" style=\"margin: 5px;\" alt=\"B-CTF-131013-04-VC_Frankfurt_Rodheim-Strecke-WEB\" src=\"https:\/\/www.rc03-ilbenstadt.de\/wp-content\/uploads\/2013\/10\/B-CTF-131013-04-VC_Frankfurt_Rodheim-Strecke-WEB-150x150.jpg\" width=\"150\" height=\"150\" \/><\/a><p id=\"caption-attachment-2669\" class=\"wp-caption-text\">In der Wintersteinregion<\/p><\/div>\n<p>Nachdem die RTF-Saison mit den Touren beim RSC Sprinter 77 in Niederdorfelden 2013 geendet hat, k\u00f6nnen wir wieder einen Schwerpunkt auf die ausgeschriebenen CTF, aber auch auf die Ausfahrten mit dem Radtreff an Samstagen um 13:30 Uhr am B\u00fcrgerhaus in Ilbenstadt oder auf kurzfristig vereinbarte Ausfahrten legen.<br \/>\nEinige haben am vergangenen Sonntag bereits die CTF-Luft in Rodheim geschnuppert. Hier hatte der VC Frankfurt bei gutem Wetter zwei Touren von 54 und 32 Kilometern angeboten. Des Morgens ging es bei gepflegten 4 Plusgraden<!--more--> auf die Strecke. Die Kleidung musste noch nicht vollst\u00e4ndig auf winterliche Verh\u00e4ltnisse ausgerichtet werden, denn die kommenden H\u00fcgel w\u00fcrden dem W\u00e4rmehaushalt schon Wohlf\u00fchltemperaturen bescheren.\u00a0 Nach dem Start nahmen wir zun\u00e4chst die Wirtschaftswege der Wetterau unter die R\u00e4der. Dabei waren Betonwege, aber auch erdfeste, grasbewachsene Wege, die mich an den Rand der Traktion und der Steuerkunst brachten, da ich unverdrossen auf Slicks bei meinem Querfeldeinrad gesetzt hatte. Gl\u00fccklicherweise war das Gel\u00e4uf hinter Rosbach wieder griffig, so dass die Schwierigkeiten im weiteren Tourverlauf nicht mehr auftraten. Kurz hinter Rosbach waren Pfeile Fehlanzeige. Nach einem Bericht von &#8222;Tr&#8220; auf <a href=\"http:\/\/www.mmbici.de\">www.mmbici.de<\/a> hat hier &#8222;irgendein Bauer&#8220; die Beschilderung mit seinem Traktor verdeckt und die auff\u00e4lligen Markierungen auf dem Boden waren entfernt. Dies brachte kurzfristig Verwirrung im Teilnehmerfeld aber auch eine angeregte Kommunikation kam in Gang und nach kurzer Zeit befanden wir uns wieder auf dem richtigen Pfad und \u00fcberquerten \u00fcber eine Br\u00fccke die BAB A5. Das Gel\u00e4nde \u00fcber den Winterstein und weiter in Richtung Wehrheim war abwechslungsreich und sch\u00f6n. In der Wintersteinregion empfing uns leichter Nebel im Wald, der die Ger\u00e4usche d\u00e4mpfte und der im Zusammenspiel mit der einbrechenden Sonne hier und da f\u00fcr stimmungsvolle Bilder sorgte.<br \/>\nManche Pfeile waren kurz vor Abzweigungen auf den Boden gespr\u00fcht und lie\u00dfen uns aufmerksam werden, nachdem, insbesondere auf abfallenden Strecken, gerade noch rechtzeitig das Rad zum Abbiegen gebremst werden konnte. Auch wenn man nicht mehr rechtzeitig die richtige Abbiegegegeschwindigkeit erreichte, tat das dem dem Spa\u00df keinen Abbruch. An zwei Kontrollstellen wurden wir gut verpflegt und der Getr\u00e4nkenachschub war gesichert.<br \/>\nAuch am Start und Ziel hatte der VC Frankfurt Sorge f\u00fcr das leibliche Wohl getragen und hielt auch zwei Wasserschl\u00e4uche zur Fahrradreinigung bereit. Unser Dank geht an die Helferinnen und Helfer f\u00fcr die gelungene Tour.<\/p>\n<p>Am n\u00e4chsten Sonntag, dem 20. Oktober 2013 geht es dann beim <a title=\"CTF am 20.10.2013 in Oberstedten\" href=\"http:\/\/rfc-oberstedten.de\/\" target=\"_blank\">RFC Oberstedten<\/a> zur n\u00e4chsten CTF, die uns noch etwas tiefer in den Taunus f\u00fchrt.<\/p>\n<p>Einige Impressionen von der Strecke:<\/p>\n<table border=\"0\">\n<tbody>\n<tr>\n<td><a href=\"https:\/\/www.rc03-ilbenstadt.de\/wp-content\/uploads\/2013\/10\/B-CTF-131013-01-VC_Frankfurt_Rodheim-Strecke-WEB.jpg\" rel=\"lightbox[2665]\"><img loading=\"lazy\" decoding=\"async\" class=\"alignleft size-thumbnail wp-image-2666\" alt=\"B-CTF-131013-01-VC_Frankfurt_Rodheim-Strecke-WEB\" src=\"https:\/\/www.rc03-ilbenstadt.de\/wp-content\/uploads\/2013\/10\/B-CTF-131013-01-VC_Frankfurt_Rodheim-Strecke-WEB-150x150.jpg\" width=\"150\" height=\"150\" \/><\/a><\/td>\n<td><a href=\"https:\/\/www.rc03-ilbenstadt.de\/wp-content\/uploads\/2013\/10\/B-CTF-131013-02-VC_Frankfurt_Rodheim-Strecke-WEB.jpg\" rel=\"lightbox[2665]\"><img loading=\"lazy\" decoding=\"async\" class=\"alignleft size-thumbnail wp-image-2667\" alt=\"B-CTF-131013-02-VC_Frankfurt_Rodheim-Strecke-WEB\" src=\"https:\/\/www.rc03-ilbenstadt.de\/wp-content\/uploads\/2013\/10\/B-CTF-131013-02-VC_Frankfurt_Rodheim-Strecke-WEB-150x150.jpg\" width=\"150\" height=\"150\" \/><\/a><\/td>\n<td><a href=\"https:\/\/www.rc03-ilbenstadt.de\/wp-content\/uploads\/2013\/10\/B-CTF-131013-03-VC_Frankfurt_Rodheim-Strecke-WEB.jpg\" rel=\"lightbox[2665]\"><img loading=\"lazy\" decoding=\"async\" class=\"alignleft size-thumbnail wp-image-2668\" alt=\"B-CTF-131013-03-VC_Frankfurt_Rodheim-Strecke-WEB\" src=\"https:\/\/www.rc03-ilbenstadt.de\/wp-content\/uploads\/2013\/10\/B-CTF-131013-03-VC_Frankfurt_Rodheim-Strecke-WEB-150x150.jpg\" width=\"150\" height=\"150\" \/><\/a><\/td>\n<\/tr>\n<tr>\n<td><a href=\"https:\/\/www.rc03-ilbenstadt.de\/wp-content\/uploads\/2013\/10\/B-CTF-131013-07-VC_Frankfurt_Rodheim-Strecke-WEB.jpg\" rel=\"lightbox[2665]\"><img loading=\"lazy\" decoding=\"async\" class=\"alignleft size-thumbnail wp-image-2671\" alt=\"B-CTF-131013-07-VC_Frankfurt_Rodheim-Strecke-WEB\" src=\"https:\/\/www.rc03-ilbenstadt.de\/wp-content\/uploads\/2013\/10\/B-CTF-131013-07-VC_Frankfurt_Rodheim-Strecke-WEB-150x150.jpg\" width=\"150\" height=\"150\" \/><\/a><\/td>\n<td><a href=\"https:\/\/www.rc03-ilbenstadt.de\/wp-content\/uploads\/2013\/10\/B-CTF-131013-08-VC_Frankfurt_Rodheim-Strecke-WEB.jpg\" rel=\"lightbox[2665]\"><img loading=\"lazy\" decoding=\"async\" class=\"alignleft size-thumbnail wp-image-2672\" alt=\"B-CTF-131013-08-VC_Frankfurt_Rodheim-Strecke-WEB\" src=\"https:\/\/www.rc03-ilbenstadt.de\/wp-content\/uploads\/2013\/10\/B-CTF-131013-08-VC_Frankfurt_Rodheim-Strecke-WEB-150x150.jpg\" width=\"150\" height=\"150\" \/><\/a><\/td>\n<td><a href=\"https:\/\/www.rc03-ilbenstadt.de\/wp-content\/uploads\/2013\/10\/B-CTF-131013-09-VC_Frankfurt_Rodheim-Strecke-WEB.jpg\" rel=\"lightbox[2665]\"><img loading=\"lazy\" decoding=\"async\" class=\"alignleft size-thumbnail wp-image-2673\" alt=\"B-CTF-131013-09-VC_Frankfurt_Rodheim-Strecke-WEB\" src=\"https:\/\/www.rc03-ilbenstadt.de\/wp-content\/uploads\/2013\/10\/B-CTF-131013-09-VC_Frankfurt_Rodheim-Strecke-WEB-150x150.jpg\" width=\"150\" height=\"150\" \/><\/a><\/td>\n<\/tr>\n<\/tbody>\n<\/table>\n<p>&nbsp;<\/p>\n<p>&nbsp;<\/p>\n","protected":false},"excerpt":{"rendered":"<p>Nachdem die RTF-Saison mit den Touren beim RSC Sprinter 77 in Niederdorfelden 2013 geendet hat, k\u00f6nnen wir wieder einen Schwerpunkt auf die ausgeschriebenen CTF, aber auch auf die Ausfahrten mit dem Radtreff an Samstagen um 13:30 Uhr am B\u00fcrgerhaus in &hellip; <a href=\"https:\/\/www.rc03-ilbenstadt.de\/?p=2665\">Weiterlesen <span class=\"meta-nav\">&rarr;<\/span><\/a><\/p>\n","protected":false},"author":9,"featured_media":0,"comment_status":"closed","ping_status":"closed","sticky":false,"template":"","format":"standard","meta":{"_crdt_document":"","footnotes":""},"categories":[1],"tags":[],"class_list":["post-2665","post","type-post","status-publish","format-standard","hentry","category-allgemein"],"_links":{"self":[{"href":"https:\/\/www.rc03-ilbenstadt.de\/index.php?rest_route=\/wp\/v2\/posts\/2665","targetHints":{"allow":["GET"]}}],"collection":[{"href":"https:\/\/www.rc03-ilbenstadt.de\/index.php?rest_route=\/wp\/v2\/posts"}],"about":[{"href":"https:\/\/www.rc03-ilbenstadt.de\/index.php?rest_route=\/wp\/v2\/types\/post"}],"author":[{"embeddable":true,"href":"https:\/\/www.rc03-ilbenstadt.de\/index.php?rest_route=\/wp\/v2\/users\/9"}],"replies":[{"embeddable":true,"href":"https:\/\/www.rc03-ilbenstadt.de\/index.php?rest_route=%2Fwp%2Fv2%2Fcomments&post=2665"}],"version-history":[{"count":0,"href":"https:\/\/www.rc03-ilbenstadt.de\/index.php?rest_route=\/wp\/v2\/posts\/2665\/revisions"}],"wp:attachment":[{"href":"https:\/\/www.rc03-ilbenstadt.de\/index.php?rest_route=%2Fwp%2Fv2%2Fmedia&parent=2665"}],"wp:term":[{"taxonomy":"category","embeddable":true,"href":"https:\/\/www.rc03-ilbenstadt.de\/index.php?rest_route=%2Fwp%2Fv2%2Fcategories&post=2665"},{"taxonomy":"post_tag","embeddable":true,"href":"https:\/\/www.rc03-ilbenstadt.de\/index.php?rest_route=%2Fwp%2Fv2%2Ftags&post=2665"}],"curies":[{"name":"wp","href":"https:\/\/api.w.org\/{rel}","templated":true}]}}