{"id":2704,"date":"2013-11-08T12:20:11","date_gmt":"2013-11-08T11:20:11","guid":{"rendered":"http:\/\/www.rc03-ilbenstadt.de\/?p=2704"},"modified":"2013-11-08T14:02:16","modified_gmt":"2013-11-08T13:02:16","slug":"saisonabschlussfeier-am-9-november-2013","status":"publish","type":"post","link":"https:\/\/www.rc03-ilbenstadt.de\/?p=2704","title":{"rendered":"Saisonabschlussfeier am 9. November 2013"},"content":{"rendered":"<p>Am Samstag beginnt unsere Saisonabschlussfeier um 19:30 Uhr mit einem Sektempfang. Mitglieder und Freunde des Vereins sind herzlich eingeladen. Die Feierlichkeiten werden von Markus Keil musikalisch umrahmt. Helmut R\u00fchl wird durch den Abend f\u00fchren, dessen H\u00f6hepunkte die Ehrung unserer Sportlerinnen und Sportler f\u00fcr die gezeigten Leistungen im Radtourenfahren und im Radwandern sind. Dazwischen erleben wir die Auftritte des Gesangvereins Heimatliebe und der Hai-Lights, eine junge Tanzgruppe des Turnvereins Ilbenstadt.<\/p>\n<p>Wir erwarten unsere Mitglieder und G\u00e4ste im liebevoll dekorierten und mit angepasster Beleuchtung gem\u00fctlich gestalteten B\u00fcrgerhaus in Ilbenstadt zu einem sch\u00f6nen Abend, der neben den Ehrungen unserer Sportlerinnen und Sportler Unterhaltung, viel Raum f\u00fcr pers\u00f6nliche Gespr\u00e4che rund um den Radsport und vielem mehr bietet.<\/p>\n<p>Wir freuen uns an diesem Abend auch die Mitglieder und G\u00e4ste der Bundes-Ehren-Gilde aus dem Kreis Mittelhessen zu unserer Saisonabschlussfeier begr\u00fc\u00dfen zu d\u00fcrfen.<\/p>\n","protected":false},"excerpt":{"rendered":"<p>Am Samstag beginnt unsere Saisonabschlussfeier um 19:30 Uhr mit einem Sektempfang. Mitglieder und Freunde des Vereins sind herzlich eingeladen. Die Feierlichkeiten werden von Markus Keil musikalisch umrahmt. Helmut R\u00fchl wird durch den Abend f\u00fchren, dessen H\u00f6hepunkte die Ehrung unserer Sportlerinnen &hellip; <a href=\"https:\/\/www.rc03-ilbenstadt.de\/?p=2704\">Weiterlesen <span class=\"meta-nav\">&rarr;<\/span><\/a><\/p>\n","protected":false},"author":9,"featured_media":0,"comment_status":"closed","ping_status":"closed","sticky":false,"template":"","format":"standard","meta":{"_crdt_document":"","footnotes":""},"categories":[1],"tags":[],"class_list":["post-2704","post","type-post","status-publish","format-standard","hentry","category-allgemein"],"_links":{"self":[{"href":"https:\/\/www.rc03-ilbenstadt.de\/index.php?rest_route=\/wp\/v2\/posts\/2704","targetHints":{"allow":["GET"]}}],"collection":[{"href":"https:\/\/www.rc03-ilbenstadt.de\/index.php?rest_route=\/wp\/v2\/posts"}],"about":[{"href":"https:\/\/www.rc03-ilbenstadt.de\/index.php?rest_route=\/wp\/v2\/types\/post"}],"author":[{"embeddable":true,"href":"https:\/\/www.rc03-ilbenstadt.de\/index.php?rest_route=\/wp\/v2\/users\/9"}],"replies":[{"embeddable":true,"href":"https:\/\/www.rc03-ilbenstadt.de\/index.php?rest_route=%2Fwp%2Fv2%2Fcomments&post=2704"}],"version-history":[{"count":0,"href":"https:\/\/www.rc03-ilbenstadt.de\/index.php?rest_route=\/wp\/v2\/posts\/2704\/revisions"}],"wp:attachment":[{"href":"https:\/\/www.rc03-ilbenstadt.de\/index.php?rest_route=%2Fwp%2Fv2%2Fmedia&parent=2704"}],"wp:term":[{"taxonomy":"category","embeddable":true,"href":"https:\/\/www.rc03-ilbenstadt.de\/index.php?rest_route=%2Fwp%2Fv2%2Fcategories&post=2704"},{"taxonomy":"post_tag","embeddable":true,"href":"https:\/\/www.rc03-ilbenstadt.de\/index.php?rest_route=%2Fwp%2Fv2%2Ftags&post=2704"}],"curies":[{"name":"wp","href":"https:\/\/api.w.org\/{rel}","templated":true}]}}