{"id":2735,"date":"2013-11-13T04:03:23","date_gmt":"2013-11-13T03:03:23","guid":{"rendered":"http:\/\/www.rc03-ilbenstadt.de\/?p=2735"},"modified":"2013-11-13T12:38:49","modified_gmt":"2013-11-13T11:38:49","slug":"der-rc-03-ilbenstadt-beendet-feierlich-die-radsportsaison-2013-mit-der-sportlerehrung","status":"publish","type":"post","link":"https:\/\/www.rc03-ilbenstadt.de\/?p=2735","title":{"rendered":"Der RC 03 Ilbenstadt beendet feierlich die Radsportsaison 2013 mit der Sportlerehrung"},"content":{"rendered":"<div id=\"attachment_2720\" style=\"width: 160px\" class=\"wp-caption alignleft\"><a href=\"https:\/\/www.rc03-ilbenstadt.de\/wp-content\/uploads\/2013\/11\/B-RC03-131109-13-Saisonabschluss-Ehrung_RTF_Damen-WEB.jpg\" rel=\"lightbox[2735]\"><img loading=\"lazy\" decoding=\"async\" aria-describedby=\"caption-attachment-2720\" class=\"size-thumbnail wp-image-2720  \" style=\"margin: 5px;\" alt=\"Die Vereinsmeisterinnen im Radtourenfahren: Karin Schuster, Inge Wiesk\u00e4mper und Inge Schr\u00f6der\" src=\"https:\/\/www.rc03-ilbenstadt.de\/wp-content\/uploads\/2013\/11\/B-RC03-131109-13-Saisonabschluss-Ehrung_RTF_Damen-WEB-150x150.jpg\" width=\"150\" height=\"150\" \/><\/a><p id=\"caption-attachment-2720\" class=\"wp-caption-text\">Vereinsmeisterinnen im Radtourenfahren: Karin Schuster, Inge Wiesk\u00e4mper und Inge Schr\u00f6der<\/p><\/div>\n<p>F\u00fcr unsere Mitglieder und Freunde begann der feierliche Saisonabschluss mit einem Sektempfang, bevor man in den liebevoll geschm\u00fcckten und in stimmungsvolles Licht getauchten Saal des B\u00fcrgerhauses Ilbenstadt ging. F\u00fcr die Programm- und Saalgestaltung ist dem Vorstand unter der Leitung von Christine und Peter Volk zu danken.<br \/>\nDer Vorsitzende Wilhelm Schr\u00f6der begr\u00fc\u00dfte Mitglieder und G\u00e4ste, darunter Herrn B\u00fcrgermeister Dr. Hertel mit Gattin, die Vorsitzenden Herwig Lauerer vom TV Ilbenstadt, Helmut Purr vom VdK und Manfred Steidl vom Ortskartell. Eine besondere Freude stellte die Teilnahme der Bundesehrengilde im Bund Deutscher Radfahrer aus dem Bereich Mittelhessen dar, deren Obmann Herbert Bender sich mit einem Gru\u00dfwort<!--more--> an die Radlergemeinde wandte. Helmut Purr \u00fcberbrachte die Gr\u00fc\u00dfe unseres erkrankten Ehrenvorsitzenden Theobald Hof.<\/p>\n<p>Markus Keil sorgte f\u00fcr einen schwungvollen musikalischen Rahmen, in dem das Programm des Abends kurzweilig eingebettet wurde. Der Obbornhofener Kunstradfahrer Helmut R\u00fchl, dessen Talente nicht nur auf das Einrad beschr\u00e4nkt sind, moderierte den Abend und unterhielt uns mit Sketchen, in denen ausgew\u00e4hlte Frauen und M\u00e4nner des Publikums die Hauptrollen ausf\u00fcllen mussten.<\/p>\n<p>Unter Leitung von Alfons J\u00f6rg Hutter brachten die stimmgewaltigen Herren des Gesangsvereins Heimatliebe einen kleinen Liederreigen vom Ave Maria der Berge bis hin zur Aussage, dass man nicht immer siebzehn sein kann. Sieben Mitglieder des RC 03 sind in der Heimatliebe aktiv und entlockten Helmut R\u00fchl den Ausspruch, dass die Luft noch zum Singen reicht, wenn das Radfahren nicht mehr m\u00f6glich ist.<br \/>\nMarkus Keil setzte dann einen gesanglichen Kontrapunkt und musste bald dem Sketch \u00fcber einen Kauf von 100 Eiern weichen, der von Schiftf\u00fchrerin Christine Volk und Helmut R\u00fchl v\u00f6llig neue Z\u00e4hlweisen von 1 bis 100 abverlangte, die nicht nur die gekauften Eier stark reduzierten, sondern auch die Sketchl\u00e4nge.<\/p>\n<p>Vor den Ehrungen der Radsportlerinnen und Radsportler zogen die Hai-Lights des TV Ilbenstadt mit einem burlesken Tanz die Gesellschaft in ihren Bann. Die jungen T\u00e4nzerinnen mit ihrer Trainerin Jennifer Arnold begeisterten und durften nur mit einer Zugabe die B\u00fchne r\u00e4umen.<\/p>\n<p>Wilhelm Schr\u00f6der und Michael Hammann w\u00fcrdigten die in der Saison 2013 gezeigten Leistungen. Radsport ist regelm\u00e4\u00dfig dem Wetter ausgesetzt und nicht nur der Saisonbeginn im M\u00e4rz war von K\u00e4lte, Regen und Wind gepr\u00e4gt. Die Tour in Niederdorfelden war von ergiebigen Schneef\u00e4llen begleitet und nur wenige hatten sich auf das Rad geschwungen. In der Jahresmitte hat der Sommer doch noch angenehme Radfahrbedingungen gebracht. Vor diesem Hintergrund sind die 2013 erbrachten Leistungen zu w\u00fcrdigen.<\/p>\n<p>Im Radwandern, das weitgehend abseits des Stra\u00dfenverkehrs stattfindet und den Blick f\u00fcr die Sch\u00f6nheiten der Wetterau \u00f6ffnet, war Romana Bopp mit 995 Kilometern Vereinsmeisterin 2013. In der Herrenklasse lag Richard Gerhardt mit 1088 Kilometern vorn, gefolgt von Lutz Delling und Hans Sch\u00f6niger.<\/p>\n<p>Nach einer kurzen Gesangseinlage von Markus Keil und einem Sketch von Claire Herbert und Helmut R\u00fchl \u00fcber die Schwierigkeiten der Berliner Agrarb\u00fcrokratie mit findigen Kartoffelbauern, die Pommes frites, Bratkartoffeln und mehr unmittelbar vom Acker holen, ging es in die n\u00e4chste Ehrungsrunde.<\/p>\n<p>In der Damenklasse des Radtourenfahrens (RTF) hat Karin Schuster mit 1272 Kilometern als Vereinsmeisterin die Nase vorn. Auf den Pl\u00e4tzen folgten Inge Wiesk\u00e4mper, Inge Schr\u00f6der, Elvira Dinges, Hannelore Ziegler und Hanne Schwetas. Elvira Dinges hat zwar mit 1966 Kilometern, die gr\u00f6\u00dfte Strecke unter die R\u00e4der genommen, konnte aber wegen der Besonderheiten der Vereinsmeisterschaft die Zusatzpunkte bei Bezirksfahrten und Arbeitseins\u00e4tzen in der Veranstaltung eigener Radtourenfahrten vorsieht, nicht den Wettbewerb f\u00fcr sich entscheiden.<\/p>\n<p>Vor der Ehrung der Herrenklasse im Radtourenfahren (RTF) gab es Musik und wieder einen Sketch von Helmut R\u00fchl, der mit K\u00f6nig, ergebener K\u00f6nigin, der liebreizenden Prinzessin und einem feurigen Herzog in ein Drama zog, das mit dem Tod alller Beteiligten endete. Lediglich die \u201cRequisite\u201d Christine Volk \u00fcberlebte. Eine v\u00f6llig neue Wirkung erfuhr das St\u00fcck durch die fehlende Lesebrille des Herzogs, der zur Freude des Publikums seine Feurigkeit durch die zusammengekniffenen Augen unerwartet interpretierte.<\/p>\n<p>In der Herrenklasse des Radtourenfahrens unter 60 Jahren belegte Dieter Herbert mit 2046 Kilometern den ersten Platz, gefolgt von Burkhard Kling, Kurt L\u00f6chner, J\u00fcrgen Gr\u00fcnwald, Erwin H\u00fcttl, Oliver Witt, Michael Hammann und Ottmar van Steen. Die Herren \u00fcber 60 Jahren waren dann wieder eine Klasse f\u00fcr sich und legten die Messlatte deutlich h\u00f6her. Werner Behm wurde hier Vereinsmeister mit dem h\u00f6chsten Punktestand und 3439 Kilometern und verwies seine Mitstreiter Giovanni DiRosa, Karl Schneeberger, Klaus Hochstadt, Werner Stahl, Wilhelm Schr\u00f6der, Herbert Lothar und Reinhold Wiesk\u00e4mer nur knapp auf die Pl\u00e4tze. Es ging in der Spitze eng zu und die Reihenfolge wurde auch hier durch den Meisterschaftsmodus \u00fcber die Punktwerte und nicht immer \u00fcber die Kilometerleistung entschieden.<\/p>\n<p>Markus Keil beschloss die Feier mit flotter Musik. Die Radsportgemeinde wurde in die n\u00e4chste Saison entlassen.<\/p>\n<table border=\"0\">\n<tbody>\n<tr>\n<td><a href=\"https:\/\/www.rc03-ilbenstadt.de\/wp-content\/uploads\/2013\/11\/B-RC03-131109-40-Saisonabschluss-Ehrung_RTF_Herren-ueber60-WEB.jpg\" rel=\"lightbox[2735]\"><img loading=\"lazy\" decoding=\"async\" class=\"alignleft size-thumbnail wp-image-2733\" alt=\"B-RC03-131109-40-Saisonabschluss-Ehrung_RTF_Herren-ueber60-WEB\" src=\"https:\/\/www.rc03-ilbenstadt.de\/wp-content\/uploads\/2013\/11\/B-RC03-131109-40-Saisonabschluss-Ehrung_RTF_Herren-ueber60-WEB-150x150.jpg\" width=\"150\" height=\"150\" \/><\/a><\/td>\n<td><a href=\"https:\/\/www.rc03-ilbenstadt.de\/wp-content\/uploads\/2013\/11\/B-RC03-131109-37-Saisonabschluss-Ehrung_RTF_Herren-u60-WEB.jpg\" rel=\"lightbox[2735]\"><img loading=\"lazy\" decoding=\"async\" class=\"alignleft size-thumbnail wp-image-2732\" alt=\"B-RC03-131109-37-Saisonabschluss-Ehrung_RTF_Herren-u60-WEB\" src=\"https:\/\/www.rc03-ilbenstadt.de\/wp-content\/uploads\/2013\/11\/B-RC03-131109-37-Saisonabschluss-Ehrung_RTF_Herren-u60-WEB-150x150.jpg\" width=\"150\" height=\"150\" \/><\/a><\/td>\n<td><a href=\"https:\/\/www.rc03-ilbenstadt.de\/wp-content\/uploads\/2013\/11\/B-RC03-131109-12-Saisonabschluss-Ehrung_RW-WEB.jpg\" rel=\"lightbox[2735]\"><img loading=\"lazy\" decoding=\"async\" class=\"alignleft size-thumbnail wp-image-2745\" alt=\"B-RC03-131109-12-Saisonabschluss-Ehrung_RW-WEB\" src=\"https:\/\/www.rc03-ilbenstadt.de\/wp-content\/uploads\/2013\/11\/B-RC03-131109-12-Saisonabschluss-Ehrung_RW-WEB-150x150.jpg\" width=\"150\" height=\"150\" \/><\/a><\/td>\n<\/tr>\n<tr>\n<td valign=\"top\">Vereinsmeister im Rad-<br \/>\ntourenfahren \u00fcber 60<\/td>\n<td valign=\"top\">Vereinsmeister im Rad-<br \/>\ntourenfahren unter 60<\/td>\n<td>Vereinsmeisterin und<br \/>\nVereinsmeister im Rad-<br \/>\nwandern<\/td>\n<\/tr>\n<tr>\n<td>\u00a0<a href=\"https:\/\/www.rc03-ilbenstadt.de\/wp-content\/uploads\/2013\/11\/B-RC03-131109-03-Saisonabschluss-Gesangsverein-WEB.jpg\" rel=\"lightbox[2735]\"><img loading=\"lazy\" decoding=\"async\" class=\"alignleft size-thumbnail wp-image-2717\" alt=\"B-RC03-131109-03-Saisonabschluss-Gesangsverein-WEB\" src=\"https:\/\/www.rc03-ilbenstadt.de\/wp-content\/uploads\/2013\/11\/B-RC03-131109-03-Saisonabschluss-Gesangsverein-WEB-150x150.jpg\" width=\"150\" height=\"150\" \/><\/a><\/td>\n<td>\u00a0<a href=\"https:\/\/www.rc03-ilbenstadt.de\/wp-content\/uploads\/2013\/11\/B-RC03-131109-08-Saisonabschluss-Eiersketch-WEB.jpg\" rel=\"lightbox[2735]\"><img loading=\"lazy\" decoding=\"async\" alt=\"B-RC03-131109-08-Saisonabschluss-Eiersketch-WEB\" src=\"https:\/\/www.rc03-ilbenstadt.de\/wp-content\/uploads\/2013\/11\/B-RC03-131109-08-Saisonabschluss-Eiersketch-WEB-150x150.jpg\" width=\"150\" height=\"150\" \/><\/a><\/td>\n<td>\u00a0<a href=\"https:\/\/www.rc03-ilbenstadt.de\/wp-content\/uploads\/2013\/11\/B-RC03-131109-07-Saisonabschluss-Eiersketch-WEB.jpg\" rel=\"lightbox[2735]\"><img loading=\"lazy\" decoding=\"async\" alt=\"B-RC03-131109-07-Saisonabschluss-Eiersketch-WEB\" src=\"https:\/\/www.rc03-ilbenstadt.de\/wp-content\/uploads\/2013\/11\/B-RC03-131109-07-Saisonabschluss-Eiersketch-WEB-150x150.jpg\" width=\"150\" height=\"150\" \/><\/a><\/td>\n<\/tr>\n<tr>\n<td valign=\"top\">Gesangverein Heimatliebe<\/td>\n<td valign=\"top\">Eiersketch mit Christine<br \/>\nVolk und Helmut R\u00fchl<\/td>\n<td><\/td>\n<\/tr>\n<tr>\n<td>\u00a0<a href=\"https:\/\/www.rc03-ilbenstadt.de\/wp-content\/uploads\/2013\/11\/B-RC03-131109-15-Saisonabschluss-Kartoffelsketch-WEB.jpg\" rel=\"lightbox[2735]\"><img loading=\"lazy\" decoding=\"async\" alt=\"B-RC03-131109-15-Saisonabschluss-Kartoffelsketch-WEB\" src=\"https:\/\/www.rc03-ilbenstadt.de\/wp-content\/uploads\/2013\/11\/B-RC03-131109-15-Saisonabschluss-Kartoffelsketch-WEB-150x150.jpg\" width=\"150\" height=\"150\" \/><\/a><\/td>\n<td>\u00a0<a href=\"https:\/\/www.rc03-ilbenstadt.de\/wp-content\/uploads\/2013\/11\/B-RC03-131109-16-Saisonabschluss-Kartoffelsketch-WEB.jpg\" rel=\"lightbox[2735]\"><img loading=\"lazy\" decoding=\"async\" alt=\"B-RC03-131109-16-Saisonabschluss-Kartoffelsketch-WEB\" src=\"https:\/\/www.rc03-ilbenstadt.de\/wp-content\/uploads\/2013\/11\/B-RC03-131109-16-Saisonabschluss-Kartoffelsketch-WEB-150x150.jpg\" width=\"150\" height=\"150\" \/><\/a><\/td>\n<td>\u00a0<a href=\"https:\/\/www.rc03-ilbenstadt.de\/wp-content\/uploads\/2013\/11\/B-RC03-131109-18-Saisonabschluss-Publikum-WEB.jpg\" rel=\"lightbox[2735]\"><img loading=\"lazy\" decoding=\"async\" alt=\"B-RC03-131109-18-Saisonabschluss-Publikum-WEB\" src=\"https:\/\/www.rc03-ilbenstadt.de\/wp-content\/uploads\/2013\/11\/B-RC03-131109-18-Saisonabschluss-Publikum-WEB-150x150.jpg\" width=\"150\" height=\"150\" \/><\/a><\/td>\n<\/tr>\n<tr>\n<td valign=\"top\">Kartoffelsketch mit Claire<br \/>\nHerbert und Helmut R\u00fchl<\/td>\n<td><\/td>\n<td><\/td>\n<\/tr>\n<tr>\n<td>\u00a0<a href=\"https:\/\/www.rc03-ilbenstadt.de\/wp-content\/uploads\/2013\/11\/B-RC03-131109-20-Saisonabschluss-Prinzessinsketch-WEB.jpg\" rel=\"lightbox[2735]\"><img loading=\"lazy\" decoding=\"async\" alt=\"B-RC03-131109-20-Saisonabschluss-Prinzessinsketch-WEB\" src=\"https:\/\/www.rc03-ilbenstadt.de\/wp-content\/uploads\/2013\/11\/B-RC03-131109-20-Saisonabschluss-Prinzessinsketch-WEB-150x150.jpg\" width=\"150\" height=\"150\" \/><\/a><\/td>\n<td>\u00a0<a href=\"https:\/\/www.rc03-ilbenstadt.de\/wp-content\/uploads\/2013\/11\/B-RC03-131109-25-Saisonabschluss-Prinzessinsketch-WEB.jpg\" rel=\"lightbox[2735]\"><img loading=\"lazy\" decoding=\"async\" alt=\"B-RC03-131109-25-Saisonabschluss-Prinzessinsketch-WEB\" src=\"https:\/\/www.rc03-ilbenstadt.de\/wp-content\/uploads\/2013\/11\/B-RC03-131109-25-Saisonabschluss-Prinzessinsketch-WEB-150x150.jpg\" width=\"150\" height=\"150\" \/><\/a><\/td>\n<td>\u00a0<a href=\"https:\/\/www.rc03-ilbenstadt.de\/wp-content\/uploads\/2013\/11\/B-RC03-131109-26-Saisonabschluss-Prinzessinsketch-WEB.jpg\" rel=\"lightbox[2735]\"><img loading=\"lazy\" decoding=\"async\" alt=\"B-RC03-131109-26-Saisonabschluss-Prinzessinsketch-WEB\" src=\"https:\/\/www.rc03-ilbenstadt.de\/wp-content\/uploads\/2013\/11\/B-RC03-131109-26-Saisonabschluss-Prinzessinsketch-WEB-150x150.jpg\" width=\"150\" height=\"150\" \/><\/a><\/td>\n<\/tr>\n<tr>\n<td valign=\"top\">Der Kampf des Herzogs<br \/>\num die Prinzessin<\/td>\n<td>Prinzessin (1. von links):<br \/>\nDaisy Delling<\/td>\n<td>K\u00f6nigin (2. von links):<br \/>\nRomana Bopp<\/td>\n<\/tr>\n<tr>\n<td>\u00a0<a href=\"https:\/\/www.rc03-ilbenstadt.de\/wp-content\/uploads\/2013\/11\/B-RC03-131109-27-Saisonabschluss-Prinzessinsketch-WEB.jpg\" rel=\"lightbox[2735]\"><img loading=\"lazy\" decoding=\"async\" alt=\"B-RC03-131109-27-Saisonabschluss-Prinzessinsketch-WEB\" src=\"https:\/\/www.rc03-ilbenstadt.de\/wp-content\/uploads\/2013\/11\/B-RC03-131109-27-Saisonabschluss-Prinzessinsketch-WEB-150x150.jpg\" width=\"150\" height=\"150\" \/><\/a><\/td>\n<td>\u00a0<a href=\"https:\/\/www.rc03-ilbenstadt.de\/wp-content\/uploads\/2013\/11\/B-RC03-131109-29-Saisonabschluss-Prinzessinsketch-WEB.jpg\" rel=\"lightbox[2735]\"><img loading=\"lazy\" decoding=\"async\" alt=\"B-RC03-131109-29-Saisonabschluss-Prinzessinsketch-WEB\" src=\"https:\/\/www.rc03-ilbenstadt.de\/wp-content\/uploads\/2013\/11\/B-RC03-131109-29-Saisonabschluss-Prinzessinsketch-WEB-150x150.jpg\" width=\"150\" height=\"150\" \/><\/a><\/td>\n<td>\u00a0<a href=\"https:\/\/www.rc03-ilbenstadt.de\/wp-content\/uploads\/2013\/11\/B-RC03-131109-30-Saisonabschluss-Prinzessinsketch-WEB.jpg\" rel=\"lightbox[2735]\"><img loading=\"lazy\" decoding=\"async\" alt=\"B-RC03-131109-30-Saisonabschluss-Prinzessinsketch-WEB\" src=\"https:\/\/www.rc03-ilbenstadt.de\/wp-content\/uploads\/2013\/11\/B-RC03-131109-30-Saisonabschluss-Prinzessinsketch-WEB-150x150.jpg\" width=\"150\" height=\"150\" \/><\/a><\/td>\n<\/tr>\n<tr>\n<td valign=\"top\">Der Herzog (2. von links):<br \/>\nOliver Witt<\/td>\n<td>Moderator (1. von links):<br \/>\nHelmut R\u00fchl<\/td>\n<td valign=\"top\">Der K\u00f6nig (1. von rechts):<br \/>\nMichael Hammann<\/td>\n<\/tr>\n<tr>\n<td>\u00a0<a href=\"https:\/\/www.rc03-ilbenstadt.de\/wp-content\/uploads\/2013\/11\/B-RC03-131109-31-Saisonabschluss-Prinzessinsketch-WEB.jpg\" rel=\"lightbox[2735]\"><img loading=\"lazy\" decoding=\"async\" alt=\"B-RC03-131109-31-Saisonabschluss-Prinzessinsketch-WEB\" src=\"https:\/\/www.rc03-ilbenstadt.de\/wp-content\/uploads\/2013\/11\/B-RC03-131109-31-Saisonabschluss-Prinzessinsketch-WEB-150x150.jpg\" width=\"150\" height=\"150\" \/><\/a><\/td>\n<td>\u00a0<a href=\"https:\/\/www.rc03-ilbenstadt.de\/wp-content\/uploads\/2013\/11\/B-RC03-131109-35-Saisonabschluss-Prinzessinsketch-WEB.jpg\" rel=\"lightbox[2735]\"><img loading=\"lazy\" decoding=\"async\" alt=\"B-RC03-131109-35-Saisonabschluss-Prinzessinsketch-WEB\" src=\"https:\/\/www.rc03-ilbenstadt.de\/wp-content\/uploads\/2013\/11\/B-RC03-131109-35-Saisonabschluss-Prinzessinsketch-WEB-150x150.jpg\" width=\"150\" height=\"150\" \/><\/a><\/td>\n<td><\/td>\n<\/tr>\n<tr>\n<td valign=\"top\">Der abgewiesene<br \/>\nHerzog stirbt<\/td>\n<td valign=\"top\">\u00a0Des Dramas Ende<\/td>\n<td><\/td>\n<\/tr>\n<\/tbody>\n<\/table>\n","protected":false},"excerpt":{"rendered":"<p>F\u00fcr unsere Mitglieder und Freunde begann der feierliche Saisonabschluss mit einem Sektempfang, bevor man in den liebevoll geschm\u00fcckten und in stimmungsvolles Licht getauchten Saal des B\u00fcrgerhauses Ilbenstadt ging. F\u00fcr die Programm- und Saalgestaltung ist dem Vorstand unter der Leitung von &hellip; <a href=\"https:\/\/www.rc03-ilbenstadt.de\/?p=2735\">Weiterlesen <span class=\"meta-nav\">&rarr;<\/span><\/a><\/p>\n","protected":false},"author":9,"featured_media":0,"comment_status":"closed","ping_status":"closed","sticky":false,"template":"","format":"standard","meta":{"_crdt_document":"","footnotes":""},"categories":[1],"tags":[],"class_list":["post-2735","post","type-post","status-publish","format-standard","hentry","category-allgemein"],"_links":{"self":[{"href":"https:\/\/www.rc03-ilbenstadt.de\/index.php?rest_route=\/wp\/v2\/posts\/2735","targetHints":{"allow":["GET"]}}],"collection":[{"href":"https:\/\/www.rc03-ilbenstadt.de\/index.php?rest_route=\/wp\/v2\/posts"}],"about":[{"href":"https:\/\/www.rc03-ilbenstadt.de\/index.php?rest_route=\/wp\/v2\/types\/post"}],"author":[{"embeddable":true,"href":"https:\/\/www.rc03-ilbenstadt.de\/index.php?rest_route=\/wp\/v2\/users\/9"}],"replies":[{"embeddable":true,"href":"https:\/\/www.rc03-ilbenstadt.de\/index.php?rest_route=%2Fwp%2Fv2%2Fcomments&post=2735"}],"version-history":[{"count":0,"href":"https:\/\/www.rc03-ilbenstadt.de\/index.php?rest_route=\/wp\/v2\/posts\/2735\/revisions"}],"wp:attachment":[{"href":"https:\/\/www.rc03-ilbenstadt.de\/index.php?rest_route=%2Fwp%2Fv2%2Fmedia&parent=2735"}],"wp:term":[{"taxonomy":"category","embeddable":true,"href":"https:\/\/www.rc03-ilbenstadt.de\/index.php?rest_route=%2Fwp%2Fv2%2Fcategories&post=2735"},{"taxonomy":"post_tag","embeddable":true,"href":"https:\/\/www.rc03-ilbenstadt.de\/index.php?rest_route=%2Fwp%2Fv2%2Ftags&post=2735"}],"curies":[{"name":"wp","href":"https:\/\/api.w.org\/{rel}","templated":true}]}}