{"id":2775,"date":"2013-11-15T12:22:37","date_gmt":"2013-11-15T11:22:37","guid":{"rendered":"http:\/\/www.rc03-ilbenstadt.de\/?p=2775"},"modified":"2013-11-15T12:22:37","modified_gmt":"2013-11-15T11:22:37","slug":"zum-22-martinsmarkt-am-16-11-2013-in-ilbenstadt","status":"publish","type":"post","link":"https:\/\/www.rc03-ilbenstadt.de\/?p=2775","title":{"rendered":"Zum 22. Martinsmarkt am 16.11.2013 in Ilbenstadt"},"content":{"rendered":"<p>Gegen\u00fcber vom B\u00fcrgerhaus verbirgt sich das Jahr \u00fcber der Kosterpark hinter einer Mauer. Zum Martinsmarkt ist er ge\u00f6ffnet. Im Park verteilt sind die &#8222;Marktst\u00e4nde&#8220; der Vereine, der Feuerwehr und anderer Organisationen, die ein buntes Angebot zur Weihnachtszeit machen. F\u00fcr das leibliche Wohl ist bestens gesorgt und so bietet sich der Ilbenst\u00e4dter Martinsmarkt f\u00fcr einen Besuch an und mit etwas Gl\u00fcck ergattert man bei der Verlosung durch Herrn B\u00fcrgermeister Dr. Bernhard Hertel eine Martinsgans.<\/p>\n<p>Der Markt beginnt am kommenden Samstag um 13:00 Uhr und endet um 21:00 Uhr. Um 17:00 Uhr ziehen die Kinder mit Laternen um die Klostermauer und werden im Klosterpark von St. Martin mit Brezeln empfangen. Dazu spielt der Posaunenchor aus Bruchenbr\u00fccken.<\/p>\n<p>Eine sch\u00f6ne Gelegenheit f\u00fcr ein Treffen der RC 03-Gemeinde!<\/p>\n","protected":false},"excerpt":{"rendered":"<p>Gegen\u00fcber vom B\u00fcrgerhaus verbirgt sich das Jahr \u00fcber der Kosterpark hinter einer Mauer. Zum Martinsmarkt ist er ge\u00f6ffnet. Im Park verteilt sind die &#8222;Marktst\u00e4nde&#8220; der Vereine, der Feuerwehr und anderer Organisationen, die ein buntes Angebot zur Weihnachtszeit machen. F\u00fcr das &hellip; <a href=\"https:\/\/www.rc03-ilbenstadt.de\/?p=2775\">Weiterlesen <span class=\"meta-nav\">&rarr;<\/span><\/a><\/p>\n","protected":false},"author":9,"featured_media":0,"comment_status":"closed","ping_status":"closed","sticky":false,"template":"","format":"standard","meta":{"_crdt_document":"","footnotes":""},"categories":[1],"tags":[],"class_list":["post-2775","post","type-post","status-publish","format-standard","hentry","category-allgemein"],"_links":{"self":[{"href":"https:\/\/www.rc03-ilbenstadt.de\/index.php?rest_route=\/wp\/v2\/posts\/2775","targetHints":{"allow":["GET"]}}],"collection":[{"href":"https:\/\/www.rc03-ilbenstadt.de\/index.php?rest_route=\/wp\/v2\/posts"}],"about":[{"href":"https:\/\/www.rc03-ilbenstadt.de\/index.php?rest_route=\/wp\/v2\/types\/post"}],"author":[{"embeddable":true,"href":"https:\/\/www.rc03-ilbenstadt.de\/index.php?rest_route=\/wp\/v2\/users\/9"}],"replies":[{"embeddable":true,"href":"https:\/\/www.rc03-ilbenstadt.de\/index.php?rest_route=%2Fwp%2Fv2%2Fcomments&post=2775"}],"version-history":[{"count":0,"href":"https:\/\/www.rc03-ilbenstadt.de\/index.php?rest_route=\/wp\/v2\/posts\/2775\/revisions"}],"wp:attachment":[{"href":"https:\/\/www.rc03-ilbenstadt.de\/index.php?rest_route=%2Fwp%2Fv2%2Fmedia&parent=2775"}],"wp:term":[{"taxonomy":"category","embeddable":true,"href":"https:\/\/www.rc03-ilbenstadt.de\/index.php?rest_route=%2Fwp%2Fv2%2Fcategories&post=2775"},{"taxonomy":"post_tag","embeddable":true,"href":"https:\/\/www.rc03-ilbenstadt.de\/index.php?rest_route=%2Fwp%2Fv2%2Ftags&post=2775"}],"curies":[{"name":"wp","href":"https:\/\/api.w.org\/{rel}","templated":true}]}}