{"id":2786,"date":"2013-12-10T17:20:52","date_gmt":"2013-12-10T16:20:52","guid":{"rendered":"http:\/\/www.rc03-ilbenstadt.de\/?p=2786"},"modified":"2013-12-10T17:21:53","modified_gmt":"2013-12-10T16:21:53","slug":"country-touren-fahrt-ctf-des-tv-schluechtern-am-sonntag-dem-8-dezember-2013","status":"publish","type":"post","link":"https:\/\/www.rc03-ilbenstadt.de\/?p=2786","title":{"rendered":"Country-Touren-Fahrt (CTF) des TV Schl\u00fcchtern am Sonntag, dem 8. Dezember 2013"},"content":{"rendered":"<div id=\"attachment_2788\" style=\"width: 160px\" class=\"wp-caption alignleft\"><a href=\"https:\/\/www.rc03-ilbenstadt.de\/wp-content\/uploads\/2013\/12\/B-CTF-131208-02-TV_Schl\u00fcchtern-Streckenimpressionen-WEB.jpg\" rel=\"lightbox[2786]\"><img loading=\"lazy\" decoding=\"async\" aria-describedby=\"caption-attachment-2788\" class=\"size-thumbnail wp-image-2788 \" style=\"margin: 5px;\" alt=\"Nikolaus-CTF 2013 - Streckenimpression\" src=\"https:\/\/www.rc03-ilbenstadt.de\/wp-content\/uploads\/2013\/12\/B-CTF-131208-02-TV_Schl\u00fcchtern-Streckenimpressionen-WEB-150x150.jpg\" width=\"150\" height=\"150\" \/><\/a><p id=\"caption-attachment-2788\" class=\"wp-caption-text\">Streckenimpression<\/p><\/div>\n<p>Zur Nikolaus-CTF des TV Schl\u00fcchtern gingen 86 unentwegte Radlerinnen und Radler an den Start. Von Minusgraden keine Spur, schon zur Startzeit gab es die zur Mittagszeit vorhergesagten kuscheligen 3\u00b0 Celsius. Bei bedecktem Himmel und wenigen Regenspritzern, die noch nicht einmal eine \u00dcberlegung zum \u00dcberziehen der Regenjacke provozierten, ging es auf die Strecke. Hier hat die Radsportabteilung des TV Schl\u00fcchtern wieder eine fordernde, landschaftlich reizvolle und abwechslungsreiche Strecke vorbildlich ausgeschildert. Bereits in Steinau musste die Entscheidung f\u00fcr<!--more--> die 26- oder die 46-Kilometerstrecke fallen. Kurz entschlossen bogen Dieter und ich auf die gro\u00dfe Strecke ab und waren gespannt, welche Verh\u00e4ltnisse uns in diesem Jahr erwarteten. Zun\u00e4chst ging es \u00fcber asphaltierte und betonierte Strecken, die nach der fliegenden Kontrolle in Niederzell h\u00e4ufig in Feld- und Waldwegen mit &#8222;wassergebundenen Decken&#8220; wechselten.\u00a0 Wegabschnitte, die sich tief verschlammt zeigten, stellten schon in Verbindung mit den \u00fcblichen Hindernissen, seien es Steine oder Wurzelwerk, Anforderung an die Fahrtechnik und Steuerkunst. Ein Absteigen war hier nicht erstrebenswert. Doch war dies bei Kilometer 10 am Steinaubach nicht mehr zu umgehen. Der schmale, schmierige Pfad, der zum Schafsteg f\u00fchrte, war sicherer zu Fu\u00df zu bew\u00e4ltigen. Das kalte Wasser zur Linken war diese Vorsichtsma\u00dfnahme wert. Ohnehin musste man an der Br\u00fccke absteigen, da Stufen zu bew\u00e4ltigen waren. Auf dem schmierigen und sehr glatten Holzsteg war ebenso wenig an das Fahren zu denken, wie auf der anderen Bachseite f\u00fcr die n\u00e4chsten 100 m. Danach wechselten die Bedingungen h\u00e4ufig. Auch feste Wege waren im Angebot, kurze Stra\u00dfenabschnitte waren notwendig, um einen sinnvollen Rundkurs anbieten zu k\u00f6nnen. Sch\u00f6n waren auch einige Pfade zu fahren, die auf neudeutsch heute schon mal Singletrails genannt werden. An der Kontrollstelle in Ulmbach wurde mit hei\u00dfem Tee, Boullion und Schmalzbroten die Grundlage f\u00fcr den n\u00e4chsten Abschnitt gelegt. Bis zur n\u00e4chsten Kontrolle in Ahl wurden noch einige H\u00fcgel des s\u00fcdlichen Vogelsberges erfahren und der Verschmutzungsgrad von Mensch und Material war bereits am Maximum angelangt. W\u00e4hrend die letzten Kilometer der kleinen Tour \u00fcber den Radweg R 3 steigungsarm nach Steinau an der Stra\u00dfe f\u00fchrten, wechselten die Fahrerinnen und Fahrer der gro\u00dfen Tour das Gebirge. Es ging nun in die Sandsteinformationen des Spessart und bis ins Ziel hatte der Veranstalter noch H\u00fcgel in die Strecke gepackt und trotz der relativ niedrigen Temperaturen wurde es keinem zu kalt. Ob unter den Wegen der vulkanische Vogelsberg oder der Sandstein des Spessart lag, ist sicherlich niemandem aufgefallen, da sich die Oberf\u00e4che unver\u00e4ndert zeigte und vollen Krafteinsatz verlangte. Bald kam jedoch Steinau an der Stra\u00dfe in unser Blickfeld, die Wege wurden fester und die Tour war geschafft.<br \/>\nAm Ziel erwarteten die R\u00e4der schon der einsatzbereite Hochdruckreiniger und eine warme Dusche legte die Gesichter wieder frei. Bei Kaffee und Kuchen oder kalten Getr\u00e4nken und einem kr\u00e4ftigen Imbi\u00df konnte die Tour nachbereitet werden. Als Trop\u00e4he f\u00fcr die siegreichen Mannschaften, hier hatten die Frauen und M\u00e4nner aus Petersberg und Fulda die Nase vorn, konnte Wolfgang Lotz vom TV Schl\u00fcchtern einen einradfahrenden Nikolaus mit Weihnachtsliedbegleitung \u00fcberreichen. Eine ausgefallene und sehr sch\u00f6ne Erinnerung an eine gelungene Tour, die sich witterungsbedingt in jedem Jahr anders darstellt. Eine Herausforderung, der man sich am Jahresende durchaus stellen kann und die Gespr\u00e4chsstoff f\u00fcr viele Treffen und Vereinsabende bereit h\u00e4lt.<\/p>\n<p>Freuen wir uns auf die Saison 2014 und viele gemeinsame Fahrten.<br \/>\nDie n\u00e4chsten CTF werden am 4. Januar von der RV Germania Hungen und am 5. Januar vom Radteam Neu-Isenburg angeboten.<\/p>\n<p>Bilder der Tour:<\/p>\n<table border=\"0\">\n<tbody>\n<tr>\n<td><a href=\"https:\/\/www.rc03-ilbenstadt.de\/wp-content\/uploads\/2013\/12\/B-CTF-131208-01-TV_Schl\u00fcchtern-Streckenimpressionen-WEB.jpg\" rel=\"lightbox[2786]\"><img loading=\"lazy\" decoding=\"async\" class=\"alignleft size-thumbnail wp-image-2787\" alt=\"B-CTF-131208-01-TV_Schl\u00fcchtern-Streckenimpressionen-WEB\" src=\"https:\/\/www.rc03-ilbenstadt.de\/wp-content\/uploads\/2013\/12\/B-CTF-131208-01-TV_Schl\u00fcchtern-Streckenimpressionen-WEB-150x150.jpg\" width=\"150\" height=\"150\" \/><\/a><\/td>\n<td><a href=\"https:\/\/www.rc03-ilbenstadt.de\/wp-content\/uploads\/2013\/12\/B-CTF-131208-03-TV_Schl\u00fcchtern-Streckenimpressionen-WEB.jpg\" rel=\"lightbox[2786]\"><img loading=\"lazy\" decoding=\"async\" class=\"alignleft size-thumbnail wp-image-2789\" alt=\"B-CTF-131208-03-TV_Schl\u00fcchtern-Streckenimpressionen-WEB\" src=\"https:\/\/www.rc03-ilbenstadt.de\/wp-content\/uploads\/2013\/12\/B-CTF-131208-03-TV_Schl\u00fcchtern-Streckenimpressionen-WEB-150x150.jpg\" width=\"150\" height=\"150\" \/><\/a><\/td>\n<\/tr>\n<tr>\n<td><a href=\"https:\/\/www.rc03-ilbenstadt.de\/wp-content\/uploads\/2013\/12\/B-CTF-131208-05-TV_Schl\u00fcchtern-Dieter+Wilhelm_in_Ulmbach-WEB.jpg\" rel=\"lightbox[2786]\"><img loading=\"lazy\" decoding=\"async\" class=\"alignleft size-thumbnail wp-image-2791\" alt=\"B-CTF-131208-05-TV_Schl\u00fcchtern-Dieter+Wilhelm_in_Ulmbach-WEB\" src=\"https:\/\/www.rc03-ilbenstadt.de\/wp-content\/uploads\/2013\/12\/B-CTF-131208-05-TV_Schl\u00fcchtern-Dieter+Wilhelm_in_Ulmbach-WEB-150x150.jpg\" width=\"150\" height=\"150\" \/><\/a><\/td>\n<td><a href=\"https:\/\/www.rc03-ilbenstadt.de\/wp-content\/uploads\/2013\/12\/B-CTF-131208-07-TV_Schl\u00fcchtern-Endzustand_im_Ziel-WEB.jpg\" rel=\"lightbox[2786]\"><img loading=\"lazy\" decoding=\"async\" class=\"alignleft size-thumbnail wp-image-2793\" alt=\"B-CTF-131208-07-TV_Schl\u00fcchtern-Endzustand_im_Ziel-WEB\" src=\"https:\/\/www.rc03-ilbenstadt.de\/wp-content\/uploads\/2013\/12\/B-CTF-131208-07-TV_Schl\u00fcchtern-Endzustand_im_Ziel-WEB-150x150.jpg\" width=\"150\" height=\"150\" \/><\/a><\/td>\n<\/tr>\n<\/tbody>\n<\/table>\n","protected":false},"excerpt":{"rendered":"<p>Zur Nikolaus-CTF des TV Schl\u00fcchtern gingen 86 unentwegte Radlerinnen und Radler an den Start. Von Minusgraden keine Spur, schon zur Startzeit gab es die zur Mittagszeit vorhergesagten kuscheligen 3\u00b0 Celsius. Bei bedecktem Himmel und wenigen Regenspritzern, die noch nicht einmal &hellip; <a href=\"https:\/\/www.rc03-ilbenstadt.de\/?p=2786\">Weiterlesen <span class=\"meta-nav\">&rarr;<\/span><\/a><\/p>\n","protected":false},"author":9,"featured_media":0,"comment_status":"closed","ping_status":"closed","sticky":false,"template":"","format":"standard","meta":{"_crdt_document":"","footnotes":""},"categories":[1],"tags":[],"class_list":["post-2786","post","type-post","status-publish","format-standard","hentry","category-allgemein"],"_links":{"self":[{"href":"https:\/\/www.rc03-ilbenstadt.de\/index.php?rest_route=\/wp\/v2\/posts\/2786","targetHints":{"allow":["GET"]}}],"collection":[{"href":"https:\/\/www.rc03-ilbenstadt.de\/index.php?rest_route=\/wp\/v2\/posts"}],"about":[{"href":"https:\/\/www.rc03-ilbenstadt.de\/index.php?rest_route=\/wp\/v2\/types\/post"}],"author":[{"embeddable":true,"href":"https:\/\/www.rc03-ilbenstadt.de\/index.php?rest_route=\/wp\/v2\/users\/9"}],"replies":[{"embeddable":true,"href":"https:\/\/www.rc03-ilbenstadt.de\/index.php?rest_route=%2Fwp%2Fv2%2Fcomments&post=2786"}],"version-history":[{"count":0,"href":"https:\/\/www.rc03-ilbenstadt.de\/index.php?rest_route=\/wp\/v2\/posts\/2786\/revisions"}],"wp:attachment":[{"href":"https:\/\/www.rc03-ilbenstadt.de\/index.php?rest_route=%2Fwp%2Fv2%2Fmedia&parent=2786"}],"wp:term":[{"taxonomy":"category","embeddable":true,"href":"https:\/\/www.rc03-ilbenstadt.de\/index.php?rest_route=%2Fwp%2Fv2%2Fcategories&post=2786"},{"taxonomy":"post_tag","embeddable":true,"href":"https:\/\/www.rc03-ilbenstadt.de\/index.php?rest_route=%2Fwp%2Fv2%2Ftags&post=2786"}],"curies":[{"name":"wp","href":"https:\/\/api.w.org\/{rel}","templated":true}]}}