{"id":2821,"date":"2014-01-04T11:07:32","date_gmt":"2014-01-04T10:07:32","guid":{"rendered":"http:\/\/www.rc03-ilbenstadt.de\/?p=2821"},"modified":"2014-01-04T11:07:53","modified_gmt":"2014-01-04T10:07:53","slug":"ein-neues-jahr-ein-neues-layout","status":"publish","type":"post","link":"https:\/\/www.rc03-ilbenstadt.de\/?p=2821","title":{"rendered":"Ein neues Jahr, ein neues Layout"},"content":{"rendered":"<p>Das neue Jahr f\u00e4ngt in der Welt des Internets mit der Neugestaltung unserer Seite an. Das Ziel war und ist, die \u00dcbersicht und die Lesbarkeit bei einer hellen und aufgelockerten Darstellung zu verbessern.<\/p>\n<p>In den n\u00e4chsten 14 Tagen werden die Inhalte noch \u00fcberarbeitet. Dies betrifft vor allem\u00a0 Termine, Ausschreibungen f\u00fcr unsere Veranstaltungen und die bisher vernachl\u00e4ssigte Darstellung unseres Vereines.<\/p>\n<p>F\u00fcr Vereinsmitglieder wurde ein Mitgliederbereich eingerichtet, der ausschlie\u00dflich \u00fcber eine Benutzerkennung und ein Passwort zu erreichen ist. Hier werden weitergehende, interne Informtionen angeboten.<\/p>\n<p>Wir w\u00fcnschen f\u00fcr das Jahr 2014 alles Gute,<br \/>\nhervorragendes Radfahrwetter und eine unfallfreie Saison.<\/p>\n","protected":false},"excerpt":{"rendered":"<p>Das neue Jahr f\u00e4ngt in der Welt des Internets mit der Neugestaltung unserer Seite an. Das Ziel war und ist, die \u00dcbersicht und die Lesbarkeit bei einer hellen und aufgelockerten Darstellung zu verbessern. In den n\u00e4chsten 14 Tagen werden die &hellip; <a href=\"https:\/\/www.rc03-ilbenstadt.de\/?p=2821\">Weiterlesen <span class=\"meta-nav\">&rarr;<\/span><\/a><\/p>\n","protected":false},"author":9,"featured_media":0,"comment_status":"closed","ping_status":"closed","sticky":false,"template":"","format":"standard","meta":{"_crdt_document":"","footnotes":""},"categories":[1],"tags":[],"class_list":["post-2821","post","type-post","status-publish","format-standard","hentry","category-allgemein"],"_links":{"self":[{"href":"https:\/\/www.rc03-ilbenstadt.de\/index.php?rest_route=\/wp\/v2\/posts\/2821","targetHints":{"allow":["GET"]}}],"collection":[{"href":"https:\/\/www.rc03-ilbenstadt.de\/index.php?rest_route=\/wp\/v2\/posts"}],"about":[{"href":"https:\/\/www.rc03-ilbenstadt.de\/index.php?rest_route=\/wp\/v2\/types\/post"}],"author":[{"embeddable":true,"href":"https:\/\/www.rc03-ilbenstadt.de\/index.php?rest_route=\/wp\/v2\/users\/9"}],"replies":[{"embeddable":true,"href":"https:\/\/www.rc03-ilbenstadt.de\/index.php?rest_route=%2Fwp%2Fv2%2Fcomments&post=2821"}],"version-history":[{"count":0,"href":"https:\/\/www.rc03-ilbenstadt.de\/index.php?rest_route=\/wp\/v2\/posts\/2821\/revisions"}],"wp:attachment":[{"href":"https:\/\/www.rc03-ilbenstadt.de\/index.php?rest_route=%2Fwp%2Fv2%2Fmedia&parent=2821"}],"wp:term":[{"taxonomy":"category","embeddable":true,"href":"https:\/\/www.rc03-ilbenstadt.de\/index.php?rest_route=%2Fwp%2Fv2%2Fcategories&post=2821"},{"taxonomy":"post_tag","embeddable":true,"href":"https:\/\/www.rc03-ilbenstadt.de\/index.php?rest_route=%2Fwp%2Fv2%2Ftags&post=2821"}],"curies":[{"name":"wp","href":"https:\/\/api.w.org\/{rel}","templated":true}]}}