{"id":2879,"date":"2014-03-16T06:23:39","date_gmt":"2014-03-16T05:23:39","guid":{"rendered":"http:\/\/www.rc03-ilbenstadt.de\/?p=2879"},"modified":"2014-04-22T17:21:59","modified_gmt":"2014-04-22T15:21:59","slug":"radtourenfahrt-rtf-in-ilbenstadt-am-sonntag-dem-23-maerz-2014-ankuendigung","status":"publish","type":"post","link":"https:\/\/www.rc03-ilbenstadt.de\/?p=2879","title":{"rendered":"Radtourenfahrt (RTF) in Ilbenstadt"},"content":{"rendered":"<p><span style=\"color: #3366ff; font-size: 12pt;\"><strong>am Sonntag, dem 23. M\u00e4rz 2014<\/strong><\/span><br \/>\n<span style=\"color: #3366ff; font-size: 12pt;\"><strong>Ank\u00fcndigung<\/strong><\/span><\/p>\n<p>Endlich! Die RTF-Saison hat begonnen. Der TV Schl\u00fcchtern ist in Hessen traditionell der Vorreiter und hat am 9. M\u00e4rz die erste RTF ausgerichtet und bei bestem Fr\u00fchlingswetter durchgef\u00fchrt. Heute, am 16. M\u00e4rz ist Start in Niederdorfelden. Der RSC Sprinter Niederdorfelden bietet Touren von 46 km, 75 km und 119 km an. Das Wetter zeigt sich nicht mehr ganz so strahlend, auch die Verw\u00f6hntemperaturen aus den letzten Tagen sind nicht mehr auf hohem Niveau, aber jahreszeitlich angemessen. Wenn es denn trocken bleibt &#8211; und davon gehen wir aus! &#8211; werden insgesamt gute Voraussetzungen f\u00fcr sch\u00f6ne Touren gelegt.<\/p>\n<p>Am 23. M\u00e4rz wird dann in Ilbenstadt in die Pedale getreten. Die Vorbereitungen sind im vollem Gange. Wir bieten wieder drei Fr\u00fchlingstouren von<\/p>\n<ul>\n<li>\u00a0 42 Kilometern und 150 H\u00f6henmetern<\/li>\n<li>\u00a0 75 Kilometern und 230 H\u00f6henmetern<br \/>\nund<\/li>\n<li>114 Kilometern und 540 H\u00f6henmetern<\/li>\n<\/ul>\n<p>durch die schon mit frischem Gr\u00fcn bedeckte Wetterau an. An Start und Ziel <!--more-->wird auch f\u00fcr das leibliche Wohl gesorgt, um nach der sportlichen Leistung die ersten verlorenen Kalorien zu ersetzen, aber auch um den Austausch in der Radsportgemeinde zu pflegen.<\/p>\n<p>N\u00e4here Informationen zu unseren Touren finden sie auf unserer Seite unter dem Men\u00fcpunkt &#8222;<a title=\"Zur Fr\u00fchjahrs-RTF 2014 in Ilbenstadt\" href=\"https:\/\/www.rc03-ilbenstadt.de\/?page_id=2839\" target=\"_blank\">Veranstaltungen<\/a>&#8220; oder direkt in unserem <a title=\"Flyer zur Fr\u00fchjahrs-RTF in Ilbenstadt\" href=\"https:\/\/www.rc03-ilbenstadt.de\/wp-content\/uploads\/2014\/02\/2014-Fr\u00fchjahrs-RTF-Flyer-0011.pdf\" target=\"_blank\">Flyer<\/a>. Wir erwarten Sie in Ilbenstadt!<\/p>\n<p><strong>F\u00fcr Einsteiger<br \/>\n<\/strong>Sie wissen nicht, was sich hinter einer organisierten Radtourenfahrt verbirgt? Kommen Sie zu uns und erfahren Sie im wahrsten Sinne des Wortes, was sich dahinter verbirgt. Jedermann ist willkommen. An das Sportger\u00e4t werden keine besonderen Anforderungen gestellt, obwohl das Rennrad von der Streckencharakteristik her sicher erste Wahl w\u00e4re. Im Gegensatz zu Trimmtouren oder dem Radwandern steht bei einer RTF schon der sportliche Aspekt im Vordergrund. Sie k\u00f6nnen Ihrem Leistungsstand entsprechend eine Strecke w\u00e4hlen und diese in Ihrem Tempo, Ihrem Rhythmus und damit innerhalb Ihrer individuellen M\u00f6glichkeiten absolvieren. Eine Zeitnahme erfolgt bei diesen Breitensportveranstaltungen nicht. Sie k\u00f6nnen die Tour alleine fahren oder sich anderen Radlerinnen und Radlern anschlie\u00dfen. Kommen Sie nach Ilbenstadt und genie\u00dfen Sie einen Tag rund um das Fahrrad!<\/p>\n<p>Ihr RC 03 Ilbenstadt<\/p>\n<p>&nbsp;<\/p>\n","protected":false},"excerpt":{"rendered":"<p>am Sonntag, dem 23. M\u00e4rz 2014 Ank\u00fcndigung Endlich! Die RTF-Saison hat begonnen. Der TV Schl\u00fcchtern ist in Hessen traditionell der Vorreiter und hat am 9. M\u00e4rz die erste RTF ausgerichtet und bei bestem Fr\u00fchlingswetter durchgef\u00fchrt. Heute, am 16. M\u00e4rz ist &hellip; <a href=\"https:\/\/www.rc03-ilbenstadt.de\/?p=2879\">Weiterlesen <span class=\"meta-nav\">&rarr;<\/span><\/a><\/p>\n","protected":false},"author":9,"featured_media":2880,"comment_status":"closed","ping_status":"closed","sticky":false,"template":"","format":"standard","meta":{"_crdt_document":"","footnotes":""},"categories":[1],"tags":[],"class_list":["post-2879","post","type-post","status-publish","format-standard","has-post-thumbnail","hentry","category-allgemein"],"_links":{"self":[{"href":"https:\/\/www.rc03-ilbenstadt.de\/index.php?rest_route=\/wp\/v2\/posts\/2879","targetHints":{"allow":["GET"]}}],"collection":[{"href":"https:\/\/www.rc03-ilbenstadt.de\/index.php?rest_route=\/wp\/v2\/posts"}],"about":[{"href":"https:\/\/www.rc03-ilbenstadt.de\/index.php?rest_route=\/wp\/v2\/types\/post"}],"author":[{"embeddable":true,"href":"https:\/\/www.rc03-ilbenstadt.de\/index.php?rest_route=\/wp\/v2\/users\/9"}],"replies":[{"embeddable":true,"href":"https:\/\/www.rc03-ilbenstadt.de\/index.php?rest_route=%2Fwp%2Fv2%2Fcomments&post=2879"}],"version-history":[{"count":0,"href":"https:\/\/www.rc03-ilbenstadt.de\/index.php?rest_route=\/wp\/v2\/posts\/2879\/revisions"}],"wp:featuredmedia":[{"embeddable":true,"href":"https:\/\/www.rc03-ilbenstadt.de\/index.php?rest_route=\/wp\/v2\/media\/2880"}],"wp:attachment":[{"href":"https:\/\/www.rc03-ilbenstadt.de\/index.php?rest_route=%2Fwp%2Fv2%2Fmedia&parent=2879"}],"wp:term":[{"taxonomy":"category","embeddable":true,"href":"https:\/\/www.rc03-ilbenstadt.de\/index.php?rest_route=%2Fwp%2Fv2%2Fcategories&post=2879"},{"taxonomy":"post_tag","embeddable":true,"href":"https:\/\/www.rc03-ilbenstadt.de\/index.php?rest_route=%2Fwp%2Fv2%2Ftags&post=2879"}],"curies":[{"name":"wp","href":"https:\/\/api.w.org\/{rel}","templated":true}]}}