{"id":2892,"date":"2014-03-25T14:48:56","date_gmt":"2014-03-25T13:48:56","guid":{"rendered":"http:\/\/www.rc03-ilbenstadt.de\/?p=2892"},"modified":"2014-04-17T14:32:11","modified_gmt":"2014-04-17T12:32:11","slug":"radtourenfahrt-rtf-in-ilbenstadt-am-sonntag-dem-23-maerz-2014-bericht","status":"publish","type":"post","link":"https:\/\/www.rc03-ilbenstadt.de\/?p=2892","title":{"rendered":"Radtourenfahrt (RTF) in Ilbenstadt <br \/>am Sonntag, dem 23. M\u00e4rz 2014 &#8211; Bericht"},"content":{"rendered":"<p>Um 08:00 Uhr starteten die ersten Fahrerinnen und Fahrer in Ilbenstadt. Alle noch dick verpackt, w\u00e4rmende Kleidung geh\u00f6rt immer noch zur Standardausr\u00fcstung, denn die herrlichen Sonnentage, die uns das Fr\u00fchjahr schon beschert hatte, wurden vermisst. Die drastische Wetterverschlechterung zum Wochenende war doch schon f\u00fcr die ein oder andere Sorgenfalte verantwortlich. Im Verein wurde in der letzten Woche trotzdem kr\u00e4ftig an den Vorbereitungen gearbeitet. Die Strecken wurden vorbereitet, die Ausr\u00fcstung erg\u00e4nzt, bereit gestellt und<!--more--> auch die Organisation wurde gepr\u00fcft und angepasst. Am Samstag waren wir dann mit 25 Helferinnen und Helfern am Werk, st\u00fcndlich gepeinigt von den Wetterberichten im HR 1, die in Formulierungen, wie &#8222;am Sonntag noch einen Tick k\u00e4lter und noch einen Tick nasser&#8220; gipfelten. Abends stellte ein starker Regenschauer mit b\u00f6igen Winden unsere Nerven auf die Probe. Wir sorgten uns um die Standfestigkeit der Zelte und Erinnerungen an die kalte und nasse Saison 2013 kamen auf.<br \/>\nAm Sonntag ging es f\u00fcr die Streckendienste schon um 06:00 Uhr los, die Kontrollstellenbesatzungen, die Mannschaft am Start und Ziel folgten wenig sp\u00e4ter. Mit 46 Helferinnen und Helfern standen wir bereit.<\/p>\n<p>Bei 3\u00b0 Celsius trafen die ersten Unentwegten bei abtrocknenden Stra\u00dfen noch z\u00f6gerlich ein, dabei schon der ein oder andere Sternfahrer, der den tiefen Temperaturen getrotzt hatte. Die Stimmung war auf allen Seiten ausgezeichnet. In der n\u00e4chsten Stunde setzte der Ansturm ein und bis 10:30 Uhr war konzentrierte Arbeit angesagt, um alle Radlerinnen und Radler mit Startkarten und Startstempeln zu versorgen. Viele nahmen vor dem Start noch ein warmes Getr\u00e4nk und einen Happen zu sich, bevor sie sich der Herausforderung einer der drei angebotenen Strecken von 42-, 75- oder 114 Kilometern stellten. Am Ende sollten es 618 Starterinnen und Starter gewesen sein, die durch die bereits erwachte Natur der leicht welligen H\u00fcgellandschaft der Wetterau pedalierten. Auf der 114 Kilometerrunde ging es \u00fcber M\u00fcnzenberg, Lich, Queckborn nach Laubach, der Vogelsberg wurde &#8222;gestreift&#8220;. Von der dortigen Kontrollstelle ging es dann \u00fcber Villingen, Langsdorf und W\u00f6lfersheim zur letzten Kontrollstelle in Melbach, um von dort mit Kontrollstempeln und einer kleinen St\u00e4rkung versehen, wieder in Ilbenstadt einzufahren. Auf der Tour \u00fcber 75 Kilometer\u00a0 fehlte die Runde Lich-Laubach-Langsdorf, die Tour \u00fcber 42 Kilometer zweigte in Steinfurth ab, und nach einer kurzen, knackigen Steigung erreichte auch diese Gruppe den Kontrollpunkt Melbach, von dem es wieder in Richtung Ziel ging.<\/p>\n<table style=\"width: 36px; height: 44px;\" border=\"0\">\n<tbody>\n<tr>\n<td><a href=\"https:\/\/www.rc03-ilbenstadt.de\/wp-content\/uploads\/2014\/03\/B-RC03-140323-45-Fr\u00fchjahrs-RTF-Start+Ziel-WEB.jpg\" rel=\"lightbox[2892]\"><img loading=\"lazy\" decoding=\"async\" class=\"alignleft  wp-image-2896\" src=\"https:\/\/www.rc03-ilbenstadt.de\/wp-content\/uploads\/2014\/03\/B-RC03-140323-45-Fr\u00fchjahrs-RTF-Start+Ziel-WEB-150x150.jpg\" alt=\"B-RC03-140323-45-Fr\u00fchjahrs-RTF-Start+Ziel-WEB\" width=\"150\" height=\"150\" \/><\/a><\/td>\n<td valign=\"top\"><a href=\"https:\/\/www.rc03-ilbenstadt.de\/wp-content\/uploads\/2014\/03\/B-RC03-140323-58-Fr\u00fchjahrs-RTF-Start+Ziel-WEB.jpg\" rel=\"lightbox[2892]\"><img loading=\"lazy\" decoding=\"async\" class=\"alignleft size-thumbnail wp-image-2897\" src=\"https:\/\/www.rc03-ilbenstadt.de\/wp-content\/uploads\/2014\/03\/B-RC03-140323-58-Fr\u00fchjahrs-RTF-Start+Ziel-WEB-150x150.jpg\" alt=\"B-RC03-140323-58-Fr\u00fchjahrs-RTF-Start+Ziel-WEB\" width=\"150\" height=\"150\" \/><\/a><\/td>\n<td><a href=\"https:\/\/www.rc03-ilbenstadt.de\/wp-content\/uploads\/2014\/03\/B-RC03-140323-33-Fr\u00fchjahrs-RTF-Start+Ziel-WEB.jpg\" rel=\"lightbox[2892]\"><img loading=\"lazy\" decoding=\"async\" class=\"alignleft size-thumbnail wp-image-2894\" src=\"https:\/\/www.rc03-ilbenstadt.de\/wp-content\/uploads\/2014\/03\/B-RC03-140323-33-Fr\u00fchjahrs-RTF-Start+Ziel-WEB-150x150.jpg\" alt=\"B-RC03-140323-33-Fr\u00fchjahrs-RTF-Start+Ziel-WEB\" width=\"150\" height=\"150\" \/><\/a><\/td>\n<\/tr>\n<tr>\n<td>Start und Ziel<\/td>\n<td>Am Startstempel<\/td>\n<td>Sandhasen<\/td>\n<\/tr>\n<tr>\n<td><a href=\"https:\/\/www.rc03-ilbenstadt.de\/wp-content\/uploads\/2014\/03\/B-RC03-140323-115-Fr\u00fchjahrs-RTF-Kontrolle_Laubach.jpg\" rel=\"lightbox[2892]\"><img loading=\"lazy\" decoding=\"async\" class=\"alignleft size-thumbnail wp-image-2903\" src=\"https:\/\/www.rc03-ilbenstadt.de\/wp-content\/uploads\/2014\/03\/B-RC03-140323-115-Fr\u00fchjahrs-RTF-Kontrolle_Laubach-150x150.jpg\" alt=\"B-RC03-140323-115-Fr\u00fchjahrs-RTF-Kontrolle_Laubach\" width=\"150\" height=\"150\" \/><\/a><\/td>\n<td><a href=\"https:\/\/www.rc03-ilbenstadt.de\/wp-content\/uploads\/2014\/03\/B-RC03-140323-108-Fr\u00fchjahrs-RTF-Kontrolle_Laubach.jpg\" rel=\"lightbox[2892]\"><img loading=\"lazy\" decoding=\"async\" class=\"alignleft size-thumbnail wp-image-2901\" src=\"https:\/\/www.rc03-ilbenstadt.de\/wp-content\/uploads\/2014\/03\/B-RC03-140323-108-Fr\u00fchjahrs-RTF-Kontrolle_Laubach-150x150.jpg\" alt=\"B-RC03-140323-108-Fr\u00fchjahrs-RTF-Kontrolle_Laubach\" width=\"150\" height=\"150\" \/><\/a><\/td>\n<td><a href=\"https:\/\/www.rc03-ilbenstadt.de\/wp-content\/uploads\/2014\/03\/B-RC03-140323-112-Fr\u00fchjahrs-RTF-Kontrolle_Laubach.jpg\" rel=\"lightbox[2892]\"><img loading=\"lazy\" decoding=\"async\" class=\"alignleft size-thumbnail wp-image-2902\" src=\"https:\/\/www.rc03-ilbenstadt.de\/wp-content\/uploads\/2014\/03\/B-RC03-140323-112-Fr\u00fchjahrs-RTF-Kontrolle_Laubach-150x150.jpg\" alt=\"B-RC03-140323-112-Fr\u00fchjahrs-RTF-Kontrolle_Laubach\" width=\"150\" height=\"150\" \/><\/a><\/td>\n<\/tr>\n<tr>\n<td valign=\"top\">Kontrollestelle Laubach<br \/>\nBild: Burkhard Kling<\/td>\n<td valign=\"top\">Kontrollestelle Laubach<br \/>\nBild: Burkhard Kling<\/td>\n<td valign=\"top\">Fahrer in Laubach<br \/>\nBild: Burkhard Kling<\/td>\n<\/tr>\n<\/tbody>\n<\/table>\n<p>Das Wetter hielt und die Temperaturen kletterten in den kleinen zweistelligen Bereich. Zufriedene Gesichter bei Radsportlerinnen und -sportlern, aber auch bei unseren Helferinnen und Helfern, denen angesichts des gro\u00dfen Teilnehmerfeldes auch ihre Arbeit sichtlich Spa\u00df machte.<\/p>\n<p>An Start und Ziel war die Gelegenheit, sich mit Gleichgesinnten, langj\u00e4hrigen Freunden und Bekannten auszutauschen, es sich an Kuchentheke und Grill schmecken zu lassen. Auch die frisch zubereitete Erbsensuppe fand Beifall. Im n\u00e4chsten Jahr werden wir hier sicher in der Auswahl der Zutaten auch eine Extraportion f\u00fcr die vegetarische Ern\u00e4hrung bereit halten.<\/p>\n<p>Vor der Siegerehrung richtete der neue und alte B\u00fcrgermeister der Stadt Niddatal, Herr Dr. Hertel ein Gru\u00dfwort an die Radsportgemeinde. Der erste Vorsitzende dankte den Sportlerinnen und Sportlern f\u00fcr den Besuch unserer &#8222;Wetterau- und Vogelsbergrundfahrt&#8220; und allen Helferinnen und Helfern, die engagiert diese Veranstaltung erm\u00f6glicht haben. Nach diesen Worten des Dankes wurden die Sieger der BDR-Mannschaften geehrt. Folgende Mannschaften konnten die Gl\u00fcckw\u00fcnsche vom B\u00fcrgermeister und unserem frisch gebackenen RTF-\/CTF-Fachwart Kurt L\u00f6chner entgegen nehmen:<\/p>\n<p>1. Platz\u00a0 RV Wanderlust Gambach (13 Fahrerinnen und Fahrer)<br \/>\n2. Platz RV Germania Nieder-Weisel (12 Fahrerinnen und Fahrer)<br \/>\n3. Platz RV Germania Hungen (12 Fahrerinnen und Fahrer)<br \/>\n4. Platz RV Ober-M\u00f6rlen (10 Fahrerinnen und Fahrer)<br \/>\n5. Platz RTC Sandhasen W\u00f6lfersheim (10 Fahrerinnen und Fahrer)<br \/>\nBei der Siegerehrung stellte sich wieder heraus, dass der ein oder andere Verein noch auf der Strecke war oder sich, weil im Sternfahrtmodus teilgenomen wurde, schon auf dem Heimweg befand. Letztlich haben dann doch alle Mannschaften Ihre Ehrung erhalten, auch die strahlende Siegerin vom RV Wanderlust Gambach, die stolz den &#8222;Werner-B\u00fcrgin-Wanderpokal&#8220; und den Siegerpokal pr\u00e4sentieren konnte.<\/p>\n<table border=\"0\">\n<tbody>\n<tr>\n<td><a href=\"https:\/\/www.rc03-ilbenstadt.de\/wp-content\/uploads\/2014\/03\/B-RC03-140323-84-Fr\u00fchjahrs-RTF-Siegerehrung-WEB.jpg\" rel=\"lightbox[2892]\"><img loading=\"lazy\" decoding=\"async\" class=\"alignleft size-thumbnail wp-image-2907\" src=\"https:\/\/www.rc03-ilbenstadt.de\/wp-content\/uploads\/2014\/03\/B-RC03-140323-84-Fr\u00fchjahrs-RTF-Siegerehrung-WEB-150x150.jpg\" alt=\"B-RC03-140323-84-Fr\u00fchjahrs-RTF-Siegerehrung-WEB\" width=\"150\" height=\"150\" \/><\/a><\/td>\n<td><a href=\"https:\/\/www.rc03-ilbenstadt.de\/wp-content\/uploads\/2014\/03\/B-RC03-140323-96-Fr\u00fchjahrs-RTF-Siegerehrung-WEB.jpg\" rel=\"lightbox[2892]\"><img loading=\"lazy\" decoding=\"async\" class=\"alignleft size-thumbnail wp-image-2912\" src=\"https:\/\/www.rc03-ilbenstadt.de\/wp-content\/uploads\/2014\/03\/B-RC03-140323-96-Fr\u00fchjahrs-RTF-Siegerehrung-WEB-150x150.jpg\" alt=\"B-RC03-140323-96-Fr\u00fchjahrs-RTF-Siegerehrung-WEB\" width=\"150\" height=\"150\" \/><\/a><\/td>\n<td><a href=\"https:\/\/www.rc03-ilbenstadt.de\/wp-content\/uploads\/2014\/03\/B-RC03-140323-98-Fr\u00fchjahrs-RTF-Siegerehrung-WEB.jpg\" rel=\"lightbox[2892]\"><img loading=\"lazy\" decoding=\"async\" class=\"alignleft size-thumbnail wp-image-2911\" src=\"https:\/\/www.rc03-ilbenstadt.de\/wp-content\/uploads\/2014\/03\/B-RC03-140323-98-Fr\u00fchjahrs-RTF-Siegerehrung-WEB-150x150.jpg\" alt=\"B-RC03-140323-98-Fr\u00fchjahrs-RTF-Siegerehrung-WEB\" width=\"150\" height=\"150\" \/><\/a><\/td>\n<\/tr>\n<tr>\n<td>Ehrung<br \/>\nRV Nieder-Weisel<\/td>\n<td>Ehrung<br \/>\nRVW Gambach<\/td>\n<td>Ehrung<br \/>\nRV Ober-M\u00f6rlen und<br \/>\nRVW Gambach<\/td>\n<\/tr>\n<\/tbody>\n<\/table>\n<p>Mit der Einladung zur Herbst-RTF des RC 03 Ilbenstadt klang die Veranstaltung aus.<\/p>\n","protected":false},"excerpt":{"rendered":"<p>Um 08:00 Uhr starteten die ersten Fahrerinnen und Fahrer in Ilbenstadt. Alle noch dick verpackt, w\u00e4rmende Kleidung geh\u00f6rt immer noch zur Standardausr\u00fcstung, denn die herrlichen Sonnentage, die uns das Fr\u00fchjahr schon beschert hatte, wurden vermisst. Die drastische Wetterverschlechterung zum Wochenende &hellip; <a href=\"https:\/\/www.rc03-ilbenstadt.de\/?p=2892\">Weiterlesen <span class=\"meta-nav\">&rarr;<\/span><\/a><\/p>\n","protected":false},"author":9,"featured_media":2880,"comment_status":"closed","ping_status":"closed","sticky":false,"template":"","format":"standard","meta":{"_crdt_document":"","footnotes":""},"categories":[1],"tags":[],"class_list":["post-2892","post","type-post","status-publish","format-standard","has-post-thumbnail","hentry","category-allgemein"],"_links":{"self":[{"href":"https:\/\/www.rc03-ilbenstadt.de\/index.php?rest_route=\/wp\/v2\/posts\/2892","targetHints":{"allow":["GET"]}}],"collection":[{"href":"https:\/\/www.rc03-ilbenstadt.de\/index.php?rest_route=\/wp\/v2\/posts"}],"about":[{"href":"https:\/\/www.rc03-ilbenstadt.de\/index.php?rest_route=\/wp\/v2\/types\/post"}],"author":[{"embeddable":true,"href":"https:\/\/www.rc03-ilbenstadt.de\/index.php?rest_route=\/wp\/v2\/users\/9"}],"replies":[{"embeddable":true,"href":"https:\/\/www.rc03-ilbenstadt.de\/index.php?rest_route=%2Fwp%2Fv2%2Fcomments&post=2892"}],"version-history":[{"count":0,"href":"https:\/\/www.rc03-ilbenstadt.de\/index.php?rest_route=\/wp\/v2\/posts\/2892\/revisions"}],"wp:featuredmedia":[{"embeddable":true,"href":"https:\/\/www.rc03-ilbenstadt.de\/index.php?rest_route=\/wp\/v2\/media\/2880"}],"wp:attachment":[{"href":"https:\/\/www.rc03-ilbenstadt.de\/index.php?rest_route=%2Fwp%2Fv2%2Fmedia&parent=2892"}],"wp:term":[{"taxonomy":"category","embeddable":true,"href":"https:\/\/www.rc03-ilbenstadt.de\/index.php?rest_route=%2Fwp%2Fv2%2Fcategories&post=2892"},{"taxonomy":"post_tag","embeddable":true,"href":"https:\/\/www.rc03-ilbenstadt.de\/index.php?rest_route=%2Fwp%2Fv2%2Ftags&post=2892"}],"curies":[{"name":"wp","href":"https:\/\/api.w.org\/{rel}","templated":true}]}}