{"id":2931,"date":"2014-04-01T12:30:01","date_gmt":"2014-04-01T10:30:01","guid":{"rendered":"http:\/\/www.rc03-ilbenstadt.de\/?p=2931"},"modified":"2014-04-17T14:30:43","modified_gmt":"2014-04-17T12:30:43","slug":"wir-trauern-um-unseren-ehrenvorsitzenden-theobald-hof","status":"publish","type":"post","link":"https:\/\/www.rc03-ilbenstadt.de\/?p=2931","title":{"rendered":"Wir trauern um unseren Ehrenvorsitzenden <br \/>Theobald Hof"},"content":{"rendered":"<p>Theo ist in der Nacht vom 30. auf den 31. M\u00e4rz f\u00fcr uns alle unerwartet im Alter von 85 Jahren verstorben. Nach der Diamanten Hochzeit, die Doris und Theo Hof am 10. Oktober im vergangenen Jahr feierten, sorgten wir uns bis weit \u00fcber den Jahreswechsel hinaus um deren Gesundheit. Es ging wieder aufw\u00e4rts, doch musste Theo seinem Alter Tribut zollen; der alte Elan wollte sich nicht mehr so recht einstellen. Die Nachricht von seinem pl\u00f6tzlichen Tod hat uns tief getroffen. Theo war f\u00fcr den Radsport in Ilbenstadt und dar\u00fcber hinaus ein Urgestein, dessen Fehlen sich noch an vielen Stellen bemerkbar machen wird.<\/p>\n<p>Im M\u00e4rz 1949 wurde die Vereinsarbeit im RC 03 Ilbenstadt nach der nationalsozialistischen Zwangsherrschaft wieder aufgenommen. Bereits im Juli 1949 wurde Theo nach einer Werbeveranstaltung in der Ilbenst\u00e4dter Gastst\u00e4tte &#8222;Zum Niddastrand&#8220; Mitglied als aktiver Radfahrer. Schon 1952 <!--more-->wurde er als 2. Saalfahrwart ehrenamtlich aktiv, um schlie\u00dflich \u00fcber die Station des 1. Saalfahrwartes 1966 die Position eines 1. Vorsitzenden zu \u00fcbernehmen, die er erst im Jahre 2008 abgeben sollte. In den 60er Jahren musste eine schwierige Zeit \u00fcberwunden werden. Die Mitgliederzahlen schwankten um die 30, die radsportlichen Aktivit\u00e4ten lagen brach. Allm\u00e4hlich bl\u00fchte unter Theo der Verein wieder auf. Der Schwerpunkt der sportlichen Aktivit\u00e4ten lag auf dem Rennsport. Folgerichtig engagierte sich Theo als Wettfahrwart Stra\u00dfe im Radsportbezirk Taunus-Wetterau. Der Verein unterst\u00fctzte den Radsportbezirk in der Ausrichtung des national und international besetzten Rennens &#8222;Rund um die Walzenm\u00fchle&#8220;, das sp\u00e4ter mit der Startverlegung nach Ilbenstadt in &#8222;Preis der Stadt Niddatal&#8220; umbenannt wurde. 1975 konnte der Vorstand mit Theo an der Spitze wieder auf 144 Mitglieder blicken, davon 17 jugendliche Radrennfahrer und 12 Amateure. Diese wollten betreut sein. Rennmaschinen, Bekleidung und die langen Fahrten zu und von Rennen, die auch schon mal ins Ausland f\u00fchrten, mussten organisiert und finanziert werden. Eine Aufgabe, der sich Theo unter R\u00fcckstellung privater Interessen stellte. Dass Theo zeitgleich ein Fuhrunternehmen mit seiner Frau Doris f\u00fchrte, dass er in Berufsverb\u00e4nden, der Kommunalpolitik und anderen Vereinen mitarbeitete, zeigt auf, dass der Radsport f\u00fcr ihn schon eine Herzensangelegenheit war.<\/p>\n<p>Gegen Ende der 80er Jahre war die Zeit des Radrennsportes in Ilbenstadt vorbei. Die Probleme in der Finanzierung, die Trainerfrage, der Mitgliedergewinnung, aber auch die Spaltung des Vereins, die der 1. Vorsitzende nicht mehr verhindern konnte und die einige Radrennfahrer in den RSC Niddatal wechseln lie\u00dfen, l\u00e4uteten die \u00c4ra des Breitensportes in Ilbenstadt ein. Anfangs fand sich immer noch eine Mannschaft f\u00fcr das Korsofahren, das heute nicht mehr &#8222;modern&#8220; ist und auf eine Renaissance hofft. Das Radtourenfahren (RTF) etablierte sich. Mittlerweile organisiert der RC 03 Ilbenstadt im 37. Jahr im M\u00e4rz und im September jeweils eine RTF mit Tourenangeboten mit 42, 75, 114 und 156 Kilometern, die in den 90er Jahren \u00fcber 1.000 Radsportlerinnen und Radsportler nach Ilbenstadt f\u00fchrten und die heute noch um die 600 Starterinnen und Starter anziehen.<\/p>\n<p>So f\u00fchrte Theo den Verein durch die Jahrzehnte, reagierte auf gesellschaftliche und sportliche Str\u00f6mungen. Er hat pers\u00f6nliche Belange hinten angestellt, selbst gesundheitliche Risiken haben ihn kaum bremsen k\u00f6nnen. Die durchschnittlichen Erwartungen an ein Mitglied zur Mitarbeit am Vereinsleben, im Radsportbezirk und Verband, hat der vielfach geehrte Theo weit \u00fcbertroffen. Sein gro\u00dfes Engagement wurde letztlich in 2003 mit dem Bundesverdienstkreuz gew\u00fcrdigt.<\/p>\n<p>Wir vermissen Theo und trauern um ihn. Unsere Gedanken sind bei seiner Ehefrau Doris und den Angeh\u00f6rigen, denen wir unsere herzliche Anteilnahme versichern. Theo werden wir ein ehrendes Andenken bewahren und ihn dankbar in guter Erinnerung behalten.<\/p>\n<p>Der Vorstand<\/p>\n<p>Hinweis:<br \/>\nDie Trauerfeier mit Urnenbeisetzung findet am Dienstag, dem 8. April 2014, 14:00 Uhr,\u00a0 in Ilbenstadt statt. Es schlie\u00dft sich ein Requiem in der Basilika an. Danach l\u00e4dt die Familie zum Kaffee in das B\u00fcrgerhaus ein.<\/p>\n","protected":false},"excerpt":{"rendered":"<p>Theo ist in der Nacht vom 30. auf den 31. M\u00e4rz f\u00fcr uns alle unerwartet im Alter von 85 Jahren verstorben. Nach der Diamanten Hochzeit, die Doris und Theo Hof am 10. Oktober im vergangenen Jahr feierten, sorgten wir uns &hellip; <a href=\"https:\/\/www.rc03-ilbenstadt.de\/?p=2931\">Weiterlesen <span class=\"meta-nav\">&rarr;<\/span><\/a><\/p>\n","protected":false},"author":9,"featured_media":2930,"comment_status":"closed","ping_status":"closed","sticky":false,"template":"","format":"standard","meta":{"_crdt_document":"","footnotes":""},"categories":[1],"tags":[],"class_list":["post-2931","post","type-post","status-publish","format-standard","has-post-thumbnail","hentry","category-allgemein"],"_links":{"self":[{"href":"https:\/\/www.rc03-ilbenstadt.de\/index.php?rest_route=\/wp\/v2\/posts\/2931","targetHints":{"allow":["GET"]}}],"collection":[{"href":"https:\/\/www.rc03-ilbenstadt.de\/index.php?rest_route=\/wp\/v2\/posts"}],"about":[{"href":"https:\/\/www.rc03-ilbenstadt.de\/index.php?rest_route=\/wp\/v2\/types\/post"}],"author":[{"embeddable":true,"href":"https:\/\/www.rc03-ilbenstadt.de\/index.php?rest_route=\/wp\/v2\/users\/9"}],"replies":[{"embeddable":true,"href":"https:\/\/www.rc03-ilbenstadt.de\/index.php?rest_route=%2Fwp%2Fv2%2Fcomments&post=2931"}],"version-history":[{"count":0,"href":"https:\/\/www.rc03-ilbenstadt.de\/index.php?rest_route=\/wp\/v2\/posts\/2931\/revisions"}],"wp:featuredmedia":[{"embeddable":true,"href":"https:\/\/www.rc03-ilbenstadt.de\/index.php?rest_route=\/wp\/v2\/media\/2930"}],"wp:attachment":[{"href":"https:\/\/www.rc03-ilbenstadt.de\/index.php?rest_route=%2Fwp%2Fv2%2Fmedia&parent=2931"}],"wp:term":[{"taxonomy":"category","embeddable":true,"href":"https:\/\/www.rc03-ilbenstadt.de\/index.php?rest_route=%2Fwp%2Fv2%2Fcategories&post=2931"},{"taxonomy":"post_tag","embeddable":true,"href":"https:\/\/www.rc03-ilbenstadt.de\/index.php?rest_route=%2Fwp%2Fv2%2Ftags&post=2931"}],"curies":[{"name":"wp","href":"https:\/\/api.w.org\/{rel}","templated":true}]}}