{"id":2950,"date":"2014-04-16T13:53:34","date_gmt":"2014-04-16T11:53:34","guid":{"rendered":"http:\/\/www.rc03-ilbenstadt.de\/?p=2950"},"modified":"2014-04-19T17:29:42","modified_gmt":"2014-04-19T15:29:42","slug":"rtf-am-sonntag-dem-13-april-2014-beim-vc-frankfurt","status":"publish","type":"post","link":"https:\/\/www.rc03-ilbenstadt.de\/?p=2950","title":{"rendered":"RTF am Sonntag, dem 13. April 2014 beim VC Frankfurt <br \/>Auf zur Hansen-RTF, wenn es auch schwer f\u00e4llt!"},"content":{"rendered":"<p>Der morgendliche Fensterblick: Bew\u00f6lkter Himmel, ein frischer Wind und k\u00fchle Temperaturen. Ich hatte wegen eines Sturzes, dessen Folgen ich am Mittwoch noch nicht absehen konnte, vorsichtshalber von einer Meldung abgesehen. Am Vortag hatte ich jedoch mein Erscheinen in Urberach verk\u00fcndet und wollte keinen R\u00fcckzieher machen. Die Fahrt zum Startort war kuschelig warm, die Heizung lief und die Sonne lie\u00df sich blicken. \u00d6fters schweifte mein Blick auf die Au\u00dfentemperaturanzeige, die sich langsam von 7\u00b0 Celsius auf 9\u00b0 Celsius erh\u00f6hte. Dies machte Armlinge und einen Windlatz erforderlich, die zwar nicht viel halfen, aber die<!--more--> psychische Unterst\u00fctzung war<img decoding=\"async\" title=\"Weiterlesen \u2026\" src=\"http:\/\/mg.rc03-ilbenstadt.de\/wp-includes\/js\/tinymce\/plugins\/wordpress\/img\/trans.gif\" alt=\"\" \/> schon ungeheuer.<\/p>\n<p>Am Start herrschte reges Treiben, die Parkpl\u00e4tze waren knapp und es sollten insgesamt \u00fcber 700 unentwegte Radlerinnen und Radler hier gewesen sein. Sonne, der frische Wind und die sch\u00f6ne Landschaft des Hessischen Riedes mit ausgedehnten Spargelfeldern, auf denen schon emsig geerntet wurde, leuchtend gelbe Rapsfelder, gr\u00fcne und braune \u00c4cker, Baum und Buschbestand, sowie die Ausblicke zum Odenwald machten die Tour zum Vergn\u00fcgen. Sicher, den Wind musste man schon mal ausblenden. Es gab aber schon Zeiten, wo er kr\u00e4ftiger geblasen hatte. Bis zur ersten Kontrolle verweigerte mein Schalthebel die Arbeit und ich trug mich schon mit dem Gedanken, das Schaltwerk fix vom 12er Ritzel per Werkzeugeinsatz auf ein gr\u00f6\u00dferes einzustellen, um f\u00fcr die leichten H\u00fcgel nach der ersten Kontrolle ger\u00fcstet zu sein. Doch das Hansen-Serviceteam untersuchte den Defekt professionell und half mir mit dem Rat, dass ein manuelles Hochziehen des Schalthebels zum Runterschalten die Funktion umst\u00e4ndlich, aber zuverl\u00e4ssig sicherstellte. So konnte ich die n\u00e4chsten Kilometer ruhig angehen.<\/p>\n<p>Am Ziel traf ich denn noch einige im Ilbenst\u00e4dter Trikot. Unsere Meldeliste war nicht &#8222;ausgelastet&#8220;, so dass wir im Wettbewerb der BDR-Vereine keinen vorderen Platz erringen konnten. Das Radteam Neu-Isenburg belegte mit 39 Starterinnen und Startern sourver\u00e4n den 1. Platz, gefolgt vom RC Hattersheim mit 27 Startern.<\/p>\n<p>Hier einige Impressionen von der Tour:<\/p>\n<table border=\"0\">\n<tbody>\n<tr>\n<td style=\"text-align: center;\"><a href=\"https:\/\/www.rc03-ilbenstadt.de\/wp-content\/uploads\/2014\/04\/B-RC03-RTF-140413-VC_Frankfurt-02-Impressionen-WEB.jpg\" rel=\"lightbox[2950]\"><img loading=\"lazy\" decoding=\"async\" class=\"alignleft size-thumbnail wp-image-2955\" src=\"https:\/\/www.rc03-ilbenstadt.de\/wp-content\/uploads\/2014\/04\/B-RC03-RTF-140413-VC_Frankfurt-02-Impressionen-WEB-150x150.jpg\" alt=\"B-RC03-RTF-140413-VC_Frankfurt-02-Impressionen-WEB\" width=\"150\" height=\"150\" \/><\/a><\/td>\n<td><a href=\"https:\/\/www.rc03-ilbenstadt.de\/wp-content\/uploads\/2014\/04\/B-RC03-RTF-140413-VC_Frankfurt-05-Impressionen-WEB.jpg\" rel=\"lightbox[2950]\"><img loading=\"lazy\" decoding=\"async\" class=\"alignleft size-thumbnail wp-image-2956\" src=\"https:\/\/www.rc03-ilbenstadt.de\/wp-content\/uploads\/2014\/04\/B-RC03-RTF-140413-VC_Frankfurt-05-Impressionen-WEB-150x150.jpg\" alt=\"B-RC03-RTF-140413-VC_Frankfurt-05-Impressionen-WEB\" width=\"150\" height=\"150\" \/><\/a><\/td>\n<td><a href=\"https:\/\/www.rc03-ilbenstadt.de\/wp-content\/uploads\/2014\/04\/B-RC03-RTF-140413-VC_Frankfurt-06-Impressionen-WEB.jpg\" rel=\"lightbox[2950]\"><img loading=\"lazy\" decoding=\"async\" class=\"alignleft size-thumbnail wp-image-2957\" src=\"https:\/\/www.rc03-ilbenstadt.de\/wp-content\/uploads\/2014\/04\/B-RC03-RTF-140413-VC_Frankfurt-06-Impressionen-WEB-150x150.jpg\" alt=\"B-RC03-RTF-140413-VC_Frankfurt-06-Impressionen-WEB\" width=\"150\" height=\"150\" \/><\/a><\/td>\n<\/tr>\n<tr>\n<td><a href=\"https:\/\/www.rc03-ilbenstadt.de\/wp-content\/uploads\/2014\/04\/B-RC03-RTF-140413-VC_Frankfurt-07-Impressionen-WEB.jpg\" rel=\"lightbox[2950]\"><img loading=\"lazy\" decoding=\"async\" class=\"alignleft size-thumbnail wp-image-2958\" src=\"https:\/\/www.rc03-ilbenstadt.de\/wp-content\/uploads\/2014\/04\/B-RC03-RTF-140413-VC_Frankfurt-07-Impressionen-WEB-150x150.jpg\" alt=\"B-RC03-RTF-140413-VC_Frankfurt-07-Impressionen-WEB\" width=\"150\" height=\"150\" \/><\/a><\/td>\n<td><a href=\"https:\/\/www.rc03-ilbenstadt.de\/wp-content\/uploads\/2014\/04\/B-RC03-RTF-140413-VC_Frankfurt-10-Impressionen-WEB.jpg\" rel=\"lightbox[2950]\"><img loading=\"lazy\" decoding=\"async\" class=\"alignleft size-thumbnail wp-image-2959\" src=\"https:\/\/www.rc03-ilbenstadt.de\/wp-content\/uploads\/2014\/04\/B-RC03-RTF-140413-VC_Frankfurt-10-Impressionen-WEB-150x150.jpg\" alt=\"B-RC03-RTF-140413-VC_Frankfurt-10-Impressionen-WEB\" width=\"150\" height=\"150\" \/><\/a><\/td>\n<td><a href=\"https:\/\/www.rc03-ilbenstadt.de\/wp-content\/uploads\/2014\/04\/B-RC03-RTF-140413-VC_Frankfurt-11-Impressionen-WEB.jpg\" rel=\"lightbox[2950]\"><img loading=\"lazy\" decoding=\"async\" class=\"alignleft size-thumbnail wp-image-2960\" src=\"https:\/\/www.rc03-ilbenstadt.de\/wp-content\/uploads\/2014\/04\/B-RC03-RTF-140413-VC_Frankfurt-11-Impressionen-WEB-150x150.jpg\" alt=\"B-RC03-RTF-140413-VC_Frankfurt-11-Impressionen-WEB\" width=\"150\" height=\"150\" \/><\/a><\/td>\n<\/tr>\n<\/tbody>\n<\/table>\n","protected":false},"excerpt":{"rendered":"<p>Der morgendliche Fensterblick: Bew\u00f6lkter Himmel, ein frischer Wind und k\u00fchle Temperaturen. Ich hatte wegen eines Sturzes, dessen Folgen ich am Mittwoch noch nicht absehen konnte, vorsichtshalber von einer Meldung abgesehen. Am Vortag hatte ich jedoch mein Erscheinen in Urberach verk\u00fcndet &hellip; <a href=\"https:\/\/www.rc03-ilbenstadt.de\/?p=2950\">Weiterlesen <span class=\"meta-nav\">&rarr;<\/span><\/a><\/p>\n","protected":false},"author":9,"featured_media":2951,"comment_status":"closed","ping_status":"closed","sticky":false,"template":"","format":"standard","meta":{"_crdt_document":"","footnotes":""},"categories":[1],"tags":[],"class_list":["post-2950","post","type-post","status-publish","format-standard","has-post-thumbnail","hentry","category-allgemein"],"_links":{"self":[{"href":"https:\/\/www.rc03-ilbenstadt.de\/index.php?rest_route=\/wp\/v2\/posts\/2950","targetHints":{"allow":["GET"]}}],"collection":[{"href":"https:\/\/www.rc03-ilbenstadt.de\/index.php?rest_route=\/wp\/v2\/posts"}],"about":[{"href":"https:\/\/www.rc03-ilbenstadt.de\/index.php?rest_route=\/wp\/v2\/types\/post"}],"author":[{"embeddable":true,"href":"https:\/\/www.rc03-ilbenstadt.de\/index.php?rest_route=\/wp\/v2\/users\/9"}],"replies":[{"embeddable":true,"href":"https:\/\/www.rc03-ilbenstadt.de\/index.php?rest_route=%2Fwp%2Fv2%2Fcomments&post=2950"}],"version-history":[{"count":0,"href":"https:\/\/www.rc03-ilbenstadt.de\/index.php?rest_route=\/wp\/v2\/posts\/2950\/revisions"}],"wp:featuredmedia":[{"embeddable":true,"href":"https:\/\/www.rc03-ilbenstadt.de\/index.php?rest_route=\/wp\/v2\/media\/2951"}],"wp:attachment":[{"href":"https:\/\/www.rc03-ilbenstadt.de\/index.php?rest_route=%2Fwp%2Fv2%2Fmedia&parent=2950"}],"wp:term":[{"taxonomy":"category","embeddable":true,"href":"https:\/\/www.rc03-ilbenstadt.de\/index.php?rest_route=%2Fwp%2Fv2%2Fcategories&post=2950"},{"taxonomy":"post_tag","embeddable":true,"href":"https:\/\/www.rc03-ilbenstadt.de\/index.php?rest_route=%2Fwp%2Fv2%2Ftags&post=2950"}],"curies":[{"name":"wp","href":"https:\/\/api.w.org\/{rel}","templated":true}]}}