{"id":3010,"date":"2014-04-22T14:19:25","date_gmt":"2014-04-22T12:19:25","guid":{"rendered":"http:\/\/www.rc03-ilbenstadt.de\/?p=3010"},"modified":"2014-04-22T17:23:37","modified_gmt":"2014-04-22T15:23:37","slug":"country-touren_fahrt-ctf-bei-den-woelfersheimer-sandhasen-am-ostermontag-dem-21-april-2014","status":"publish","type":"post","link":"https:\/\/www.rc03-ilbenstadt.de\/?p=3010","title":{"rendered":"Country-Touren-Fahrt (CTF) bei den W\u00f6lfersheimer Sandhasen am Ostermontag, dem 21. April 2014"},"content":{"rendered":"<p>Das Country-Tourenfahren ist die breitensportliche Variante des Tourenfahrens abseits des Stra\u00dfenverkehrs. Das Naturerleben steht hier im Vordergrund und anstatt des Rennrades ist ein Mountainbike oder ein Trekkingrad in Wald und Flur die erste Wahl. W\u00e4hrend die k\u00fcrzeren Strecken in aller Regel einach zu befahren sind und auch Einsteiger ansprechen sollen, werden auf den l\u00e4ngeren Strecken schon fahrerisches K\u00f6nnen und Fahrradbeherrschung nicht von Nachteil sein.<\/p>\n<p>Der RTC Sandhasen W\u00f6lfersheim hat \u00fcber Ostern gut gearbeitet und mit der 9-Seen-CTF sch\u00f6ne, abwechslungsreiche und auch &#8222;anspruchsvolle&#8220; Strecken von 19, 35, 54 und 67 Kilometern ausgeschildert. An ausgew\u00e4hlten<!--more--> Stellen konnten parallel Singletrails mit besonderem Schwierigkeitsgrad gefahren werden. Der Anteil nicht asphaltierter oder betonierter Feld- und Waldwege war erfreulich hoch; der Untergrund bot neben der sch\u00f6nen Wetterauer Landschaft viel Abwechslung und verlangte hier und da auch Steuerkunst. Bei meist strahlendem Sonnenschein war es eine Freude den Singletrails zu folgen, aber auch den tiefen Schotter energisch zu bearbeiten, der den Weg zur 2. Kontrolle rund um den Oberen Knappensee bedeckte. Nicht jeder Radfahrverein ist in den Bergen zu Hause und auch die W\u00f6lfersheimer Sandhasen sehen nur von fern Taunus oder Vogelsberg. Doch haben sie in der Wetterau alle H\u00fcgel, die irgendwie in die Touren einzubauen waren, gesammelt und daraus ein gelungenes Angebot gestrickt. Anderer Meinung k\u00f6nnten einige wenige sein, die kr\u00e4ftige Anstiege zur Fu\u00dfg\u00e4ngerzone umwidmen mussten. Ein Gef\u00e4llstrecke endete nach einer langezogenen Linkskurve abrupt an einer Kontrolle. So konnte die Kontrollstellenbesatzung den Fahrerinnen und Fahrern ins Auge blicken, w\u00e4hrend diese teilweise mit blockierenden R\u00e4dern alle Anstrengungen unternahmen, doch noch in den Genuss des begehrten Stempels auf der Startkarte zu kommen. Zum Lohn durfte nach erfolgter Kontrolle die Strecke bergauf unter die R\u00e4der genommen werden. Hintergrund f\u00fcr diesen Kontrollort war die Auflage, keine Kontrollestelle im Wald zu betreiben.<\/p>\n<p>Nach der Tour konnten im Dorfgemeinschaftshaus zu Melbach in geselliger Runde bei Kaffee, Kuchen, k\u00fchlen Getr\u00e4nken und anderen Speisen die leeren Speicher wieder gef\u00fcllt werden.<\/p>\n<p>Im Wettbewerb der BDR-Vereine lag der RC Edelweis Nieder-W\u00f6llstadt mit 17 Fahrerinnen und Fahrern auf dem ersten Platz, gefolgt von dem RV Germania Hungen (16 Starter) und dem RV 1910 Oberm\u00f6rlen, die sich mit uns mit je 14 Startern den 3. Platz teilten.<br \/>\nMit rund 350 Starterinnen und Startern, die etwa 70 (!) Vereine rep\u00e4sentierten, wurde die gute Vorbereitung und Durchf\u00fchrung der CTF\u00a0 den W\u00f6lfersheimer Sandhasen belohnt.<\/p>\n<p>Hier noch einige Impressionen von der Strecke:<\/p>\n<table>\n<tbody>\n<tr>\n<td><a href=\"https:\/\/www.rc03-ilbenstadt.de\/wp-content\/uploads\/2014\/04\/B-RC03-140421-04-RTC_Sandhasen-Michael-WEB.jpg\" rel=\"lightbox[3010]\"><img loading=\"lazy\" decoding=\"async\" class=\"alignleft size-thumbnail wp-image-2995\" src=\"https:\/\/www.rc03-ilbenstadt.de\/wp-content\/uploads\/2014\/04\/B-RC03-140421-04-RTC_Sandhasen-Michael-WEB-150x150.jpg\" alt=\"B-RC03-140421-04-RTC_Sandhasen-Michael-WEB\" width=\"150\" height=\"150\" \/><\/a><\/td>\n<td><a href=\"https:\/\/www.rc03-ilbenstadt.de\/wp-content\/uploads\/2014\/04\/B-RC03-140421-07-RTC_Sandhasen-K1_Impresssionen-WEB.jpg\" rel=\"lightbox[3010]\"><img loading=\"lazy\" decoding=\"async\" class=\"alignleft size-thumbnail wp-image-2996\" src=\"https:\/\/www.rc03-ilbenstadt.de\/wp-content\/uploads\/2014\/04\/B-RC03-140421-07-RTC_Sandhasen-K1_Impresssionen-WEB-150x150.jpg\" alt=\"B-RC03-140421-07-RTC_Sandhasen-K1_Impresssionen-WEB\" width=\"150\" height=\"150\" \/><\/a><\/td>\n<td><a href=\"https:\/\/www.rc03-ilbenstadt.de\/wp-content\/uploads\/2014\/04\/B-RC03-140421-09-RTC_Sandhasen-K1_Streckenhinweis-WEB.jpg\" rel=\"lightbox[3010]\"><img loading=\"lazy\" decoding=\"async\" class=\"alignleft size-thumbnail wp-image-2997\" src=\"https:\/\/www.rc03-ilbenstadt.de\/wp-content\/uploads\/2014\/04\/B-RC03-140421-09-RTC_Sandhasen-K1_Streckenhinweis-WEB-150x150.jpg\" alt=\"B-RC03-140421-09-RTC_Sandhasen-K1_Streckenhinweis-WEB\" width=\"150\" height=\"150\" \/><\/a><\/td>\n<\/tr>\n<tr>\n<td>\u00a0<a href=\"https:\/\/www.rc03-ilbenstadt.de\/wp-content\/uploads\/2014\/04\/B-RC03-140421-12-RTC_Sandhasen-Impresssionen_Baum-WEB.jpg\" rel=\"lightbox[3010]\"><img loading=\"lazy\" decoding=\"async\" class=\"alignleft size-thumbnail wp-image-2998\" src=\"https:\/\/www.rc03-ilbenstadt.de\/wp-content\/uploads\/2014\/04\/B-RC03-140421-12-RTC_Sandhasen-Impresssionen_Baum-WEB-150x150.jpg\" alt=\"B-RC03-140421-12-RTC_Sandhasen-Impresssionen_Baum-WEB\" width=\"150\" height=\"150\" \/><\/a><\/td>\n<td>\u00a0<a href=\"https:\/\/www.rc03-ilbenstadt.de\/wp-content\/uploads\/2014\/04\/B-RC03-140421-17-RTC_Sandhasen-Fu\u00dfg\u00e4ngerzone-WEB.jpg\" rel=\"lightbox[3010]\"><img loading=\"lazy\" decoding=\"async\" class=\"alignleft size-thumbnail wp-image-2999\" src=\"https:\/\/www.rc03-ilbenstadt.de\/wp-content\/uploads\/2014\/04\/B-RC03-140421-17-RTC_Sandhasen-Fu\u00dfg\u00e4ngerzone-WEB-150x150.jpg\" alt=\"B-RC03-140421-17-RTC_Sandhasen-Fu\u00dfg\u00e4ngerzone-WEB\" width=\"150\" height=\"150\" \/><\/a><\/td>\n<td>\u00a0<a href=\"https:\/\/www.rc03-ilbenstadt.de\/wp-content\/uploads\/2014\/04\/B-RC03-140421-19-RTC_Sandhasen-Impresssionen_Waldweg-WEB.jpg\" rel=\"lightbox[3010]\"><img loading=\"lazy\" decoding=\"async\" class=\"alignleft size-thumbnail wp-image-3000\" src=\"https:\/\/www.rc03-ilbenstadt.de\/wp-content\/uploads\/2014\/04\/B-RC03-140421-19-RTC_Sandhasen-Impresssionen_Waldweg-WEB-150x150.jpg\" alt=\"B-RC03-140421-19-RTC_Sandhasen-Impresssionen_Waldweg-WEB\" width=\"150\" height=\"150\" \/><\/a><\/td>\n<\/tr>\n<tr>\n<td>\u00a0<a href=\"https:\/\/www.rc03-ilbenstadt.de\/wp-content\/uploads\/2014\/04\/B-RC03-140421-22-RTC_Sandhasen-Impresssionen_Betonweg+Michael-WEB.jpg\" rel=\"lightbox[3010]\"><img loading=\"lazy\" decoding=\"async\" class=\"alignleft size-thumbnail wp-image-3002\" src=\"https:\/\/www.rc03-ilbenstadt.de\/wp-content\/uploads\/2014\/04\/B-RC03-140421-22-RTC_Sandhasen-Impresssionen_Betonweg+Michael-WEB-150x150.jpg\" alt=\"B-RC03-140421-22-RTC_Sandhasen-Impresssionen_Betonweg+Michael-WEB\" width=\"150\" height=\"150\" \/><\/a><\/td>\n<td>\u00a0<a href=\"https:\/\/www.rc03-ilbenstadt.de\/wp-content\/uploads\/2014\/04\/B-RC03-140421-24-RTC_Sandhasen-Impresssionen-WEB.jpg\" rel=\"lightbox[3010]\"><img loading=\"lazy\" decoding=\"async\" class=\"alignleft size-thumbnail wp-image-3003\" src=\"https:\/\/www.rc03-ilbenstadt.de\/wp-content\/uploads\/2014\/04\/B-RC03-140421-24-RTC_Sandhasen-Impresssionen-WEB-150x150.jpg\" alt=\"B-RC03-140421-24-RTC_Sandhasen-Impresssionen-WEB\" width=\"150\" height=\"150\" \/><\/a><\/td>\n<td>\u00a0<a href=\"https:\/\/www.rc03-ilbenstadt.de\/wp-content\/uploads\/2014\/04\/B-RC03-140421-27-RTC_Sandhasen-Impresssionen-WEB.jpg\" rel=\"lightbox[3010]\"><img loading=\"lazy\" decoding=\"async\" class=\"alignleft size-thumbnail wp-image-3004\" src=\"https:\/\/www.rc03-ilbenstadt.de\/wp-content\/uploads\/2014\/04\/B-RC03-140421-27-RTC_Sandhasen-Impresssionen-WEB-150x150.jpg\" alt=\"B-RC03-140421-27-RTC_Sandhasen-Impresssionen-WEB\" width=\"150\" height=\"150\" \/><\/a><\/td>\n<\/tr>\n<tr>\n<td>\u00a0<a href=\"https:\/\/www.rc03-ilbenstadt.de\/wp-content\/uploads\/2014\/04\/B-RC03-140421-29-RTC_Sandhasen-Impresssionen-WEB.jpg\" rel=\"lightbox[3010]\"><img loading=\"lazy\" decoding=\"async\" class=\"alignleft size-thumbnail wp-image-3005\" src=\"https:\/\/www.rc03-ilbenstadt.de\/wp-content\/uploads\/2014\/04\/B-RC03-140421-29-RTC_Sandhasen-Impresssionen-WEB-150x150.jpg\" alt=\"B-RC03-140421-29-RTC_Sandhasen-Impresssionen-WEB\" width=\"150\" height=\"150\" \/><\/a><\/td>\n<td>\u00a0<a href=\"https:\/\/www.rc03-ilbenstadt.de\/wp-content\/uploads\/2014\/04\/B-RC03-140421-30-RTC_Sandhasen-Impresssionen_vor_R\u00f6merstrasse-WEB.jpg\" rel=\"lightbox[3010]\"><img loading=\"lazy\" decoding=\"async\" class=\"alignleft size-thumbnail wp-image-3006\" src=\"https:\/\/www.rc03-ilbenstadt.de\/wp-content\/uploads\/2014\/04\/B-RC03-140421-30-RTC_Sandhasen-Impresssionen_vor_R\u00f6merstrasse-WEB-150x150.jpg\" alt=\"B-RC03-140421-30-RTC_Sandhasen-Impresssionen_vor_R\u00f6merstrasse-WEB\" width=\"150\" height=\"150\" \/><\/a><\/td>\n<td>\u00a0<a href=\"https:\/\/www.rc03-ilbenstadt.de\/wp-content\/uploads\/2014\/04\/B-RC03-140421-33-RTC_Sandhasen-Impresssionen_R\u00f6merstrasse-WEB.jpg\" rel=\"lightbox[3010]\"><img loading=\"lazy\" decoding=\"async\" class=\"alignleft size-thumbnail wp-image-3007\" src=\"https:\/\/www.rc03-ilbenstadt.de\/wp-content\/uploads\/2014\/04\/B-RC03-140421-33-RTC_Sandhasen-Impresssionen_R\u00f6merstrasse-WEB-150x150.jpg\" alt=\"B-RC03-140421-33-RTC_Sandhasen-Impresssionen_R\u00f6merstrasse-WEB\" width=\"150\" height=\"150\" \/><\/a><\/td>\n<\/tr>\n<tr>\n<td>\u00a0<a href=\"https:\/\/www.rc03-ilbenstadt.de\/wp-content\/uploads\/2014\/04\/B-RC03-140421-36-RTC_Sandhasen-Impresssionen_Streckenpfeil-WEB.jpg\" rel=\"lightbox[3010]\"><img loading=\"lazy\" decoding=\"async\" class=\"alignleft size-thumbnail wp-image-3008\" src=\"https:\/\/www.rc03-ilbenstadt.de\/wp-content\/uploads\/2014\/04\/B-RC03-140421-36-RTC_Sandhasen-Impresssionen_Streckenpfeil-WEB-150x150.jpg\" alt=\"B-RC03-140421-36-RTC_Sandhasen-Impresssionen_Streckenpfeil-WEB\" width=\"150\" height=\"150\" \/><\/a><\/td>\n<td>\u00a0<a href=\"https:\/\/www.rc03-ilbenstadt.de\/wp-content\/uploads\/2014\/04\/B-RC03-140421-39-RTC_Sandhasen-Impresssionen_S\u00f6del-WEB.jpg\" rel=\"lightbox[3010]\"><img loading=\"lazy\" decoding=\"async\" class=\"alignleft size-thumbnail wp-image-3009\" src=\"https:\/\/www.rc03-ilbenstadt.de\/wp-content\/uploads\/2014\/04\/B-RC03-140421-39-RTC_Sandhasen-Impresssionen_S\u00f6del-WEB-150x150.jpg\" alt=\"B-RC03-140421-39-RTC_Sandhasen-Impresssionen_S\u00f6del-WEB\" width=\"150\" height=\"150\" \/><\/a><\/td>\n<td><\/td>\n<\/tr>\n<\/tbody>\n<\/table>\n","protected":false},"excerpt":{"rendered":"<p>Das Country-Tourenfahren ist die breitensportliche Variante des Tourenfahrens abseits des Stra\u00dfenverkehrs. Das Naturerleben steht hier im Vordergrund und anstatt des Rennrades ist ein Mountainbike oder ein Trekkingrad in Wald und Flur die erste Wahl. W\u00e4hrend die k\u00fcrzeren Strecken in aller &hellip; <a href=\"https:\/\/www.rc03-ilbenstadt.de\/?p=3010\">Weiterlesen <span class=\"meta-nav\">&rarr;<\/span><\/a><\/p>\n","protected":false},"author":9,"featured_media":3001,"comment_status":"closed","ping_status":"closed","sticky":false,"template":"","format":"standard","meta":{"_crdt_document":"","footnotes":""},"categories":[1],"tags":[],"class_list":["post-3010","post","type-post","status-publish","format-standard","has-post-thumbnail","hentry","category-allgemein"],"_links":{"self":[{"href":"https:\/\/www.rc03-ilbenstadt.de\/index.php?rest_route=\/wp\/v2\/posts\/3010","targetHints":{"allow":["GET"]}}],"collection":[{"href":"https:\/\/www.rc03-ilbenstadt.de\/index.php?rest_route=\/wp\/v2\/posts"}],"about":[{"href":"https:\/\/www.rc03-ilbenstadt.de\/index.php?rest_route=\/wp\/v2\/types\/post"}],"author":[{"embeddable":true,"href":"https:\/\/www.rc03-ilbenstadt.de\/index.php?rest_route=\/wp\/v2\/users\/9"}],"replies":[{"embeddable":true,"href":"https:\/\/www.rc03-ilbenstadt.de\/index.php?rest_route=%2Fwp%2Fv2%2Fcomments&post=3010"}],"version-history":[{"count":0,"href":"https:\/\/www.rc03-ilbenstadt.de\/index.php?rest_route=\/wp\/v2\/posts\/3010\/revisions"}],"wp:featuredmedia":[{"embeddable":true,"href":"https:\/\/www.rc03-ilbenstadt.de\/index.php?rest_route=\/wp\/v2\/media\/3001"}],"wp:attachment":[{"href":"https:\/\/www.rc03-ilbenstadt.de\/index.php?rest_route=%2Fwp%2Fv2%2Fmedia&parent=3010"}],"wp:term":[{"taxonomy":"category","embeddable":true,"href":"https:\/\/www.rc03-ilbenstadt.de\/index.php?rest_route=%2Fwp%2Fv2%2Fcategories&post=3010"},{"taxonomy":"post_tag","embeddable":true,"href":"https:\/\/www.rc03-ilbenstadt.de\/index.php?rest_route=%2Fwp%2Fv2%2Ftags&post=3010"}],"curies":[{"name":"wp","href":"https:\/\/api.w.org\/{rel}","templated":true}]}}