{"id":3030,"date":"2014-06-11T00:39:45","date_gmt":"2014-06-10T22:39:45","guid":{"rendered":"http:\/\/www.rc03-ilbenstadt.de\/?p=3030"},"modified":"2014-06-11T07:42:35","modified_gmt":"2014-06-11T05:42:35","slug":"radwandern-am-14-juni-2014-im-rc-03-ilbenstadt-frankfurter-gruenguertelradweg-65-kilometer-rund-um-die-grossstadt","status":"publish","type":"post","link":"https:\/\/www.rc03-ilbenstadt.de\/?p=3030","title":{"rendered":"Radwandern am 14. Juni 2014 im RC 03 Ilbenstadt <br> Frankfurter Gr\u00fcng\u00fcrtel &#8211; 65 Kilometer rund um die Gro\u00dfstadt"},"content":{"rendered":"<p>Der Frankfurter Gr\u00fcng\u00fcrtel repr\u00e4sentiert rund ein Drittel der Stadtfl\u00e4che von Frankfurt. Er zieht sich rund um die Stadt, bietet abwechslungsreiche Untergr\u00fcnde sowie besondere Sichten und Eindr\u00fccke von der Natur im Gro\u00dfstadtkontakt. Erfahren Sie mit uns das Naherholungsgebiet der Gro\u00dfst\u00e4dter.<\/p>\n<p>Am Samstag, dem 14. Juni 2014 starten wir um 9:30 Uhr in Bonames am Alten Flugplatz, Am Burghof 55 in 60437 Frankfurt am Main. Hier stehen gen\u00fcgend Parkpl\u00e4tze zur Verf\u00fcgung. Mitfahrgelegenheiten werden angeboten. <!--more-->Es besteht auch die M\u00f6glichkeit, mit der S-Bahn zum Frankfurter Berg zu fahren, um von hier den Alten Flugplatz mit dem Rad zu erreichen.<\/p>\n<p>Vom Alten Flugplatz geht es an der Nidda entlang durch den Brentanopark zur Niddam\u00fcndung nach H\u00f6chst. Unweit des H\u00f6chster Bolongaropalast setzen wir mit der F\u00e4hre \u00fcber den Main und fahren an den Schwanheimer D\u00fcnen vorbei durch den Stadtwald zum Goetheturm. Das n\u00e4chste Ziel ist die Gerberm\u00fchle, wo wir uns im Rudererdorf st\u00e4rken, denn der Berg von Bergen wartet noch auf uns. Aber vorher geht es am Offenbacher Mainufer entlang bis zum Arthur-von Weinberg-Steg, der nach Fechenheim \u00fcberquert wird. Am Riedteich geht es vorbei nach Bergen. Schluss ist es mit dem gem\u00fctlichen Radeln, denn ab hier beginnt eine kurze Bergetappe. Nach einer heftigen Steigung, die wir nat\u00fcrlich gem\u00fctlich bew\u00e4ltigen, geht es weiter durch Bergen zum Lohrberg mit seinem Weinberg und dem herrlichen Ausblick \u00fcber Frankfurt. Wir passieren Preungesheim und Berkersheim bergab zur Nidda. Hier klingt die Rundtour aus; in Bonames am Alten Flugplatz ging die Reise ja los.<\/p>\n<p>Wer Interesse an dieser Tour hat, meldet sich bitte bei Lutz Delling, Telefon 06034 86 47 oder Wilhelm Schr\u00f6der, Telefon 06031 77 13 83. G\u00e4ste sind willkommen!<\/p>\n<p class=\"western\" style=\"margin-bottom: 0.35cm; line-height: 115%;\">Gr\u00fcng\u00fcrtel-Impressionen:<\/p>\n<table>\n<tbody>\n<tr>\n<td><a href=\"https:\/\/www.rc03-ilbenstadt.de\/wp-content\/uploads\/2014\/06\/B-RC03-RW-140603-08-Gr\u00fcng\u00fcrtel_FFM-Vorfahrt-WEB.jpg\" rel=\"lightbox[3030]\"><img loading=\"lazy\" decoding=\"async\" class=\"alignleft size-thumbnail wp-image-3036\" src=\"https:\/\/www.rc03-ilbenstadt.de\/wp-content\/uploads\/2014\/06\/B-RC03-RW-140603-08-Gr\u00fcng\u00fcrtel_FFM-Vorfahrt-WEB-150x150.jpg\" alt=\"B-RC03-RW-140603-08-Gr\u00fcng\u00fcrtel_FFM-Vorfahrt-WEB\" width=\"150\" height=\"150\" \/><\/a><\/td>\n<td><a href=\"https:\/\/www.rc03-ilbenstadt.de\/wp-content\/uploads\/2014\/06\/B-RC03-RW-140603-11-Gr\u00fcng\u00fcrtel_FFM-Vorfahrt-WEB.jpg\" rel=\"lightbox[3030]\"><img loading=\"lazy\" decoding=\"async\" class=\"alignleft size-thumbnail wp-image-3037\" src=\"https:\/\/www.rc03-ilbenstadt.de\/wp-content\/uploads\/2014\/06\/B-RC03-RW-140603-11-Gr\u00fcng\u00fcrtel_FFM-Vorfahrt-WEB-150x150.jpg\" alt=\"B-RC03-RW-140603-11-Gr\u00fcng\u00fcrtel_FFM-Vorfahrt-WEB\" width=\"150\" height=\"150\" \/><\/a><\/td>\n<td><a href=\"https:\/\/www.rc03-ilbenstadt.de\/wp-content\/uploads\/2014\/06\/B-RC03-RW-140603-12-Gr\u00fcng\u00fcrtel_FFM-Vorfahrt-WEB.jpg\" rel=\"lightbox[3030]\"><img loading=\"lazy\" decoding=\"async\" class=\"alignleft size-thumbnail wp-image-3038\" src=\"https:\/\/www.rc03-ilbenstadt.de\/wp-content\/uploads\/2014\/06\/B-RC03-RW-140603-12-Gr\u00fcng\u00fcrtel_FFM-Vorfahrt-WEB-150x150.jpg\" alt=\"B-RC03-RW-140603-12-Gr\u00fcng\u00fcrtel_FFM-Vorfahrt-WEB\" width=\"150\" height=\"150\" \/><\/a><\/td>\n<\/tr>\n<tr>\n<td><a href=\"https:\/\/www.rc03-ilbenstadt.de\/wp-content\/uploads\/2014\/06\/B-RC03-RW-140603-27-Gr\u00fcng\u00fcrtel_FFM-Vorfahrt-WEB.jpg\" rel=\"lightbox[3030]\"><img loading=\"lazy\" decoding=\"async\" class=\"alignleft size-thumbnail wp-image-3039\" src=\"https:\/\/www.rc03-ilbenstadt.de\/wp-content\/uploads\/2014\/06\/B-RC03-RW-140603-27-Gr\u00fcng\u00fcrtel_FFM-Vorfahrt-WEB-150x150.jpg\" alt=\"B-RC03-RW-140603-27-Gr\u00fcng\u00fcrtel_FFM-Vorfahrt-WEB\" width=\"150\" height=\"150\" \/><\/a><\/td>\n<td><a href=\"https:\/\/www.rc03-ilbenstadt.de\/wp-content\/uploads\/2014\/06\/B-RC03-RW-140603-28-Gr\u00fcng\u00fcrtel_FFM-Vorfahrt-WEB.jpg\" rel=\"lightbox[3030]\"><img loading=\"lazy\" decoding=\"async\" class=\"alignleft size-thumbnail wp-image-3040\" src=\"https:\/\/www.rc03-ilbenstadt.de\/wp-content\/uploads\/2014\/06\/B-RC03-RW-140603-28-Gr\u00fcng\u00fcrtel_FFM-Vorfahrt-WEB-150x150.jpg\" alt=\"B-RC03-RW-140603-28-Gr\u00fcng\u00fcrtel_FFM-Vorfahrt-WEB\" width=\"150\" height=\"150\" \/><\/a><\/td>\n<td><a href=\"https:\/\/www.rc03-ilbenstadt.de\/wp-content\/uploads\/2014\/06\/B-RC03-RW-140603-33-Gr\u00fcng\u00fcrtel_FFM-Vorfahrt-WEB.jpg\" rel=\"lightbox[3030]\"><img loading=\"lazy\" decoding=\"async\" class=\"alignleft size-thumbnail wp-image-3041\" src=\"https:\/\/www.rc03-ilbenstadt.de\/wp-content\/uploads\/2014\/06\/B-RC03-RW-140603-33-Gr\u00fcng\u00fcrtel_FFM-Vorfahrt-WEB-150x150.jpg\" alt=\"B-RC03-RW-140603-33-Gr\u00fcng\u00fcrtel_FFM-Vorfahrt-WEB\" width=\"150\" height=\"150\" \/><\/a><\/td>\n<\/tr>\n<tr>\n<td><a href=\"https:\/\/www.rc03-ilbenstadt.de\/wp-content\/uploads\/2014\/06\/B-RC03-RW-140603-45-Gr\u00fcng\u00fcrtel_FFM-Vorfahrt-WEB.jpg\" rel=\"lightbox[3030]\"><img loading=\"lazy\" decoding=\"async\" class=\"alignleft size-thumbnail wp-image-3042\" src=\"https:\/\/www.rc03-ilbenstadt.de\/wp-content\/uploads\/2014\/06\/B-RC03-RW-140603-45-Gr\u00fcng\u00fcrtel_FFM-Vorfahrt-WEB-150x150.jpg\" alt=\"B-RC03-RW-140603-45-Gr\u00fcng\u00fcrtel_FFM-Vorfahrt-WEB\" width=\"150\" height=\"150\" \/><\/a><\/td>\n<td><a href=\"https:\/\/www.rc03-ilbenstadt.de\/wp-content\/uploads\/2014\/06\/B-RC03-RW-140603-49-Gr\u00fcng\u00fcrtel_FFM-Vorfahrt-WEB.jpg\" rel=\"lightbox[3030]\"><img loading=\"lazy\" decoding=\"async\" class=\"alignleft size-thumbnail wp-image-3043\" src=\"https:\/\/www.rc03-ilbenstadt.de\/wp-content\/uploads\/2014\/06\/B-RC03-RW-140603-49-Gr\u00fcng\u00fcrtel_FFM-Vorfahrt-WEB-150x150.jpg\" alt=\"B-RC03-RW-140603-49-Gr\u00fcng\u00fcrtel_FFM-Vorfahrt-WEB\" width=\"150\" height=\"150\" \/><\/a><\/td>\n<td><a href=\"https:\/\/www.rc03-ilbenstadt.de\/wp-content\/uploads\/2014\/06\/B-RC03-RW-140603-64-Gr\u00fcng\u00fcrtel_FFM-Vorfahrt-WEB.jpg\" rel=\"lightbox[3030]\"><img loading=\"lazy\" decoding=\"async\" class=\"alignleft size-thumbnail wp-image-3045\" src=\"https:\/\/www.rc03-ilbenstadt.de\/wp-content\/uploads\/2014\/06\/B-RC03-RW-140603-64-Gr\u00fcng\u00fcrtel_FFM-Vorfahrt-WEB-150x150.jpg\" alt=\"B-RC03-RW-140603-64-Gr\u00fcng\u00fcrtel_FFM-Vorfahrt-WEB\" width=\"150\" height=\"150\" \/><\/a><\/td>\n<\/tr>\n<\/tbody>\n<\/table>\n","protected":false},"excerpt":{"rendered":"<p>Der Frankfurter Gr\u00fcng\u00fcrtel repr\u00e4sentiert rund ein Drittel der Stadtfl\u00e4che von Frankfurt. Er zieht sich rund um die Stadt, bietet abwechslungsreiche Untergr\u00fcnde sowie besondere Sichten und Eindr\u00fccke von der Natur im Gro\u00dfstadtkontakt. Erfahren Sie mit uns das Naherholungsgebiet der Gro\u00dfst\u00e4dter. Am &hellip; <a href=\"https:\/\/www.rc03-ilbenstadt.de\/?p=3030\">Weiterlesen <span class=\"meta-nav\">&rarr;<\/span><\/a><\/p>\n","protected":false},"author":9,"featured_media":3044,"comment_status":"closed","ping_status":"closed","sticky":false,"template":"","format":"standard","meta":{"_crdt_document":"","footnotes":""},"categories":[1],"tags":[],"class_list":["post-3030","post","type-post","status-publish","format-standard","has-post-thumbnail","hentry","category-allgemein"],"_links":{"self":[{"href":"https:\/\/www.rc03-ilbenstadt.de\/index.php?rest_route=\/wp\/v2\/posts\/3030","targetHints":{"allow":["GET"]}}],"collection":[{"href":"https:\/\/www.rc03-ilbenstadt.de\/index.php?rest_route=\/wp\/v2\/posts"}],"about":[{"href":"https:\/\/www.rc03-ilbenstadt.de\/index.php?rest_route=\/wp\/v2\/types\/post"}],"author":[{"embeddable":true,"href":"https:\/\/www.rc03-ilbenstadt.de\/index.php?rest_route=\/wp\/v2\/users\/9"}],"replies":[{"embeddable":true,"href":"https:\/\/www.rc03-ilbenstadt.de\/index.php?rest_route=%2Fwp%2Fv2%2Fcomments&post=3030"}],"version-history":[{"count":0,"href":"https:\/\/www.rc03-ilbenstadt.de\/index.php?rest_route=\/wp\/v2\/posts\/3030\/revisions"}],"wp:featuredmedia":[{"embeddable":true,"href":"https:\/\/www.rc03-ilbenstadt.de\/index.php?rest_route=\/wp\/v2\/media\/3044"}],"wp:attachment":[{"href":"https:\/\/www.rc03-ilbenstadt.de\/index.php?rest_route=%2Fwp%2Fv2%2Fmedia&parent=3030"}],"wp:term":[{"taxonomy":"category","embeddable":true,"href":"https:\/\/www.rc03-ilbenstadt.de\/index.php?rest_route=%2Fwp%2Fv2%2Fcategories&post=3030"},{"taxonomy":"post_tag","embeddable":true,"href":"https:\/\/www.rc03-ilbenstadt.de\/index.php?rest_route=%2Fwp%2Fv2%2Ftags&post=3030"}],"curies":[{"name":"wp","href":"https:\/\/api.w.org\/{rel}","templated":true}]}}