{"id":3108,"date":"2014-06-15T14:42:46","date_gmt":"2014-06-15T12:42:46","guid":{"rendered":"http:\/\/www.rc03-ilbenstadt.de\/?p=3108"},"modified":"2014-06-16T17:55:15","modified_gmt":"2014-06-16T15:55:15","slug":"radwanderer-des-rc-03-ilbenstadt-unterwegs-im-frankfurter-gruenguertel-65-kilometer-rund-um-die-grossstadt","status":"publish","type":"post","link":"https:\/\/www.rc03-ilbenstadt.de\/?p=3108","title":{"rendered":"Radwandern mit dem RC 03 im Frankfurter Gr\u00fcng\u00fcrtel <br>&#8211; 65 Kilometer rund um die Gro\u00dfstadt"},"content":{"rendered":"<p>Der Alte Flugplatz in Frankfurt-Bonames, das ehemalige, von den Amerikanern bis 1992 genutzte Maurice-Rose-Airfield, wurde von der 9-k\u00f6pfigen Radwandergruppe des RC 03 Ilbenstadt zum Start der Gr\u00fcng\u00fcrteltour auserkoren. Am Samstag, dem 14. Juni gab in den fr\u00fchen Morgenstunden der Radwanderfachwart Lutz Delling den Start frei. Die Gruppe rollte \u00fcber die ehemalige Start- und Landebahn, passierte die Bronzenachbildung des Gr\u00fcng\u00fcrteltieres (dasipus franconia) auf der Niddabr\u00fccke und schwenkte in westliche Richtung auf den Gr\u00fcng\u00fcrtelradweg ein. 64,2 Kilometer gr\u00fcnes Terrain rund um die Kernstadt Frankfurts lagen vor uns; 8.000 ha gesch\u00fctzte Natur, abwechslungsreich mit<!--more--> Feldern, Wiesen, W\u00e4ldern, der Nidda, der Schwanheimer D\u00fcne und dem Enkheimer Ried. Zun\u00e4chst ging es H\u00f6chst entgegen, um mit der Mainf\u00e4hre in die Schwanheimer Gemarkung \u00fcberzusetzen. Von dort aus dominierte der Frankfurter Stadtwald. Mit ein Highlight dieser Tour war die Besteigung des Goetheturms, einem 43 Meter hohem Holzturm, vor dessen Aussichtsplattform 196 Stufen zu bew\u00e4ltigen waren. Lohn war ein atemberaubender Blick \u00fcber das gesamte Frankfurter Stadtgebiet mit der markanten Skyline und weit in das Umland hinaus. Zum n\u00e4chsten Zwischenziel, dem Rudererdorf am Main bei Oberrad fieberte der ein oder andere entgegen, da hier unweit der Gerberm\u00fchle\u00a0 Getr\u00e4nke und Speisen in einem der Gartenlokale auf uns warteten.<\/p>\n<p>Offenbach zeigte sich uns mit einem Hafengebiet, das sich im Umbruch befindet und durch das sich der Radweg im wahrsten Sinne des Wortes schl\u00e4ngelte.\u00a0 Durch die Baustelle der Carl-Ulrich-Br\u00fccke mussten wir auf der s\u00fcdlichen Mainseite bleiben und konnten Fechenheim \u00fcber den Arthur-von-Weinbergsteg erreichen. Nach der Passage dieses \u00f6stlichen Vorortes schauten wir interessiert in die ehemalige Moorlandschaft des Enkheimer Riedes, ein \u00dcberbleibsel eines verlandeten Altarmes des Mains. Hier sollen sich bei sonnigem Wetter Schildkr\u00f6ten auf dem Totholz im Wasser des dortigen Teiches sehen lassen, ein Anblick, der uns nicht geg\u00f6nnt war. Es folgte der Anstieg des Berger Hanges, ein Kraftakt, der in Ruhe souver\u00e4n bew\u00e4ltigt wurde. Auf dem Berger R\u00fccken hatten wir zum tiefsten Punkt der Tour in H\u00f6chst eine Differenz von rund 100 H\u00f6henmetern bew\u00e4ltigt. Weiter ging es \u00fcber schmale, auch teilweise grasbewachsene Wege \u00fcber den Heiligenstock zum Lohrberg. In dem Park waren wieder viele Frankfurter Erholungssuchende bei Grill, Spiel und Spaziergang anzutreffen. Wir genossen den Blick \u00fcber die Stadt Frankfurt, bevor wir \u00fcber Preungesheim wieder die Nidda erreichten und am Alten Flugplatz in Bonames, dem Ausgangspunkt unserer Rundtour, die Beine ruhen lie\u00dfen.<\/p>\n<p>Eine empfehlenswerte Tour, die uns nicht immer den Eindruck vermittelte in unmittelbarer Nachbarschaft zu einer pulsierenden Gro\u00dfstadt auf dem Rad die Natur zu erleben. An manchen Stellen, wenn Verkehrswege von Kraft- und Schienenfahrzeugen \u00fcber- oder unterquert werden mussten, ein Airbus A 380 sich langsam in h\u00f6here Luftschichten begab, wurde uns die N\u00e4he der Gro\u00dfstadt bewusst gemacht.<\/p>\n<p>Ist Ihr Interesse am Radfahren geweckt? Am 19. Juli bieten wir eine Radtour von Niddatal-Ilbenstadt zur Ronneburg an. Wir starten um 09:30 Uhr am B\u00fcrgerhaus in Niddatal-Ilbenstadt. G\u00e4ste sind willkommen.<\/p>\n<p>Impressionen von der Gr\u00fcng\u00fcrteltour:<\/p>\n<table>\n<tbody>\n<tr>\n<td><a href=\"https:\/\/www.rc03-ilbenstadt.de\/wp-content\/uploads\/2014\/06\/B-RC03-RW-140614-01-Gr\u00fcng\u00fcrtel_Frankfurt-WEB.jpg\" rel=\"lightbox[3108]\"><img loading=\"lazy\" decoding=\"async\" class=\"alignleft size-thumbnail wp-image-3061\" src=\"https:\/\/www.rc03-ilbenstadt.de\/wp-content\/uploads\/2014\/06\/B-RC03-RW-140614-01-Gr\u00fcng\u00fcrtel_Frankfurt-WEB-150x150.jpg\" alt=\"B-RC03-RW-140614-01-Gr\u00fcng\u00fcrtel_Frankfurt-WEB\" width=\"150\" height=\"150\" \/><\/a><\/td>\n<td><a href=\"https:\/\/www.rc03-ilbenstadt.de\/wp-content\/uploads\/2014\/06\/B-RC03-RW-140614-06-Gr\u00fcng\u00fcrtel_Frankfurt-WEB.jpg\" rel=\"lightbox[3108]\"><img loading=\"lazy\" decoding=\"async\" class=\"alignleft size-thumbnail wp-image-3062\" src=\"https:\/\/www.rc03-ilbenstadt.de\/wp-content\/uploads\/2014\/06\/B-RC03-RW-140614-06-Gr\u00fcng\u00fcrtel_Frankfurt-WEB-150x150.jpg\" alt=\"B-RC03-RW-140614-06-Gr\u00fcng\u00fcrtel_Frankfurt-WEB\" width=\"150\" height=\"150\" \/><\/a><\/td>\n<td><a href=\"https:\/\/www.rc03-ilbenstadt.de\/wp-content\/uploads\/2014\/06\/B-RC03-RW-140614-18-Gr\u00fcng\u00fcrtel_Frankfurt-WEB.jpg\" rel=\"lightbox[3108]\"><img loading=\"lazy\" decoding=\"async\" class=\"alignleft size-thumbnail wp-image-3064\" src=\"https:\/\/www.rc03-ilbenstadt.de\/wp-content\/uploads\/2014\/06\/B-RC03-RW-140614-18-Gr\u00fcng\u00fcrtel_Frankfurt-WEB-150x150.jpg\" alt=\"B-RC03-RW-140614-18-Gr\u00fcng\u00fcrtel_Frankfurt-WEB\" width=\"150\" height=\"150\" \/><\/a><\/td>\n<\/tr>\n<tr>\n<td><a href=\"https:\/\/www.rc03-ilbenstadt.de\/wp-content\/uploads\/2014\/06\/B-RC03-RW-140614-24-Gr\u00fcng\u00fcrtel_Frankfurt-WEB.jpg\" rel=\"lightbox[3108]\"><img loading=\"lazy\" decoding=\"async\" class=\"alignleft size-thumbnail wp-image-3067\" src=\"https:\/\/www.rc03-ilbenstadt.de\/wp-content\/uploads\/2014\/06\/B-RC03-RW-140614-24-Gr\u00fcng\u00fcrtel_Frankfurt-WEB-150x150.jpg\" alt=\"B-RC03-RW-140614-24-Gr\u00fcng\u00fcrtel_Frankfurt-WEB\" width=\"150\" height=\"150\" \/><\/a><\/td>\n<td><a href=\"https:\/\/www.rc03-ilbenstadt.de\/wp-content\/uploads\/2014\/06\/B-RC03-RW-140614-35-Gr\u00fcng\u00fcrtel_Frankfurt-WEB.jpg\" rel=\"lightbox[3108]\"><img loading=\"lazy\" decoding=\"async\" class=\"alignleft size-thumbnail wp-image-3074\" src=\"https:\/\/www.rc03-ilbenstadt.de\/wp-content\/uploads\/2014\/06\/B-RC03-RW-140614-35-Gr\u00fcng\u00fcrtel_Frankfurt-WEB-150x150.jpg\" alt=\"B-RC03-RW-140614-35-Gr\u00fcng\u00fcrtel_Frankfurt-WEB\" width=\"150\" height=\"150\" \/><\/a><\/td>\n<td><a href=\"https:\/\/www.rc03-ilbenstadt.de\/wp-content\/uploads\/2014\/06\/B-RC03-RW-140614-40-Gr\u00fcng\u00fcrtel_Frankfurt-WEB.jpg\" rel=\"lightbox[3108]\"><img loading=\"lazy\" decoding=\"async\" class=\"alignleft size-thumbnail wp-image-3077\" src=\"https:\/\/www.rc03-ilbenstadt.de\/wp-content\/uploads\/2014\/06\/B-RC03-RW-140614-40-Gr\u00fcng\u00fcrtel_Frankfurt-WEB-150x150.jpg\" alt=\"B-RC03-RW-140614-40-Gr\u00fcng\u00fcrtel_Frankfurt-WEB\" width=\"150\" height=\"150\" \/><\/a><\/td>\n<\/tr>\n<tr>\n<td><a href=\"https:\/\/www.rc03-ilbenstadt.de\/wp-content\/uploads\/2014\/06\/B-RC03-RW-140614-45-Gr\u00fcng\u00fcrtel_Frankfurt-WEB.jpg\" rel=\"lightbox[3108]\"><img loading=\"lazy\" decoding=\"async\" class=\"alignleft size-thumbnail wp-image-3081\" src=\"https:\/\/www.rc03-ilbenstadt.de\/wp-content\/uploads\/2014\/06\/B-RC03-RW-140614-45-Gr\u00fcng\u00fcrtel_Frankfurt-WEB-150x150.jpg\" alt=\"B-RC03-RW-140614-45-Gr\u00fcng\u00fcrtel_Frankfurt-WEB\" width=\"150\" height=\"150\" \/><\/a><\/td>\n<td><a href=\"https:\/\/www.rc03-ilbenstadt.de\/wp-content\/uploads\/2014\/06\/B-RC03-RW-140614-85-Gr\u00fcng\u00fcrtel_Frankfurt-WEB.jpg\" rel=\"lightbox[3108]\"><img loading=\"lazy\" decoding=\"async\" class=\"alignleft size-thumbnail wp-image-3104\" src=\"https:\/\/www.rc03-ilbenstadt.de\/wp-content\/uploads\/2014\/06\/B-RC03-RW-140614-85-Gr\u00fcng\u00fcrtel_Frankfurt-WEB-150x150.jpg\" alt=\"B-RC03-RW-140614-85-Gr\u00fcng\u00fcrtel_Frankfurt-WEB\" width=\"150\" height=\"150\" \/><\/a><\/td>\n<td><a href=\"https:\/\/www.rc03-ilbenstadt.de\/wp-content\/uploads\/2014\/06\/B-RC03-RW-140614-94-Gr\u00fcng\u00fcrtel_Frankfurt-WEB.jpg\" rel=\"lightbox[3108]\"><img loading=\"lazy\" decoding=\"async\" class=\"alignleft size-thumbnail wp-image-3107\" src=\"https:\/\/www.rc03-ilbenstadt.de\/wp-content\/uploads\/2014\/06\/B-RC03-RW-140614-94-Gr\u00fcng\u00fcrtel_Frankfurt-WEB-150x150.jpg\" alt=\"B-RC03-RW-140614-94-Gr\u00fcng\u00fcrtel_Frankfurt-WEB\" width=\"150\" height=\"150\" \/><\/a><\/td>\n<\/tr>\n<\/tbody>\n<\/table>\n","protected":false},"excerpt":{"rendered":"<p>Der Alte Flugplatz in Frankfurt-Bonames, das ehemalige, von den Amerikanern bis 1992 genutzte Maurice-Rose-Airfield, wurde von der 9-k\u00f6pfigen Radwandergruppe des RC 03 Ilbenstadt zum Start der Gr\u00fcng\u00fcrteltour auserkoren. Am Samstag, dem 14. Juni gab in den fr\u00fchen Morgenstunden der Radwanderfachwart &hellip; <a href=\"https:\/\/www.rc03-ilbenstadt.de\/?p=3108\">Weiterlesen <span class=\"meta-nav\">&rarr;<\/span><\/a><\/p>\n","protected":false},"author":9,"featured_media":3104,"comment_status":"closed","ping_status":"closed","sticky":false,"template":"","format":"standard","meta":{"_crdt_document":"","footnotes":""},"categories":[1],"tags":[],"class_list":["post-3108","post","type-post","status-publish","format-standard","has-post-thumbnail","hentry","category-allgemein"],"_links":{"self":[{"href":"https:\/\/www.rc03-ilbenstadt.de\/index.php?rest_route=\/wp\/v2\/posts\/3108","targetHints":{"allow":["GET"]}}],"collection":[{"href":"https:\/\/www.rc03-ilbenstadt.de\/index.php?rest_route=\/wp\/v2\/posts"}],"about":[{"href":"https:\/\/www.rc03-ilbenstadt.de\/index.php?rest_route=\/wp\/v2\/types\/post"}],"author":[{"embeddable":true,"href":"https:\/\/www.rc03-ilbenstadt.de\/index.php?rest_route=\/wp\/v2\/users\/9"}],"replies":[{"embeddable":true,"href":"https:\/\/www.rc03-ilbenstadt.de\/index.php?rest_route=%2Fwp%2Fv2%2Fcomments&post=3108"}],"version-history":[{"count":0,"href":"https:\/\/www.rc03-ilbenstadt.de\/index.php?rest_route=\/wp\/v2\/posts\/3108\/revisions"}],"wp:featuredmedia":[{"embeddable":true,"href":"https:\/\/www.rc03-ilbenstadt.de\/index.php?rest_route=\/wp\/v2\/media\/3104"}],"wp:attachment":[{"href":"https:\/\/www.rc03-ilbenstadt.de\/index.php?rest_route=%2Fwp%2Fv2%2Fmedia&parent=3108"}],"wp:term":[{"taxonomy":"category","embeddable":true,"href":"https:\/\/www.rc03-ilbenstadt.de\/index.php?rest_route=%2Fwp%2Fv2%2Fcategories&post=3108"},{"taxonomy":"post_tag","embeddable":true,"href":"https:\/\/www.rc03-ilbenstadt.de\/index.php?rest_route=%2Fwp%2Fv2%2Ftags&post=3108"}],"curies":[{"name":"wp","href":"https:\/\/api.w.org\/{rel}","templated":true}]}}