{"id":3161,"date":"2014-06-29T17:07:57","date_gmt":"2014-06-29T15:07:57","guid":{"rendered":"http:\/\/www.rc03-ilbenstadt.de\/?p=3161"},"modified":"2014-06-30T11:51:00","modified_gmt":"2014-06-30T09:51:00","slug":"radtourenfahren-rtf-am-sonntag-dem-29-juni-2014-beim-rv-wanderlust-gambach","status":"publish","type":"post","link":"https:\/\/www.rc03-ilbenstadt.de\/?p=3161","title":{"rendered":"Radtourenfahren (RTF) am Sonntag, dem 29. Juni 2014 beim RV Wanderlust Gambach"},"content":{"rendered":"<p>Der RV Wanderlust Gambach hat uns auch in diesem Jahr ein breites Angebot rund um das Radtourenfahren (RTF) und das Countrytourenfahren (CTF) gemacht. Vier RTF-Strecken wurden mit 41, 74, 112 und 151 Kilometern L\u00e4nge angeboten. 201 Kilometer ma\u00df die Marathonstrecke und im Countrytourenfahren\u00a0 (CTF) konnte zwischen 40 und 61 Kilometern gew\u00e4hlt werden. Viel Arbeit haben die Frauen und M\u00e4nner um den Fachwart J\u00fcrgen Storck leisten m\u00fcssen, damit am heutigen Tage der Start freigegeben werden konnte. Die Gr\u00f6\u00dfe des Teilnehmerfeldes blieb mit 155 Teilnehmerinnen und Teilehmern jedoch weit hinter den Erwartungen zur\u00fcck. Das Wetter hatte viele<!--more--> von einem Start abgeschreckt. In der Nacht gewitterte es und starker Regen prasselte auf die Wetterau nieder. Auch am fr\u00fchen Morgen waren die Stra\u00dfen noch nass, dazu kam der ein oder andere Schauer. Mit 14 \u00b0 Celsius war es noch relativ warm, ein frischer Wind versprach neben der gew\u00e4hlten Streckenl\u00e4nge und dem Streckenprofil einen zus\u00e4tzlichen Leistungsanreiz zu setzen. Es gab doch einige Starterinnen und Starter, die sich unbeirrt auf die Strecke begaben. Sie wurden mit der sch\u00f6nen Wetterauer H\u00fcgellandschaft belohnt, die sich bei bedecktem Himmel auch schon mal in dramatischen Farben zeigte, insbesondere dann, wenn die Radlerinnen und Radler diese durch ihre mehr oder weniger stark get\u00f6nten Sportbrillen in sich aufnahmen. Von Regen blieben viele weitgehend verschont, doch gab es heute keine Garantie f\u00fcr eine trockene Fahrt. Teilweise waren die Stra\u00dfen stellenweise noch nass und es passierte hin und wieder, dass je nach Durchfahrtzeit und Region auch von oben eine moderate Feuchte dem Feld nicht erspart blieb.<\/p>\n<p>Im Wettbewerb der BDR-Vereine war das Teilnehmerfeld sehr \u00fcbersichtlich. Von den vorgemeldeten Sportlerinnen und Sportlern waren quer durch alle Mannschaften etwa die H\u00e4lfte nicht zum Start angetreten. Bei den RTF-Mannschaften gab es folgende Platzierungen:<\/p>\n<p>1. Platz RV Germania Nieder-Weisel<br \/>\n2. Platz RC 03 Ilbenstadt<br \/>\n3. Platz RV Ober-M\u00f6rlen<\/p>\n<p>Bei den CTF-Mannschaften platzierten sich die Vereine:<\/p>\n<p>1. Platz RV Germania Hungen<br \/>\n2. RC Edelweiss Nieder-W\u00f6llstadt<br \/>\n3. RSC Gr\u00fcnberg<\/p>\n<p>Insgesamt wurde mit Start und Ziel in M\u00fcnzenberg eine gut organisierte Veranstaltung geboten, die ein gr\u00f6\u00dferes Teilnehmerfeld verdient h\u00e4tte. Den freundlichen Helferinnen und Helfern sei an dieser Stelle ausdr\u00fccklich gedankt.<br \/>\nAuf der Seite des RV Wanderlust Gambach ist auch ein<a title=\"Bericht \u00fcber die RTF am 29. Juni 2014\" href=\"http:\/\/www.rvw-gambach.de\/\" target=\"_blank\"> Bericht<\/a> \u00fcber diese Veranstaltung eingestellt.<\/p>\n<table>\n<tbody>\n<tr>\n<td><a href=\"https:\/\/www.rc03-ilbenstadt.de\/wp-content\/uploads\/2014\/06\/B-RC03-RTF-140629-01-RVW_Gambach-WEB.jpg\" rel=\"lightbox[3161]\"><img loading=\"lazy\" decoding=\"async\" class=\"alignleft size-thumbnail wp-image-3158\" src=\"https:\/\/www.rc03-ilbenstadt.de\/wp-content\/uploads\/2014\/06\/B-RC03-RTF-140629-01-RVW_Gambach-WEB-150x150.jpg\" alt=\"B-RC03-RTF-140629-01-RVW_Gambach-WEB\" width=\"150\" height=\"150\" \/><\/a><\/td>\n<td><a href=\"https:\/\/www.rc03-ilbenstadt.de\/wp-content\/uploads\/2014\/06\/B-RC03-RTF-140629-02-RVW_Gambach-WEB.jpg\" rel=\"lightbox[3161]\"><img loading=\"lazy\" decoding=\"async\" class=\"alignleft size-thumbnail wp-image-3159\" src=\"https:\/\/www.rc03-ilbenstadt.de\/wp-content\/uploads\/2014\/06\/B-RC03-RTF-140629-02-RVW_Gambach-WEB-150x150.jpg\" alt=\"B-RC03-RTF-140629-02-RVW_Gambach-WEB\" width=\"150\" height=\"150\" \/><\/a><\/td>\n<td><a href=\"https:\/\/www.rc03-ilbenstadt.de\/wp-content\/uploads\/2014\/06\/B-RC03-RTF-140629-05-RVW_Gambach-WEB.jpg\" rel=\"lightbox[3161]\"><img loading=\"lazy\" decoding=\"async\" class=\"alignleft size-thumbnail wp-image-3160\" src=\"https:\/\/www.rc03-ilbenstadt.de\/wp-content\/uploads\/2014\/06\/B-RC03-RTF-140629-05-RVW_Gambach-WEB-150x150.jpg\" alt=\"B-RC03-RTF-140629-05-RVW_Gambach-WEB\" width=\"150\" height=\"150\" \/><\/a><\/td>\n<\/tr>\n<tr>\n<td>M\u00fcnzenberg gegen 8 Uhr<\/td>\n<td><\/td>\n<td>Die Siegerehrung mit den<br \/>\nZweitplatzierten:<br \/>\nRTF: RC 03 Ilbenstadt<br \/>\nmit Elvira Dinges<br \/>\nCTF: Team Edelweiss<br \/>\nmit Markus G\u00e4rtner<\/td>\n<\/tr>\n<\/tbody>\n<\/table>\n<p>&nbsp;<\/p>\n","protected":false},"excerpt":{"rendered":"<p>Der RV Wanderlust Gambach hat uns auch in diesem Jahr ein breites Angebot rund um das Radtourenfahren (RTF) und das Countrytourenfahren (CTF) gemacht. Vier RTF-Strecken wurden mit 41, 74, 112 und 151 Kilometern L\u00e4nge angeboten. 201 Kilometer ma\u00df die Marathonstrecke &hellip; <a href=\"https:\/\/www.rc03-ilbenstadt.de\/?p=3161\">Weiterlesen <span class=\"meta-nav\">&rarr;<\/span><\/a><\/p>\n","protected":false},"author":9,"featured_media":3160,"comment_status":"closed","ping_status":"closed","sticky":false,"template":"","format":"standard","meta":{"_crdt_document":"","footnotes":""},"categories":[1],"tags":[],"class_list":["post-3161","post","type-post","status-publish","format-standard","has-post-thumbnail","hentry","category-allgemein"],"_links":{"self":[{"href":"https:\/\/www.rc03-ilbenstadt.de\/index.php?rest_route=\/wp\/v2\/posts\/3161","targetHints":{"allow":["GET"]}}],"collection":[{"href":"https:\/\/www.rc03-ilbenstadt.de\/index.php?rest_route=\/wp\/v2\/posts"}],"about":[{"href":"https:\/\/www.rc03-ilbenstadt.de\/index.php?rest_route=\/wp\/v2\/types\/post"}],"author":[{"embeddable":true,"href":"https:\/\/www.rc03-ilbenstadt.de\/index.php?rest_route=\/wp\/v2\/users\/9"}],"replies":[{"embeddable":true,"href":"https:\/\/www.rc03-ilbenstadt.de\/index.php?rest_route=%2Fwp%2Fv2%2Fcomments&post=3161"}],"version-history":[{"count":0,"href":"https:\/\/www.rc03-ilbenstadt.de\/index.php?rest_route=\/wp\/v2\/posts\/3161\/revisions"}],"wp:featuredmedia":[{"embeddable":true,"href":"https:\/\/www.rc03-ilbenstadt.de\/index.php?rest_route=\/wp\/v2\/media\/3160"}],"wp:attachment":[{"href":"https:\/\/www.rc03-ilbenstadt.de\/index.php?rest_route=%2Fwp%2Fv2%2Fmedia&parent=3161"}],"wp:term":[{"taxonomy":"category","embeddable":true,"href":"https:\/\/www.rc03-ilbenstadt.de\/index.php?rest_route=%2Fwp%2Fv2%2Fcategories&post=3161"},{"taxonomy":"post_tag","embeddable":true,"href":"https:\/\/www.rc03-ilbenstadt.de\/index.php?rest_route=%2Fwp%2Fv2%2Ftags&post=3161"}],"curies":[{"name":"wp","href":"https:\/\/api.w.org\/{rel}","templated":true}]}}