{"id":3172,"date":"2014-07-02T21:52:35","date_gmt":"2014-07-02T19:52:35","guid":{"rendered":"http:\/\/www.rc03-ilbenstadt.de\/?p=3172"},"modified":"2014-07-09T15:01:29","modified_gmt":"2014-07-09T13:01:29","slug":"radwandern-im-rc-03-ilbenstadt-mit-hans-und-lutz-zur-ronneburg","status":"publish","type":"post","link":"https:\/\/www.rc03-ilbenstadt.de\/?p=3172","title":{"rendered":"Radwandern im RC 03 Ilbenstadt <br>&#8211; Mit Hans und Lutz zur Ronneburg"},"content":{"rendered":"<p>36 oder 66 Kilometer durch die H\u00fcgellandschaft der Wetterau in den Main-Kinzig-Kreis zur <a title=\"Informationen zur Ronneburg\" href=\"http:\/\/de.wikipedia.org\/wiki\/Burg_Ronneburg\" target=\"_blank\">Ronneburg<\/a>.<\/p>\n<p>Diese wundersch\u00f6ne Radtour bietet am Samstag, dem 19. Juli 2014, der RC03-Ilbenstadt seinen Mitgliedern und allen interessierten Radwanderern an.<\/p>\n<p>Wir starten um 09:30 Uhr am B\u00fcrgerhaus in Niddatal-Ilbenstadt und gehen auf die 66 Kilometer lange Strecke. Eine Zustiegsm\u00f6glichkeit besteht um 10:30 Uhr am Altenst\u00e4dter Bahnhof. Von hier aus sind nur <!--more-->36 Kilometer auf der leicht profilierten Strecke zu bew\u00e4ltigen.<\/p>\n<p>Die abwechslungsreiche Radtour f\u00fchrt \u00fcber gut ausgebaute Radwege. Zuerst\u00a0 geht es an Wickstadt, Maria Sternbach und Kloster Engelthal vorbei nach Altenstadt zum Bahnhof. Von dort fahren wir auf dem Limesradweg \u00fcber Rommelhausen nach Langenbergheim auf die Hohe Stra\u00dfe. Hier rollte im Mittelalter der Messeverkehr zwischen Frankfurt und Leipzig. Bergab lassen wir es nach Altwiedermus laufen, bevor es steil hinauf zum Basaltkegel mit der trutzig aufragenden Ronneburg geht. Hier legen wir eine Mittagspause ein. Eine Einkehrm\u00f6glichkeit besteht. Eine F\u00fchrung ist nicht vorgesehen, doch werden wir einige Details der Burggeschichte vermitteln.<br \/>\nDer Weg f\u00fchrt uns weiter nach Diebach im Haag, durch den Wald nach Calbach zur\u00fcck nach Altenstadt. Die Radlerinnen und Radler der 36-Kilometer-Strecke sind am Ziel und verabschieden den Rest der Truppe, der \u00fcber Stammheim\u00a0 wieder zur\u00fcck nach Ilbenstadt f\u00e4hrt.<br \/>\nEin Flyer zu dieser Radtour steht zum <a title=\"Flyer zur Ronneburgtour am 19. Juli 2014\" href=\"https:\/\/www.rc03-ilbenstadt.de\/wp-content\/uploads\/2014\/07\/RW-140719-Ronneburg-Flyer-001-mit-Karte.pdf\" target=\"_blank\">Download<\/a> bereit.<\/p>\n<p>Impressionen zur angek\u00fcndigten Radwanderung<\/p>\n<table>\n<tbody>\n<tr>\n<td><a href=\"https:\/\/www.rc03-ilbenstadt.de\/wp-content\/uploads\/2014\/07\/B-RW-140719-01-Ronneburg_Hessen-Urheber_R.Raab-WMC.jpg\" rel=\"lightbox[3172]\"><img loading=\"lazy\" decoding=\"async\" class=\"alignleft size-thumbnail wp-image-3173\" src=\"https:\/\/www.rc03-ilbenstadt.de\/wp-content\/uploads\/2014\/07\/B-RW-140719-01-Ronneburg_Hessen-Urheber_R.Raab-WMC-150x150.jpg\" alt=\"B-RW-140719-01-Ronneburg_Hessen-Urheber_R.Raab-WMC\" width=\"150\" height=\"150\" \/><\/a><\/td>\n<td><a href=\"https:\/\/www.rc03-ilbenstadt.de\/wp-content\/uploads\/2014\/07\/B-RW-140719-02-Ronneburg-Vorbereitung-WEB.jpg\" rel=\"lightbox[3172]\"><img loading=\"lazy\" decoding=\"async\" class=\"alignleft size-thumbnail wp-image-3174\" src=\"https:\/\/www.rc03-ilbenstadt.de\/wp-content\/uploads\/2014\/07\/B-RW-140719-02-Ronneburg-Vorbereitung-WEB-150x150.jpg\" alt=\"B-RW-140719-02-Ronneburg-Vorbereitung-WEB\" width=\"150\" height=\"150\" \/><\/a><\/td>\n<td><a href=\"https:\/\/www.rc03-ilbenstadt.de\/wp-content\/uploads\/2014\/07\/B-RW-140719-03-Ronneburg-Vorbereitung-WEB.jpg\" rel=\"lightbox[3172]\"><img loading=\"lazy\" decoding=\"async\" class=\"alignleft size-thumbnail wp-image-3175\" src=\"https:\/\/www.rc03-ilbenstadt.de\/wp-content\/uploads\/2014\/07\/B-RW-140719-03-Ronneburg-Vorbereitung-WEB-150x150.jpg\" alt=\"B-RW-140719-03-Ronneburg-Vorbereitung-WEB\" width=\"150\" height=\"150\" \/><\/a><\/td>\n<\/tr>\n<tr>\n<td>1. Bild: Urheber: R.Raab<br \/>\naus: WikiMedia Commons<\/td>\n<td><\/td>\n<td><\/td>\n<\/tr>\n<tr>\n<td><a href=\"https:\/\/www.rc03-ilbenstadt.de\/wp-content\/uploads\/2014\/07\/B-RW-140719-07-Ronneburg-Vorbereitung-WEB.jpg\" rel=\"lightbox[3172]\"><img loading=\"lazy\" decoding=\"async\" class=\"alignleft size-thumbnail wp-image-3179\" src=\"https:\/\/www.rc03-ilbenstadt.de\/wp-content\/uploads\/2014\/07\/B-RW-140719-07-Ronneburg-Vorbereitung-WEB-150x150.jpg\" alt=\"B-RW-140719-07-Ronneburg-Vorbereitung-WEB\" width=\"150\" height=\"150\" \/><\/a><\/td>\n<td><a href=\"https:\/\/www.rc03-ilbenstadt.de\/wp-content\/uploads\/2014\/07\/B-RW-140719-04-Ronneburg-Vorbereitung-WEB.jpg\" rel=\"lightbox[3172]\"><img loading=\"lazy\" decoding=\"async\" class=\"alignleft size-thumbnail wp-image-3176\" src=\"https:\/\/www.rc03-ilbenstadt.de\/wp-content\/uploads\/2014\/07\/B-RW-140719-04-Ronneburg-Vorbereitung-WEB-150x150.jpg\" alt=\"B-RW-140719-04-Ronneburg-Vorbereitung-WEB\" width=\"150\" height=\"150\" \/><\/a><\/td>\n<td><a href=\"https:\/\/www.rc03-ilbenstadt.de\/wp-content\/uploads\/2014\/07\/B-RW-140719-05-Ronneburg-Vorbereitung-WEB.jpg\" rel=\"lightbox[3172]\"><img loading=\"lazy\" decoding=\"async\" class=\"alignleft size-thumbnail wp-image-3177\" src=\"https:\/\/www.rc03-ilbenstadt.de\/wp-content\/uploads\/2014\/07\/B-RW-140719-05-Ronneburg-Vorbereitung-WEB-150x150.jpg\" alt=\"B-RW-140719-05-Ronneburg-Vorbereitung-WEB\" width=\"150\" height=\"150\" \/><\/a><\/td>\n<\/tr>\n<\/tbody>\n<\/table>\n","protected":false},"excerpt":{"rendered":"<p>36 oder 66 Kilometer durch die H\u00fcgellandschaft der Wetterau in den Main-Kinzig-Kreis zur Ronneburg. Diese wundersch\u00f6ne Radtour bietet am Samstag, dem 19. Juli 2014, der RC03-Ilbenstadt seinen Mitgliedern und allen interessierten Radwanderern an. Wir starten um 09:30 Uhr am B\u00fcrgerhaus &hellip; <a href=\"https:\/\/www.rc03-ilbenstadt.de\/?p=3172\">Weiterlesen <span class=\"meta-nav\">&rarr;<\/span><\/a><\/p>\n","protected":false},"author":9,"featured_media":3173,"comment_status":"closed","ping_status":"closed","sticky":false,"template":"","format":"standard","meta":{"_crdt_document":"","footnotes":""},"categories":[1],"tags":[],"class_list":["post-3172","post","type-post","status-publish","format-standard","has-post-thumbnail","hentry","category-allgemein"],"_links":{"self":[{"href":"https:\/\/www.rc03-ilbenstadt.de\/index.php?rest_route=\/wp\/v2\/posts\/3172","targetHints":{"allow":["GET"]}}],"collection":[{"href":"https:\/\/www.rc03-ilbenstadt.de\/index.php?rest_route=\/wp\/v2\/posts"}],"about":[{"href":"https:\/\/www.rc03-ilbenstadt.de\/index.php?rest_route=\/wp\/v2\/types\/post"}],"author":[{"embeddable":true,"href":"https:\/\/www.rc03-ilbenstadt.de\/index.php?rest_route=\/wp\/v2\/users\/9"}],"replies":[{"embeddable":true,"href":"https:\/\/www.rc03-ilbenstadt.de\/index.php?rest_route=%2Fwp%2Fv2%2Fcomments&post=3172"}],"version-history":[{"count":0,"href":"https:\/\/www.rc03-ilbenstadt.de\/index.php?rest_route=\/wp\/v2\/posts\/3172\/revisions"}],"wp:featuredmedia":[{"embeddable":true,"href":"https:\/\/www.rc03-ilbenstadt.de\/index.php?rest_route=\/wp\/v2\/media\/3173"}],"wp:attachment":[{"href":"https:\/\/www.rc03-ilbenstadt.de\/index.php?rest_route=%2Fwp%2Fv2%2Fmedia&parent=3172"}],"wp:term":[{"taxonomy":"category","embeddable":true,"href":"https:\/\/www.rc03-ilbenstadt.de\/index.php?rest_route=%2Fwp%2Fv2%2Fcategories&post=3172"},{"taxonomy":"post_tag","embeddable":true,"href":"https:\/\/www.rc03-ilbenstadt.de\/index.php?rest_route=%2Fwp%2Fv2%2Ftags&post=3172"}],"curies":[{"name":"wp","href":"https:\/\/api.w.org\/{rel}","templated":true}]}}