{"id":3189,"date":"2014-07-29T14:37:43","date_gmt":"2014-07-29T12:37:43","guid":{"rendered":"http:\/\/www.rc03-ilbenstadt.de\/?p=3189"},"modified":"2014-07-30T11:15:43","modified_gmt":"2014-07-30T09:15:43","slug":"radwandern-im-rc-03-ilbenstadt-von-ilbenstadt-zur-ronneburg","status":"publish","type":"post","link":"https:\/\/www.rc03-ilbenstadt.de\/?p=3189","title":{"rendered":"Radwandern im RC 03 Ilbenstadt <br>&#8211; Von Ilbenstadt zur Ronneburg"},"content":{"rendered":"<p>Am Samstagmorgen, dem 19. Juli, trafen sich 11 unentwegte Frauen und M\u00e4nner am B\u00fcrgerhaus in Ilbenstadt, um bei strahlendem Sonnenschein per Rad die Ronneburg zu erreichen. Die Planungen waren abgeschlossen und das z\u00e4he Ringen um die Wegf\u00fchrung, das ausgewogene Verh\u00e4ltnis der zu erklimmenden H\u00f6henmeter zu den Flachetappen, die schattigen Waldpassagen zu Wegen mit ungehinderter Sonneneinstrahlung hat sich gelohnt. So f\u00fchrte uns die erste H\u00e4lte der Rundstrecke durch den schattigen Hessenforst nach Altenstadt. An der Wickst\u00e4dter Niddabr\u00fccke<!--more--> und am Altenst\u00e4dter Bahnhof wuchs die Gruppe auf 16 Mitglieder an und \u00fcber den Limesradweg, der uns am rekonstruierten r\u00f6mischen Wachturm bei Oberau noch einen interessanten Halt bescherte, erreichten wir \u00fcber Langenbergheim die Hohe Stra\u00dfe. Diese f\u00fchrte uns \u00fcber Altwiedermus zur Ronneburg. Hier &#8222;erfuhren&#8220; wir, was die staufischen K\u00f6nige zu Beginn des 13. Jahrhunderts mit der Errichtung einer Sicherungsburg auf dem steilen Basaltsporn des Fallbachtales wohl kalkuliert hatten. Der &#8222;Angriff&#8220; auf die Ronneburg wurde zur schwei\u00dftreibenden Angelegenheit, obwohl durch die h\u00fcgelige Tour im Vorfeld die ein oder andere &#8222;Vor\u00fcbung&#8220; schon m\u00f6glich war. Entsch\u00e4digt wurde durch die gute Aussicht in das Umland, k\u00fchle Getr\u00e4nke und ein gutes Essen. Wir konnten nachvollziehen, dass die &#8222;Hohe Stra\u00dfe&#8220;, einst ein wichtiger Transportweg, durch die Burg in der Region zwischen Mainz und Fulda seinerzeit gut gesichert werden konnte.<\/p>\n<p>Nach der ausgiebigen Rast in den alten Gem\u00e4uern wurde der zweite Teil des Rundkurses in Angriff genommen. \u00dcber Diebach am Haag, Calbach, Altenstadt, Stammheim und Florstadt ging es wieder zur\u00fcck nach Ilbenstadt. Die h\u00fcgelige Wetterau zeigte sich von der besten Seite. Die Getreide und Rapsfelder standen kurz vor der Ernte, die goldgelben Fl\u00e4chen wurde durch die gr\u00fcnen Streifen der R\u00fcben- und Maisfelder abwechslungsreich unterbrochen. Das Ende dieser kurzweiligen Radtour wurde sehr individuell gestaltet. Bei Eis, k\u00fchlen Getr\u00e4nken, Kaffee und Kuchen oder auch nur ein Ausruhen in schattiger Umgebung, jeder lie\u00df die Tour nach seinem Gusto ausklingen. Trotz des hei\u00dfen Wetters kam die Radtour bei den Radlerinnen und Radlern gut an. Gefallen hatten auch die R\u00fccksichtnahme, keiner wurde bei Anstiegen zur\u00fcck gelassen, und die rege Kommunikation innerhalb der Gruppe.<\/p>\n<p>Wir freuen uns auf die n\u00e4chste Radwanderung am 27. September 2014 zum Keltenmuseum auf dem Glauberg und laden schon heute dazu herzlich ein.<\/p>\n<p>Einige Impressionen der Ronneburgtour:<\/p>\n<table>\n<tbody>\n<tr>\n<td><a href=\"https:\/\/www.rc03-ilbenstadt.de\/wp-content\/uploads\/2014\/07\/B-RC03-RW-140719-03-Ilbenstadt_Ronneburg-WEB.jpg\" rel=\"lightbox[3189]\"><img loading=\"lazy\" decoding=\"async\" class=\"alignleft wp-image-3192 size-thumbnail\" src=\"https:\/\/www.rc03-ilbenstadt.de\/wp-content\/uploads\/2014\/07\/B-RC03-RW-140719-03-Ilbenstadt_Ronneburg-WEB-150x150.jpg\" alt=\"B-RC03-RW-140719-03-Ilbenstadt_Ronneburg-WEB\" width=\"150\" height=\"150\" \/><\/a><\/td>\n<td><a href=\"https:\/\/www.rc03-ilbenstadt.de\/wp-content\/uploads\/2014\/07\/B-RC03-RW-140719-05-Ilbenstadt_Ronneburg-WEB.jpg\" rel=\"lightbox[3189]\"><img loading=\"lazy\" decoding=\"async\" class=\"alignleft wp-image-3193 size-thumbnail\" src=\"https:\/\/www.rc03-ilbenstadt.de\/wp-content\/uploads\/2014\/07\/B-RC03-RW-140719-05-Ilbenstadt_Ronneburg-WEB-150x150.jpg\" alt=\"B-RC03-RW-140719-05-Ilbenstadt_Ronneburg-WEB\" width=\"150\" height=\"150\" \/><\/a><\/td>\n<td><a href=\"https:\/\/www.rc03-ilbenstadt.de\/wp-content\/uploads\/2014\/07\/B-RC03-RW-140719-08-Ilbenstadt_Ronneburg-WEB.jpg\" rel=\"lightbox[3189]\"><img loading=\"lazy\" decoding=\"async\" class=\"alignleft wp-image-3194 size-thumbnail\" src=\"https:\/\/www.rc03-ilbenstadt.de\/wp-content\/uploads\/2014\/07\/B-RC03-RW-140719-08-Ilbenstadt_Ronneburg-WEB-150x150.jpg\" alt=\"B-RC03-RW-140719-08-Ilbenstadt_Ronneburg-WEB\" width=\"150\" height=\"150\" \/><\/a><\/td>\n<\/tr>\n<tr>\n<td>\u00a0<a href=\"https:\/\/www.rc03-ilbenstadt.de\/wp-content\/uploads\/2014\/07\/B-RC03-RW-140719-09-Ilbenstadt_Ronneburg-WEB.jpg\" rel=\"lightbox[3189]\"><img loading=\"lazy\" decoding=\"async\" class=\"alignleft wp-image-3195 size-thumbnail\" src=\"https:\/\/www.rc03-ilbenstadt.de\/wp-content\/uploads\/2014\/07\/B-RC03-RW-140719-09-Ilbenstadt_Ronneburg-WEB-150x150.jpg\" alt=\"B-RC03-RW-140719-09-Ilbenstadt_Ronneburg-WEB\" width=\"150\" height=\"150\" \/><\/a><\/td>\n<td>\u00a0<a href=\"https:\/\/www.rc03-ilbenstadt.de\/wp-content\/uploads\/2014\/07\/B-RC03-RW-140719-12-Ilbenstadt_Ronneburg-WEB.jpg\" rel=\"lightbox[3189]\"><img loading=\"lazy\" decoding=\"async\" class=\"alignleft wp-image-3196 size-thumbnail\" src=\"https:\/\/www.rc03-ilbenstadt.de\/wp-content\/uploads\/2014\/07\/B-RC03-RW-140719-12-Ilbenstadt_Ronneburg-WEB-150x150.jpg\" alt=\"B-RC03-RW-140719-12-Ilbenstadt_Ronneburg-WEB\" width=\"150\" height=\"150\" \/><\/a><\/td>\n<td>\u00a0<a href=\"https:\/\/www.rc03-ilbenstadt.de\/wp-content\/uploads\/2014\/07\/B-RC03-RW-140719-14-Ilbenstadt_Ronneburg-WEB.jpg\" rel=\"lightbox[3189]\"><img loading=\"lazy\" decoding=\"async\" class=\"alignleft wp-image-3197 size-thumbnail\" src=\"https:\/\/www.rc03-ilbenstadt.de\/wp-content\/uploads\/2014\/07\/B-RC03-RW-140719-14-Ilbenstadt_Ronneburg-WEB-150x150.jpg\" alt=\"B-RC03-RW-140719-14-Ilbenstadt_Ronneburg-WEB\" width=\"150\" height=\"150\" \/><\/a><\/td>\n<\/tr>\n<tr>\n<td>\u00a0<a href=\"https:\/\/www.rc03-ilbenstadt.de\/wp-content\/uploads\/2014\/07\/B-RC03-RW-140719-58-Ilbenstadt_Ronneburg-WEB.jpg\" rel=\"lightbox[3189]\"><img loading=\"lazy\" decoding=\"async\" class=\"alignleft wp-image-3204 size-thumbnail\" src=\"https:\/\/www.rc03-ilbenstadt.de\/wp-content\/uploads\/2014\/07\/B-RC03-RW-140719-58-Ilbenstadt_Ronneburg-WEB-150x150.jpg\" alt=\"B-RC03-RW-140719-58-Ilbenstadt_Ronneburg-WEB\" width=\"150\" height=\"150\" \/><\/a><\/td>\n<td>\u00a0<a href=\"https:\/\/www.rc03-ilbenstadt.de\/wp-content\/uploads\/2014\/07\/B-RC03-RW-140719-30-Ilbenstadt_Ronneburg-WEB.jpg\" rel=\"lightbox[3189]\"><img loading=\"lazy\" decoding=\"async\" class=\"alignleft wp-image-3198 size-thumbnail\" src=\"https:\/\/www.rc03-ilbenstadt.de\/wp-content\/uploads\/2014\/07\/B-RC03-RW-140719-30-Ilbenstadt_Ronneburg-WEB-150x150.jpg\" alt=\"B-RC03-RW-140719-30-Ilbenstadt_Ronneburg-WEB\" width=\"150\" height=\"150\" \/><\/a><\/td>\n<td>\u00a0<a href=\"https:\/\/www.rc03-ilbenstadt.de\/wp-content\/uploads\/2014\/07\/B-RC03-RW-140719-34-Ilbenstadt_Ronneburg-WEB.jpg\" rel=\"lightbox[3189]\"><img loading=\"lazy\" decoding=\"async\" class=\"alignleft wp-image-3199 size-thumbnail\" src=\"https:\/\/www.rc03-ilbenstadt.de\/wp-content\/uploads\/2014\/07\/B-RC03-RW-140719-34-Ilbenstadt_Ronneburg-WEB-150x150.jpg\" alt=\"B-RC03-RW-140719-34-Ilbenstadt_Ronneburg-WEB\" width=\"150\" height=\"150\" \/><\/a><\/td>\n<\/tr>\n<tr>\n<td>\u00a0<a href=\"https:\/\/www.rc03-ilbenstadt.de\/wp-content\/uploads\/2014\/07\/B-RC03-RW-140719-42-Ilbenstadt_Ronneburg-WEB.jpg\" rel=\"lightbox[3189]\"><img loading=\"lazy\" decoding=\"async\" class=\"alignleft wp-image-3200 size-thumbnail\" src=\"https:\/\/www.rc03-ilbenstadt.de\/wp-content\/uploads\/2014\/07\/B-RC03-RW-140719-42-Ilbenstadt_Ronneburg-WEB-150x150.jpg\" alt=\"B-RC03-RW-140719-42-Ilbenstadt_Ronneburg-WEB\" width=\"150\" height=\"150\" \/><\/a><\/td>\n<td>\u00a0<a href=\"https:\/\/www.rc03-ilbenstadt.de\/wp-content\/uploads\/2014\/07\/B-RC03-RW-140719-48-Ilbenstadt_Ronneburg-WEB.jpg\" rel=\"lightbox[3189]\"><img loading=\"lazy\" decoding=\"async\" class=\"alignleft wp-image-3202 size-thumbnail\" src=\"https:\/\/www.rc03-ilbenstadt.de\/wp-content\/uploads\/2014\/07\/B-RC03-RW-140719-48-Ilbenstadt_Ronneburg-WEB-150x150.jpg\" alt=\"B-RC03-RW-140719-48-Ilbenstadt_Ronneburg-WEB\" width=\"150\" height=\"150\" \/><\/a><\/td>\n<td>\u00a0<a href=\"https:\/\/www.rc03-ilbenstadt.de\/wp-content\/uploads\/2014\/07\/B-RC03-RW-140719-54-Ilbenstadt_Ronneburg-WEB.jpg\" rel=\"lightbox[3189]\"><img loading=\"lazy\" decoding=\"async\" class=\"alignleft wp-image-3203 size-thumbnail\" src=\"https:\/\/www.rc03-ilbenstadt.de\/wp-content\/uploads\/2014\/07\/B-RC03-RW-140719-54-Ilbenstadt_Ronneburg-WEB-150x150.jpg\" alt=\"B-RC03-RW-140719-54-Ilbenstadt_Ronneburg-WEB\" width=\"150\" height=\"150\" \/><\/a><\/td>\n<\/tr>\n<tr>\n<td>\u00a0<a href=\"https:\/\/www.rc03-ilbenstadt.de\/wp-content\/uploads\/2014\/07\/B-RC03-RW-140719-63-Ilbenstadt_Ronneburg-WEB.jpg\" rel=\"lightbox[3189]\"><img loading=\"lazy\" decoding=\"async\" class=\"alignleft wp-image-3205 size-thumbnail\" src=\"https:\/\/www.rc03-ilbenstadt.de\/wp-content\/uploads\/2014\/07\/B-RC03-RW-140719-63-Ilbenstadt_Ronneburg-WEB-150x150.jpg\" alt=\"B-RC03-RW-140719-63-Ilbenstadt_Ronneburg-WEB\" width=\"150\" height=\"150\" \/><\/a><\/td>\n<td>\u00a0<a href=\"https:\/\/www.rc03-ilbenstadt.de\/wp-content\/uploads\/2014\/07\/B-RC03-RW-140719-68-Ilbenstadt_Ronneburg-WEB.jpg\" rel=\"lightbox[3189]\"><img loading=\"lazy\" decoding=\"async\" class=\"alignleft wp-image-3206 size-thumbnail\" src=\"https:\/\/www.rc03-ilbenstadt.de\/wp-content\/uploads\/2014\/07\/B-RC03-RW-140719-68-Ilbenstadt_Ronneburg-WEB-150x150.jpg\" alt=\"B-RC03-RW-140719-68-Ilbenstadt_Ronneburg-WEB\" width=\"150\" height=\"150\" \/><\/a><\/td>\n<td><\/td>\n<\/tr>\n<\/tbody>\n<\/table>\n","protected":false},"excerpt":{"rendered":"<p>Am Samstagmorgen, dem 19. Juli, trafen sich 11 unentwegte Frauen und M\u00e4nner am B\u00fcrgerhaus in Ilbenstadt, um bei strahlendem Sonnenschein per Rad die Ronneburg zu erreichen. Die Planungen waren abgeschlossen und das z\u00e4he Ringen um die Wegf\u00fchrung, das ausgewogene Verh\u00e4ltnis &hellip; <a href=\"https:\/\/www.rc03-ilbenstadt.de\/?p=3189\">Weiterlesen <span class=\"meta-nav\">&rarr;<\/span><\/a><\/p>\n","protected":false},"author":9,"featured_media":3204,"comment_status":"closed","ping_status":"closed","sticky":false,"template":"","format":"standard","meta":{"_crdt_document":"","footnotes":""},"categories":[1],"tags":[],"class_list":["post-3189","post","type-post","status-publish","format-standard","has-post-thumbnail","hentry","category-allgemein"],"_links":{"self":[{"href":"https:\/\/www.rc03-ilbenstadt.de\/index.php?rest_route=\/wp\/v2\/posts\/3189","targetHints":{"allow":["GET"]}}],"collection":[{"href":"https:\/\/www.rc03-ilbenstadt.de\/index.php?rest_route=\/wp\/v2\/posts"}],"about":[{"href":"https:\/\/www.rc03-ilbenstadt.de\/index.php?rest_route=\/wp\/v2\/types\/post"}],"author":[{"embeddable":true,"href":"https:\/\/www.rc03-ilbenstadt.de\/index.php?rest_route=\/wp\/v2\/users\/9"}],"replies":[{"embeddable":true,"href":"https:\/\/www.rc03-ilbenstadt.de\/index.php?rest_route=%2Fwp%2Fv2%2Fcomments&post=3189"}],"version-history":[{"count":0,"href":"https:\/\/www.rc03-ilbenstadt.de\/index.php?rest_route=\/wp\/v2\/posts\/3189\/revisions"}],"wp:featuredmedia":[{"embeddable":true,"href":"https:\/\/www.rc03-ilbenstadt.de\/index.php?rest_route=\/wp\/v2\/media\/3204"}],"wp:attachment":[{"href":"https:\/\/www.rc03-ilbenstadt.de\/index.php?rest_route=%2Fwp%2Fv2%2Fmedia&parent=3189"}],"wp:term":[{"taxonomy":"category","embeddable":true,"href":"https:\/\/www.rc03-ilbenstadt.de\/index.php?rest_route=%2Fwp%2Fv2%2Fcategories&post=3189"},{"taxonomy":"post_tag","embeddable":true,"href":"https:\/\/www.rc03-ilbenstadt.de\/index.php?rest_route=%2Fwp%2Fv2%2Ftags&post=3189"}],"curies":[{"name":"wp","href":"https:\/\/api.w.org\/{rel}","templated":true}]}}