{"id":3267,"date":"2014-09-11T09:09:39","date_gmt":"2014-09-11T07:09:39","guid":{"rendered":"http:\/\/www.rc03-ilbenstadt.de\/?p=3267"},"modified":"2014-09-11T09:10:53","modified_gmt":"2014-09-11T07:10:53","slug":"radtourenfahrt-rtf-in-ilbenstadt-am-sonntag-dem-14-september-2014-ankuendigung","status":"publish","type":"post","link":"https:\/\/www.rc03-ilbenstadt.de\/?p=3267","title":{"rendered":"Radtourenfahrt (RTF) in Ilbenstadt am Sonntag, dem 14. September 2014 <br>Ank\u00fcndigung"},"content":{"rendered":"<p>Mit der RTF in Ilbenstadt kommt der Herbst n\u00e4her und in dieser Woche zeigt das Thermometer niedrigere Werte an und hier und da kann es auch mal feucht werden. Doch halt! die Wetterprognosen zum Sonntag sind durch unsere Radlerbrille besehen durchaus positiv. Die Temperaturen steigen wieder an. Von morgendlichen 17 \u00b0C auf 21 \u00b0C in den Mittagsstunden k\u00f6nnen wir schon von &#8222;Wohlf\u00fchltemperaturen&#8220; sprechen. Der Himmel wird bew\u00f6lkt sein, die Sonne hat aber ihre L\u00fccken und es ist durchaus m\u00f6glich, dass sie l\u00e4nger \u00fcber unserer Radfahrregion scheint. Mit einer rund 90 %-igen <strong>Nichtregenwahrscheinlichkeit <\/strong>k\u00f6nnen wir sehr gut leben.<!--more--><\/p>\n<p>Wir laden Sie herzlich zu unseren Radtouren von der Wetterau bis in den Vogelsberg ein. Es stehen wieder Rundtouren von 42, 75, 114 und 155 Kilometern zur Verf\u00fcgung. W\u00e4hrend die &#8222;kurzen&#8220; Runden in der sanften H\u00fcgellandschaft der Wetterau angelegt sind, wird auf der 114-Kilometertour schon mal der Vogelsberg gestreift, w\u00e4hrend die 155 Kilometer den trainierten Radlerinnen und Radlern die Sch\u00f6nheiten des Vogelsberges auf ruhigen und verkehrsarmen Stra\u00dfen erschlie\u00dft.<\/p>\n<p>Also auf nach Ilbenstadt! Verbringen Sie mit uns einen sch\u00f6nen Tag auf dem Fahrrad und in geselliger Runde am Start und Ziel. Details finden sie auf unserer <a title=\"Ausschreibung unserer Herbst-RTF 2014\" href=\"https:\/\/www.rc03-ilbenstadt.de\/?page_id=3227http:\/\/\" target=\"_blank\">Veranstaltungsseite<\/a>.<\/p>\n<p>&nbsp;<\/p>\n<p><strong>F\u00fcr Einsteiger<br \/>\n<\/strong>Sie wissen nicht, was sich hinter einer organisierten Radtourenfahrt verbirgt? Kommen Sie zu uns und erfahren Sie im wahrsten Sinne des Wortes, was sich dahinter verbirgt. Jedermann ist willkommen. An das Sportger\u00e4t werden keine besonderen Anforderungen gestellt, obwohl das Rennrad von der Streckencharakteristik her sicher erste Wahl w\u00e4re. Im Gegensatz zu Trimmtouren oder dem Radwandern steht bei einer RTF schon der sportliche Aspekt im Vordergrund. Sie k\u00f6nnen Ihrem Leistungsstand entsprechend eine Strecke w\u00e4hlen und diese in Ihrem Tempo, Ihrem Rhythmus und damit innerhalb Ihrer individuellen M\u00f6glichkeiten absolvieren. Eine Zeitnahme erfolgt bei diesen Breitensportveranstaltungen nicht. Sie k\u00f6nnen die Tour alleine fahren oder sich anderen Radlerinnen und Radlern anschlie\u00dfen. Kommen Sie nach Ilbenstadt und genie\u00dfen Sie einen Tag rund um das Fahrrad!<\/p>\n","protected":false},"excerpt":{"rendered":"<p>Mit der RTF in Ilbenstadt kommt der Herbst n\u00e4her und in dieser Woche zeigt das Thermometer niedrigere Werte an und hier und da kann es auch mal feucht werden. Doch halt! die Wetterprognosen zum Sonntag sind durch unsere Radlerbrille besehen &hellip; <a href=\"https:\/\/www.rc03-ilbenstadt.de\/?p=3267\">Weiterlesen <span class=\"meta-nav\">&rarr;<\/span><\/a><\/p>\n","protected":false},"author":9,"featured_media":3266,"comment_status":"closed","ping_status":"closed","sticky":false,"template":"","format":"standard","meta":{"_crdt_document":"","footnotes":""},"categories":[1],"tags":[],"class_list":["post-3267","post","type-post","status-publish","format-standard","has-post-thumbnail","hentry","category-allgemein"],"_links":{"self":[{"href":"https:\/\/www.rc03-ilbenstadt.de\/index.php?rest_route=\/wp\/v2\/posts\/3267","targetHints":{"allow":["GET"]}}],"collection":[{"href":"https:\/\/www.rc03-ilbenstadt.de\/index.php?rest_route=\/wp\/v2\/posts"}],"about":[{"href":"https:\/\/www.rc03-ilbenstadt.de\/index.php?rest_route=\/wp\/v2\/types\/post"}],"author":[{"embeddable":true,"href":"https:\/\/www.rc03-ilbenstadt.de\/index.php?rest_route=\/wp\/v2\/users\/9"}],"replies":[{"embeddable":true,"href":"https:\/\/www.rc03-ilbenstadt.de\/index.php?rest_route=%2Fwp%2Fv2%2Fcomments&post=3267"}],"version-history":[{"count":0,"href":"https:\/\/www.rc03-ilbenstadt.de\/index.php?rest_route=\/wp\/v2\/posts\/3267\/revisions"}],"wp:featuredmedia":[{"embeddable":true,"href":"https:\/\/www.rc03-ilbenstadt.de\/index.php?rest_route=\/wp\/v2\/media\/3266"}],"wp:attachment":[{"href":"https:\/\/www.rc03-ilbenstadt.de\/index.php?rest_route=%2Fwp%2Fv2%2Fmedia&parent=3267"}],"wp:term":[{"taxonomy":"category","embeddable":true,"href":"https:\/\/www.rc03-ilbenstadt.de\/index.php?rest_route=%2Fwp%2Fv2%2Fcategories&post=3267"},{"taxonomy":"post_tag","embeddable":true,"href":"https:\/\/www.rc03-ilbenstadt.de\/index.php?rest_route=%2Fwp%2Fv2%2Ftags&post=3267"}],"curies":[{"name":"wp","href":"https:\/\/api.w.org\/{rel}","templated":true}]}}