{"id":3272,"date":"2014-09-16T18:39:48","date_gmt":"2014-09-16T16:39:48","guid":{"rendered":"http:\/\/www.rc03-ilbenstadt.de\/?p=3272"},"modified":"2014-09-17T00:32:25","modified_gmt":"2014-09-16T22:32:25","slug":"radtourenfahrt-rtf-in-ilbenstadt-am-sonntag-dem-14-september-bericht","status":"publish","type":"post","link":"https:\/\/www.rc03-ilbenstadt.de\/?p=3272","title":{"rendered":"Radtourenfahrt (RTF) mit Familien- und Trimmtour in Ilbenstadt am Sonntag, dem 14. September<br> Bericht"},"content":{"rendered":"<p>Zur 37. RTF &#8222;Rund um Ilbenstadt&#8220; hatte der RC 03 Ilbenstadt geladen. Der Wetterumschwung zur Wochenmitte lie\u00df einen nassen und k\u00fchlen Herbsteinbruch erwarten, doch besserten sich die Temperaturen. Nur der Freitag, der sich weniger regnerisch pr\u00e4sentierte, als es uns die Meteorologen beharrlich vorhersagten, hat uns die bangen Blicke auf die Wetterentwicklung am Sonntag noch nicht nehmen k\u00f6nnen. Der Wettergott hatte jedoch ein Einsehen. Mit moderaten Temperaturen, bew\u00f6lktem Himmel, der ein oder anderen L\u00fccke f\u00fcr die Sonne hat er gutes, trockenes Radfahrwetter gebracht. Der Tag auf und um das Rad in Ilbenstadt war gerettet.<!--more--><\/p>\n<p>372 Sportlerinnen und Sportler traten in Ilbenstadt am Start an. Ohne Zeitdruck und mit individuell gestalteter Belastung konnte zwischen vier Rundtouren von 42, 75, 114 oder 155 Kilometern gew\u00e4hlt werden. Die sanften H\u00fcgel der Wetterau, der landwirtschaftlich gepr\u00e4gten Region, begleiteten die Radlerinnen und Radler auf den kurzen Touren von 42 und 75 Kilometern. Mit den beiden gr\u00f6\u00dferen Touren stiegen die Anforderungen an das Durchhalteverm\u00f6gen und der ein oder andere H\u00fcgel forderte schon heraus. Die 114 Kilometerrunde lie\u00df schon sp\u00fcren, dass der Vogelsberg zu den hessischen Mittelgebirgen z\u00e4hlt. Die Durchfahrt war noch nicht von langen Anstiegen gepr\u00e4gt, forderte aber durch ein st\u00e4ndiges Auf und Ab in dieser Region Leistungsreserven ab. Die 52 Herren und 2 Damen, die 155 Kilometer unter die R\u00e4der genommen hatten, wurden durch den landschaftlich sch\u00f6nen Vogelsberg belohnt. Breungeshain, das sich des Morgens noch in Nebel geh\u00fcllt hatte, Grebenhain, Crainfeld, Lichenroth, W\u00fcstwillenroth und Mauswinkel waren mit die Stationen, die unter Radlern bekannt sind und eine gute Kondition erfordern. Dies war einigen noch nicht genug. Nur so sind die Bitten zu verstehen, im Folgejahr noch den Hoherodskopf in das Programm aufzunehmen.<br \/>\nAn sechs Kontrollstellen wurden Getr\u00e4nke, Bananen und Geb\u00e4ck f\u00fcr die Teilnehmer ausgegeben. Mit Wasser, Tee, rund 253 kg Bananen und viel Geb\u00e4ck hatten sich die vielen unentwegten Helferinnen und Helfer des Vereins auf den Ansturm vorbereitet. Alle Strecken waren ausgeschildert, so dass sich alle Radlerinnen und Radler im Sattel ihrer Rennr\u00e4der auf die sportliche Herausforderung konzentrieren konnten.<br \/>\nIm Ziel wurden in geselliger Runde Kontakte gepflegt und das Erlebte Revue passieren lassen. Dazu gab es Grillw\u00fcrste, Kartoffelpuffer mit Apfelmus, k\u00fchle Getr\u00e4nke, aber auch eine umfangreiche Kuchentheke.<br \/>\nBei den BDR-Mannschaften hatte das Radteam Neu-Isenburg die Nase vorn und konnte Sieger- und Wanderpokal der Stadt Niddatal, \u00fcberreicht durch den B\u00fcrgermeister, Herrn Dr. Bernhard Hertel, mit nach Hause nehmen. Auf den Pl\u00e4tzen folgten der nur knapp geschlagene Vorjahressieger RV Ober-M\u00f6rlen, der RV Germania Nieder-Weisel, der RC Offenbach-B\u00fcrgel und die Sandhasen aus W\u00f6lfersheim.<\/p>\n<p><a href=\"https:\/\/www.rc03-ilbenstadt.de\/wp-content\/uploads\/2014\/09\/B-RC03-140914-016-RTF_RC03_Ilbenstadt-WEB.jpg\" rel=\"lightbox[3272]\"><img loading=\"lazy\" decoding=\"async\" class=\"alignleft wp-image-3280 size-thumbnail\" src=\"https:\/\/www.rc03-ilbenstadt.de\/wp-content\/uploads\/2014\/09\/B-RC03-140914-016-RTF_RC03_Ilbenstadt-WEB-150x150.jpg\" alt=\"B-RC03-140914-016-RTF_RC03_Ilbenstadt-WEB\" width=\"150\" height=\"150\" \/><\/a>Die Familien- und Trimmtour wird im Herbst traditionell neben dem Radtourenfahren angeboten. In diesem Jahr war sie gepr\u00e4gt durch den Zweikampf der Freiwilligen Feuerwehr Ilbenstadt und dem Turnverein. Der TV Ilbenstadt konnte vier Starter mehr auf die Strecke zwischen Ilbenstadt, W\u00f6llstadt, Friedberg und Assenheim schicken. Die Feuerwehr verpasste knapp den Gesamtsieg. Der im Vorfeld erwartete Erfolg wurde durch einen n\u00e4chtlichen Einsatz der Feuerwehr zunichte gemacht. Der Wanderpokal der Firma Trade Connection Krebs GmbH aus Rodheim wurde von Herrn Peter Krebs an die siegreiche Mannschaft \u00fcbergeben.<\/p>\n<p>Gegen Abend konnten die vielen Helferinnen und Helfer durchatmen. Ein anstrengender Tag rund ums Rad ging in Ilbenstadt zu Ende. Ein gro\u00dfes Dankesch\u00f6n geht an alle Beteiligten, an die, die mit ihrer Arbeit diese Radsportveranstaltung erm\u00f6glicht haben und an Sportlerinnen und Sportler, die diese Veranstaltung mit ihrer Teilnahme &#8211; durch ihre Leistungen &#8211; mit Leben erf\u00fcllten.<\/p>\n<p>Einige Impressionen von den Touren:<br \/>\nBilder 2, 16-20: Burkhard Kling,<br \/>\nBilder 1, 3-15, 21 ff.: G iovanni DiRosa i.A. des\u00a0 RC 03-Ilbenstadt<\/p>\n<table>\n<tbody>\n<tr>\n<td><a href=\"https:\/\/www.rc03-ilbenstadt.de\/wp-content\/uploads\/2014\/09\/B-RC03-140914-093-RTF_RC03_Ilbenstadt-WEB.jpg\" rel=\"lightbox[3272]\"><img loading=\"lazy\" decoding=\"async\" class=\"alignleft size-thumbnail wp-image-3299\" src=\"https:\/\/www.rc03-ilbenstadt.de\/wp-content\/uploads\/2014\/09\/B-RC03-140914-093-RTF_RC03_Ilbenstadt-WEB-150x150.jpg\" alt=\"B-RC03-140914-093-RTF_RC03_Ilbenstadt-WEB\" width=\"150\" height=\"150\" \/><\/a><\/td>\n<td><a href=\"https:\/\/www.rc03-ilbenstadt.de\/wp-content\/uploads\/2014\/09\/B-RC03-140914-105-RTF_RC03_Ilbenstadt-BK-WEB.jpg\" rel=\"lightbox[3272]\"><img loading=\"lazy\" decoding=\"async\" class=\"alignleft size-thumbnail wp-image-3305\" src=\"https:\/\/www.rc03-ilbenstadt.de\/wp-content\/uploads\/2014\/09\/B-RC03-140914-105-RTF_RC03_Ilbenstadt-BK-WEB-150x150.jpg\" alt=\"B-RC03-140914-105-RTF_RC03_Ilbenstadt-BK-WEB\" width=\"150\" height=\"150\" \/><\/a><\/td>\n<td><a href=\"https:\/\/www.rc03-ilbenstadt.de\/wp-content\/uploads\/2014\/09\/B-RC03-140914-032-RTF_RC03_Ilbenstadt-WEB.jpg\" rel=\"lightbox[3272]\"><img loading=\"lazy\" decoding=\"async\" class=\"alignleft size-thumbnail wp-image-3285\" src=\"https:\/\/www.rc03-ilbenstadt.de\/wp-content\/uploads\/2014\/09\/B-RC03-140914-032-RTF_RC03_Ilbenstadt-WEB-150x150.jpg\" alt=\"B-RC03-140914-032-RTF_RC03_Ilbenstadt-WEB\" width=\"150\" height=\"150\" \/><\/a><\/td>\n<\/tr>\n<tr>\n<td>Die geehrten<br \/>\nBDR-Mannschaften<\/td>\n<td>Radsportler bei M\u00fcnzen-<br \/>\nberg<\/td>\n<td>Nach der Tour im Ziel<br \/>\nW\u00f6lfersheimer Sandhasen<\/td>\n<\/tr>\n<tr>\n<td><a href=\"https:\/\/www.rc03-ilbenstadt.de\/wp-content\/uploads\/2014\/09\/B-RC03-140914-081-RTF_RC03_Ilbenstadt-WEB.jpg\" rel=\"lightbox[3272]\"><img loading=\"lazy\" decoding=\"async\" class=\"alignleft size-thumbnail wp-image-3298\" src=\"https:\/\/www.rc03-ilbenstadt.de\/wp-content\/uploads\/2014\/09\/B-RC03-140914-081-RTF_RC03_Ilbenstadt-WEB-150x150.jpg\" alt=\"B-RC03-140914-081-RTF_RC03_Ilbenstadt-WEB\" width=\"150\" height=\"150\" \/><\/a><\/td>\n<td><a href=\"https:\/\/www.rc03-ilbenstadt.de\/wp-content\/uploads\/2014\/09\/B-RC03-140914-056-RTF_RC03_Ilbenstadt-WEB.jpg\" rel=\"lightbox[3272]\"><img loading=\"lazy\" decoding=\"async\" class=\"alignleft size-thumbnail wp-image-3293\" src=\"https:\/\/www.rc03-ilbenstadt.de\/wp-content\/uploads\/2014\/09\/B-RC03-140914-056-RTF_RC03_Ilbenstadt-WEB-150x150.jpg\" alt=\"B-RC03-140914-056-RTF_RC03_Ilbenstadt-WEB\" width=\"150\" height=\"150\" \/><\/a><\/td>\n<td><a href=\"https:\/\/www.rc03-ilbenstadt.de\/wp-content\/uploads\/2014\/09\/B-RC03-140914-043-RTF_RC03_Ilbenstadt-WEB.jpg\" rel=\"lightbox[3272]\"><img loading=\"lazy\" decoding=\"async\" class=\"alignleft size-thumbnail wp-image-3289\" src=\"https:\/\/www.rc03-ilbenstadt.de\/wp-content\/uploads\/2014\/09\/B-RC03-140914-043-RTF_RC03_Ilbenstadt-WEB-150x150.jpg\" alt=\"B-RC03-140914-043-RTF_RC03_Ilbenstadt-WEB\" width=\"150\" height=\"150\" \/><\/a><\/td>\n<\/tr>\n<tr>\n<td>Die geehrten Familien-<br \/>\nTrimmtourenteilnehmer<\/td>\n<td>TV Ilbenstadt<br \/>\nnach der Tour<\/td>\n<td>Freiwillige Feuerwehr<br \/>\nIlbenstadt im Ziel<\/td>\n<\/tr>\n<tr>\n<td>\u00a0<a href=\"https:\/\/www.rc03-ilbenstadt.de\/wp-content\/uploads\/2014\/09\/B-RC03-140914-014-RTF_RC03_Ilbenstadt-WEB.jpg\" rel=\"lightbox[3272]\"><img loading=\"lazy\" decoding=\"async\" class=\"alignleft size-thumbnail wp-image-3279\" src=\"https:\/\/www.rc03-ilbenstadt.de\/wp-content\/uploads\/2014\/09\/B-RC03-140914-014-RTF_RC03_Ilbenstadt-WEB-150x150.jpg\" alt=\"B-RC03-140914-014-RTF_RC03_Ilbenstadt-WEB\" width=\"150\" height=\"150\" \/><\/a><\/td>\n<td>\u00a0<a href=\"https:\/\/www.rc03-ilbenstadt.de\/wp-content\/uploads\/2014\/09\/B-RC03-140914-036-RTF_RC03_Ilbenstadt-WEB.jpg\" rel=\"lightbox[3272]\"><img loading=\"lazy\" decoding=\"async\" class=\"alignleft size-thumbnail wp-image-3286\" src=\"https:\/\/www.rc03-ilbenstadt.de\/wp-content\/uploads\/2014\/09\/B-RC03-140914-036-RTF_RC03_Ilbenstadt-WEB-150x150.jpg\" alt=\"B-RC03-140914-036-RTF_RC03_Ilbenstadt-WEB\" width=\"150\" height=\"150\" \/><\/a><\/td>\n<td>\u00a0<a href=\"https:\/\/www.rc03-ilbenstadt.de\/wp-content\/uploads\/2014\/09\/B-RC03-140914-005-RTF_RC03_Ilbenstadt-WEB.jpg\" rel=\"lightbox[3272]\"><img loading=\"lazy\" decoding=\"async\" class=\"alignleft size-thumbnail wp-image-3277\" src=\"https:\/\/www.rc03-ilbenstadt.de\/wp-content\/uploads\/2014\/09\/B-RC03-140914-005-RTF_RC03_Ilbenstadt-WEB-150x150.jpg\" alt=\"B-RC03-140914-005-RTF_RC03_Ilbenstadt-WEB\" width=\"150\" height=\"150\" \/><\/a><\/td>\n<\/tr>\n<tr>\n<td>\u00a0<a href=\"https:\/\/www.rc03-ilbenstadt.de\/wp-content\/uploads\/2014\/09\/B-RC03-140914-041-RTF_RC03_Ilbenstadt-WEB.jpg\" rel=\"lightbox[3272]\"><img loading=\"lazy\" decoding=\"async\" class=\"alignleft size-thumbnail wp-image-3288\" src=\"https:\/\/www.rc03-ilbenstadt.de\/wp-content\/uploads\/2014\/09\/B-RC03-140914-041-RTF_RC03_Ilbenstadt-WEB-150x150.jpg\" alt=\"B-RC03-140914-041-RTF_RC03_Ilbenstadt-WEB\" width=\"150\" height=\"150\" \/><\/a><\/td>\n<td>\u00a0<a href=\"https:\/\/www.rc03-ilbenstadt.de\/wp-content\/uploads\/2014\/09\/B-RC03-140914-038-RTF_RC03_Ilbenstadt-WEB.jpg\" rel=\"lightbox[3272]\"><img loading=\"lazy\" decoding=\"async\" class=\"alignleft size-thumbnail wp-image-3287\" src=\"https:\/\/www.rc03-ilbenstadt.de\/wp-content\/uploads\/2014\/09\/B-RC03-140914-038-RTF_RC03_Ilbenstadt-WEB-150x150.jpg\" alt=\"B-RC03-140914-038-RTF_RC03_Ilbenstadt-WEB\" width=\"150\" height=\"150\" \/><\/a><\/td>\n<td>\u00a0<a href=\"https:\/\/www.rc03-ilbenstadt.de\/wp-content\/uploads\/2014\/09\/B-RC03-140914-029-RTF_RC03_Ilbenstadt-WEB.jpg\" rel=\"lightbox[3272]\"><img loading=\"lazy\" decoding=\"async\" class=\"alignleft size-thumbnail wp-image-3284\" src=\"https:\/\/www.rc03-ilbenstadt.de\/wp-content\/uploads\/2014\/09\/B-RC03-140914-029-RTF_RC03_Ilbenstadt-WEB-150x150.jpg\" alt=\"B-RC03-140914-029-RTF_RC03_Ilbenstadt-WEB\" width=\"150\" height=\"150\" \/><\/a><\/td>\n<\/tr>\n<tr>\n<td>\u00a0<a href=\"https:\/\/www.rc03-ilbenstadt.de\/wp-content\/uploads\/2014\/09\/B-RC03-140914-027-RTF_RC03_Ilbenstadt-WEB.jpg\" rel=\"lightbox[3272]\"><img loading=\"lazy\" decoding=\"async\" class=\"alignleft size-thumbnail wp-image-3282\" src=\"https:\/\/www.rc03-ilbenstadt.de\/wp-content\/uploads\/2014\/09\/B-RC03-140914-027-RTF_RC03_Ilbenstadt-WEB-150x150.jpg\" alt=\"B-RC03-140914-027-RTF_RC03_Ilbenstadt-WEB\" width=\"150\" height=\"150\" \/><\/a><\/td>\n<td>\u00a0<a href=\"https:\/\/www.rc03-ilbenstadt.de\/wp-content\/uploads\/2014\/09\/B-RC03-140914-024-RTF_RC03_Ilbenstadt-WEB.jpg\" rel=\"lightbox[3272]\"><img loading=\"lazy\" decoding=\"async\" class=\"alignleft size-thumbnail wp-image-3281\" src=\"https:\/\/www.rc03-ilbenstadt.de\/wp-content\/uploads\/2014\/09\/B-RC03-140914-024-RTF_RC03_Ilbenstadt-WEB-150x150.jpg\" alt=\"B-RC03-140914-024-RTF_RC03_Ilbenstadt-WEB\" width=\"150\" height=\"150\" \/><\/a><\/td>\n<td>\u00a0<a href=\"https:\/\/www.rc03-ilbenstadt.de\/wp-content\/uploads\/2014\/09\/B-RC03-140914-050-RTF_RC03_Ilbenstadt-WEB.jpg\" rel=\"lightbox[3272]\"><img loading=\"lazy\" decoding=\"async\" class=\"alignleft size-thumbnail wp-image-3290\" src=\"https:\/\/www.rc03-ilbenstadt.de\/wp-content\/uploads\/2014\/09\/B-RC03-140914-050-RTF_RC03_Ilbenstadt-WEB-150x150.jpg\" alt=\"B-RC03-140914-050-RTF_RC03_Ilbenstadt-WEB\" width=\"150\" height=\"150\" \/><\/a><\/td>\n<\/tr>\n<tr>\n<td>\u00a0<a href=\"https:\/\/www.rc03-ilbenstadt.de\/wp-content\/uploads\/2014\/09\/B-RC03-140914-100-RTF_RC03_Ilbenstadt-BK-WEB.jpg\" rel=\"lightbox[3272]\"><img loading=\"lazy\" decoding=\"async\" class=\"alignleft size-thumbnail wp-image-3300\" src=\"https:\/\/www.rc03-ilbenstadt.de\/wp-content\/uploads\/2014\/09\/B-RC03-140914-100-RTF_RC03_Ilbenstadt-BK-WEB-150x150.jpg\" alt=\"B-RC03-140914-100-RTF_RC03_Ilbenstadt-BK-WEB\" width=\"150\" height=\"150\" \/><\/a><\/td>\n<td>\u00a0<a href=\"https:\/\/www.rc03-ilbenstadt.de\/wp-content\/uploads\/2014\/09\/B-RC03-140914-103-RTF_RC03_Ilbenstadt-BK-WEB.jpg\" rel=\"lightbox[3272]\"><img loading=\"lazy\" decoding=\"async\" class=\"alignleft size-thumbnail wp-image-3303\" src=\"https:\/\/www.rc03-ilbenstadt.de\/wp-content\/uploads\/2014\/09\/B-RC03-140914-103-RTF_RC03_Ilbenstadt-BK-WEB-150x150.jpg\" alt=\"B-RC03-140914-103-RTF_RC03_Ilbenstadt-BK-WEB\" width=\"150\" height=\"150\" \/><\/a><\/td>\n<td>\u00a0<a href=\"https:\/\/www.rc03-ilbenstadt.de\/wp-content\/uploads\/2014\/09\/B-RC03-140914-102-RTF_RC03_Ilbenstadt-BK-WEB.jpg\" rel=\"lightbox[3272]\"><img loading=\"lazy\" decoding=\"async\" class=\"alignleft size-thumbnail wp-image-3302\" src=\"https:\/\/www.rc03-ilbenstadt.de\/wp-content\/uploads\/2014\/09\/B-RC03-140914-102-RTF_RC03_Ilbenstadt-BK-WEB-150x150.jpg\" alt=\"B-RC03-140914-102-RTF_RC03_Ilbenstadt-BK-WEB\" width=\"150\" height=\"150\" \/><\/a><\/td>\n<\/tr>\n<tr>\n<td>\u00a0<a href=\"https:\/\/www.rc03-ilbenstadt.de\/wp-content\/uploads\/2014\/09\/B-RC03-140914-104-RTF_RC03_Ilbenstadt-BK-WEB.jpg\" rel=\"lightbox[3272]\"><img loading=\"lazy\" decoding=\"async\" class=\"alignleft size-thumbnail wp-image-3304\" src=\"https:\/\/www.rc03-ilbenstadt.de\/wp-content\/uploads\/2014\/09\/B-RC03-140914-104-RTF_RC03_Ilbenstadt-BK-WEB-150x150.jpg\" alt=\"B-RC03-140914-104-RTF_RC03_Ilbenstadt-BK-WEB\" width=\"150\" height=\"150\" \/><\/a><\/td>\n<td>\u00a0<a href=\"https:\/\/www.rc03-ilbenstadt.de\/wp-content\/uploads\/2014\/09\/B-RC03-140914-101-RTF_RC03_Ilbenstadt-BK-WEB.jpg\" rel=\"lightbox[3272]\"><img loading=\"lazy\" decoding=\"async\" class=\"alignleft size-thumbnail wp-image-3301\" src=\"https:\/\/www.rc03-ilbenstadt.de\/wp-content\/uploads\/2014\/09\/B-RC03-140914-101-RTF_RC03_Ilbenstadt-BK-WEB-150x150.jpg\" alt=\"B-RC03-140914-101-RTF_RC03_Ilbenstadt-BK-WEB\" width=\"150\" height=\"150\" \/><\/a><\/td>\n<td>\u00a0<a href=\"https:\/\/www.rc03-ilbenstadt.de\/wp-content\/uploads\/2014\/09\/B-RC03-140914-037-RTF_RC03_Ilbenstadt-WEB.jpg\" rel=\"lightbox[3272]\"><img loading=\"lazy\" decoding=\"async\" class=\"alignleft size-thumbnail wp-image-3320\" src=\"https:\/\/www.rc03-ilbenstadt.de\/wp-content\/uploads\/2014\/09\/B-RC03-140914-037-RTF_RC03_Ilbenstadt-WEB-150x150.jpg\" alt=\"B-RC03-140914-037-RTF_RC03_Ilbenstadt-WEB\" width=\"150\" height=\"150\" \/><\/a><\/td>\n<\/tr>\n<tr>\n<td>\u00a0<a href=\"https:\/\/www.rc03-ilbenstadt.de\/wp-content\/uploads\/2014\/09\/B-RC03-140914-010-RTF_RC03_Ilbenstadt-WEB.jpg\" rel=\"lightbox[3272]\"><img loading=\"lazy\" decoding=\"async\" class=\"alignleft size-thumbnail wp-image-3323\" src=\"https:\/\/www.rc03-ilbenstadt.de\/wp-content\/uploads\/2014\/09\/B-RC03-140914-010-RTF_RC03_Ilbenstadt-WEB-150x150.jpg\" alt=\"B-RC03-140914-010-RTF_RC03_Ilbenstadt-WEB\" width=\"150\" height=\"150\" \/><\/a><\/td>\n<td>\u00a0<a href=\"https:\/\/www.rc03-ilbenstadt.de\/wp-content\/uploads\/2014\/09\/B-RC03-140914-031-RTF_RC03_Ilbenstadt-WEB.jpg\" rel=\"lightbox[3272]\"><img loading=\"lazy\" decoding=\"async\" class=\"alignleft size-thumbnail wp-image-3319\" src=\"https:\/\/www.rc03-ilbenstadt.de\/wp-content\/uploads\/2014\/09\/B-RC03-140914-031-RTF_RC03_Ilbenstadt-WEB-150x150.jpg\" alt=\"B-RC03-140914-031-RTF_RC03_Ilbenstadt-WEB\" width=\"150\" height=\"150\" \/><\/a><\/td>\n<td>\u00a0<a href=\"https:\/\/www.rc03-ilbenstadt.de\/wp-content\/uploads\/2014\/09\/B-RC03-140914-066-RTF_RC03_Ilbenstadt-WEB.jpg\" rel=\"lightbox[3272]\"><img loading=\"lazy\" decoding=\"async\" class=\"alignleft size-thumbnail wp-image-3296\" src=\"https:\/\/www.rc03-ilbenstadt.de\/wp-content\/uploads\/2014\/09\/B-RC03-140914-066-RTF_RC03_Ilbenstadt-WEB-150x150.jpg\" alt=\"B-RC03-140914-066-RTF_RC03_Ilbenstadt-WEB\" width=\"150\" height=\"150\" \/><\/a><\/td>\n<\/tr>\n<tr>\n<td><a href=\"https:\/\/www.rc03-ilbenstadt.de\/wp-content\/uploads\/2014\/09\/B-RC03-140914-028-RTF_RC03_Ilbenstadt-WEB.jpg\" rel=\"lightbox[3272]\"><img loading=\"lazy\" decoding=\"async\" class=\"alignleft size-thumbnail wp-image-3283\" src=\"https:\/\/www.rc03-ilbenstadt.de\/wp-content\/uploads\/2014\/09\/B-RC03-140914-028-RTF_RC03_Ilbenstadt-WEB-150x150.jpg\" alt=\"B-RC03-140914-028-RTF_RC03_Ilbenstadt-WEB\" width=\"150\" height=\"150\" \/><\/a><\/td>\n<td><a href=\"https:\/\/www.rc03-ilbenstadt.de\/wp-content\/uploads\/2014\/09\/B-RC03-140914-011-RTF_RC03_Ilbenstadt-WEB.jpg\" rel=\"lightbox[3272]\"><img loading=\"lazy\" decoding=\"async\" class=\"alignleft size-thumbnail wp-image-3278\" src=\"https:\/\/www.rc03-ilbenstadt.de\/wp-content\/uploads\/2014\/09\/B-RC03-140914-011-RTF_RC03_Ilbenstadt-WEB-150x150.jpg\" alt=\"B-RC03-140914-011-RTF_RC03_Ilbenstadt-WEB\" width=\"150\" height=\"150\" \/><\/a><\/td>\n<td><a href=\"https:\/\/www.rc03-ilbenstadt.de\/wp-content\/uploads\/2014\/09\/B-RC03-140914-002-RTF_RC03_Ilbenstadt-WEB.jpg\" rel=\"lightbox[3272]\"><img loading=\"lazy\" decoding=\"async\" class=\"alignleft size-thumbnail wp-image-3276\" src=\"https:\/\/www.rc03-ilbenstadt.de\/wp-content\/uploads\/2014\/09\/B-RC03-140914-002-RTF_RC03_Ilbenstadt-WEB-150x150.jpg\" alt=\"B-RC03-140914-002-RTF_RC03_Ilbenstadt-WEB\" width=\"150\" height=\"150\" \/><\/a><\/td>\n<\/tr>\n<\/tbody>\n<\/table>\n<p>&nbsp;<\/p>\n","protected":false},"excerpt":{"rendered":"<p>Zur 37. RTF &#8222;Rund um Ilbenstadt&#8220; hatte der RC 03 Ilbenstadt geladen. Der Wetterumschwung zur Wochenmitte lie\u00df einen nassen und k\u00fchlen Herbsteinbruch erwarten, doch besserten sich die Temperaturen. Nur der Freitag, der sich weniger regnerisch pr\u00e4sentierte, als es uns die &hellip; <a href=\"https:\/\/www.rc03-ilbenstadt.de\/?p=3272\">Weiterlesen <span class=\"meta-nav\">&rarr;<\/span><\/a><\/p>\n","protected":false},"author":9,"featured_media":3305,"comment_status":"closed","ping_status":"closed","sticky":false,"template":"","format":"standard","meta":{"_crdt_document":"","footnotes":""},"categories":[1],"tags":[],"class_list":["post-3272","post","type-post","status-publish","format-standard","has-post-thumbnail","hentry","category-allgemein"],"_links":{"self":[{"href":"https:\/\/www.rc03-ilbenstadt.de\/index.php?rest_route=\/wp\/v2\/posts\/3272","targetHints":{"allow":["GET"]}}],"collection":[{"href":"https:\/\/www.rc03-ilbenstadt.de\/index.php?rest_route=\/wp\/v2\/posts"}],"about":[{"href":"https:\/\/www.rc03-ilbenstadt.de\/index.php?rest_route=\/wp\/v2\/types\/post"}],"author":[{"embeddable":true,"href":"https:\/\/www.rc03-ilbenstadt.de\/index.php?rest_route=\/wp\/v2\/users\/9"}],"replies":[{"embeddable":true,"href":"https:\/\/www.rc03-ilbenstadt.de\/index.php?rest_route=%2Fwp%2Fv2%2Fcomments&post=3272"}],"version-history":[{"count":0,"href":"https:\/\/www.rc03-ilbenstadt.de\/index.php?rest_route=\/wp\/v2\/posts\/3272\/revisions"}],"wp:featuredmedia":[{"embeddable":true,"href":"https:\/\/www.rc03-ilbenstadt.de\/index.php?rest_route=\/wp\/v2\/media\/3305"}],"wp:attachment":[{"href":"https:\/\/www.rc03-ilbenstadt.de\/index.php?rest_route=%2Fwp%2Fv2%2Fmedia&parent=3272"}],"wp:term":[{"taxonomy":"category","embeddable":true,"href":"https:\/\/www.rc03-ilbenstadt.de\/index.php?rest_route=%2Fwp%2Fv2%2Fcategories&post=3272"},{"taxonomy":"post_tag","embeddable":true,"href":"https:\/\/www.rc03-ilbenstadt.de\/index.php?rest_route=%2Fwp%2Fv2%2Ftags&post=3272"}],"curies":[{"name":"wp","href":"https:\/\/api.w.org\/{rel}","templated":true}]}}