{"id":3332,"date":"2014-09-24T18:50:37","date_gmt":"2014-09-24T16:50:37","guid":{"rendered":"http:\/\/www.rc03-ilbenstadt.de\/?p=3332"},"modified":"2014-09-24T18:51:55","modified_gmt":"2014-09-24T16:51:55","slug":"radwandern-im-rc-03-ilbenstadtzum-keltenfuerst-nach-glauberg-absage","status":"publish","type":"post","link":"https:\/\/www.rc03-ilbenstadt.de\/?p=3332","title":{"rendered":"Radwandern im RC 03 Ilbenstadt<br>Zum Keltenf\u00fcrst nach Glauberg &#8211; ABSAGE"},"content":{"rendered":"<p>Die f\u00fcr den kommenden Samstag, dem 27. September 20134, geplante Tour m\u00fcssen wir leider kurzfristig absagen. Wir werden diese Radtour, auf der wir auch den Spuren des Keltenf\u00fcrstes folgen wollen, nicht aus den Augen verlieren und zu einem sp\u00e4teren Zeitpunkt anbieten.<\/p>\n<p>Lutz Delling<br \/>\nFachwart Radwandern<\/p>\n","protected":false},"excerpt":{"rendered":"<p>Die f\u00fcr den kommenden Samstag, dem 27. September 20134, geplante Tour m\u00fcssen wir leider kurzfristig absagen. Wir werden diese Radtour, auf der wir auch den Spuren des Keltenf\u00fcrstes folgen wollen, nicht aus den Augen verlieren und zu einem sp\u00e4teren Zeitpunkt &hellip; <a href=\"https:\/\/www.rc03-ilbenstadt.de\/?p=3332\">Weiterlesen <span class=\"meta-nav\">&rarr;<\/span><\/a><\/p>\n","protected":false},"author":9,"featured_media":0,"comment_status":"closed","ping_status":"closed","sticky":false,"template":"","format":"standard","meta":{"_crdt_document":"","footnotes":""},"categories":[1],"tags":[],"class_list":["post-3332","post","type-post","status-publish","format-standard","hentry","category-allgemein"],"_links":{"self":[{"href":"https:\/\/www.rc03-ilbenstadt.de\/index.php?rest_route=\/wp\/v2\/posts\/3332","targetHints":{"allow":["GET"]}}],"collection":[{"href":"https:\/\/www.rc03-ilbenstadt.de\/index.php?rest_route=\/wp\/v2\/posts"}],"about":[{"href":"https:\/\/www.rc03-ilbenstadt.de\/index.php?rest_route=\/wp\/v2\/types\/post"}],"author":[{"embeddable":true,"href":"https:\/\/www.rc03-ilbenstadt.de\/index.php?rest_route=\/wp\/v2\/users\/9"}],"replies":[{"embeddable":true,"href":"https:\/\/www.rc03-ilbenstadt.de\/index.php?rest_route=%2Fwp%2Fv2%2Fcomments&post=3332"}],"version-history":[{"count":0,"href":"https:\/\/www.rc03-ilbenstadt.de\/index.php?rest_route=\/wp\/v2\/posts\/3332\/revisions"}],"wp:attachment":[{"href":"https:\/\/www.rc03-ilbenstadt.de\/index.php?rest_route=%2Fwp%2Fv2%2Fmedia&parent=3332"}],"wp:term":[{"taxonomy":"category","embeddable":true,"href":"https:\/\/www.rc03-ilbenstadt.de\/index.php?rest_route=%2Fwp%2Fv2%2Fcategories&post=3332"},{"taxonomy":"post_tag","embeddable":true,"href":"https:\/\/www.rc03-ilbenstadt.de\/index.php?rest_route=%2Fwp%2Fv2%2Ftags&post=3332"}],"curies":[{"name":"wp","href":"https:\/\/api.w.org\/{rel}","templated":true}]}}