{"id":3336,"date":"2014-09-28T00:01:28","date_gmt":"2014-09-27T22:01:28","guid":{"rendered":"http:\/\/www.rc03-ilbenstadt.de\/?p=3336"},"modified":"2014-10-13T20:28:22","modified_gmt":"2014-10-13T18:28:22","slug":"radsportabzeichen20-km-zeitfahren-am-3-oktober-2014-in-reichelsheim","status":"publish","type":"post","link":"https:\/\/www.rc03-ilbenstadt.de\/?p=3336","title":{"rendered":"Radsportabzeichen<br>20 km-Zeitfahren am 3. Oktober 2014 in Reichelsheim"},"content":{"rendered":"<p>Liebe Radsportlerinnen und Radsportler,<\/p>\n<p>in diesem Jahr<span style=\"color: #000000;\"> l\u00e4uft<\/span> es rund um das Radsportabzeichen noch nicht richtig rund. So ist Dietrich Mann in diesem Jahr nicht mehr aktiv in der Abnahme des Radsportabzeichens und der RTC Sandhasen W\u00f6lfersheim kann wegen anderweitiger Belastungen das geplante Zeitfahren nicht durchf\u00fchren.<\/p>\n<p>Kurzfristig springen wir vom RC 03 Ilbenstadt in die Bresche und f\u00fchren das Zeitfahren<!--more--> \u00fcber 20 Kilometer am<\/p>\n<p><strong>Samstag, dem 3. Oktober 2014 von 09:00 Uhr bis 11:00 Uhr<\/strong><br \/>\n<strong>in 61203 Reichelsheim, Borngasse 18<\/strong><\/p>\n<p>durch. Der Rundkurs ist ausgeschildert und muss zweimal durchfahren werden. Wir k\u00f6nnen keine abgesperrte Strecke anbieten und f\u00fchren das Zeitfahren im \u00f6ffentlichen Verkehrsraum durch. Wir weisen ausdr\u00fccklich darauf hin, dass jede Teilnehmerin\/jeder Teilnehmer nach der Allgemeinen Stra\u00dfenverkehrsordnung zu fahren hat. Die Versicherung gegen Unfall und Haftpflicht\u00a0 ist die Sache des Teilnehmers. Wir \u00fcbernehmen als Veranstalter keine Haftung.<br \/>\nDas Tragen eines Kopfschutzes ist Pflicht. R\u00fcckennummern sind sichtbar zu tragen. Sie sind am Start erh\u00e4ltlich.<br \/>\n\u00dcber die Bedingungen des Radsportabzeichens informiert der <a title=\"Informationen zum Radsportabzeichen auf der BDR-Seite\" href=\"http:\/\/breitensport.rad-net.de\/breitensportarten\/radsportabzeichen\/\" target=\"_blank\">Bund Deutscher Radfahrer<\/a>. Unsere Pr\u00fcfer Michael Hammann, Lothar Herbert und Lutz Delling werden Ihre Leistung abnehmnen und bescheinigen. R\u00fcckfragen zu dieser Veranstaltung bitten wir per <a title=\"Post an den RC 03 Ilbenstadt\" href=\"mailto:geschaeftsstelle@rc03-ilbenstadt.de\" target=\"_blank\">E-Mail<\/a> an die Gesch\u00e4ftsstelle zu richten.<\/p>\n<p>Wir w\u00fcnschen Ihnen viel Erfolg<\/p>\n<p>Ihr<br \/>\nRC 03 Ilbenstadt<\/p>\n","protected":false},"excerpt":{"rendered":"<p>Liebe Radsportlerinnen und Radsportler, in diesem Jahr l\u00e4uft es rund um das Radsportabzeichen noch nicht richtig rund. So ist Dietrich Mann in diesem Jahr nicht mehr aktiv in der Abnahme des Radsportabzeichens und der RTC Sandhasen W\u00f6lfersheim kann wegen anderweitiger &hellip; <a href=\"https:\/\/www.rc03-ilbenstadt.de\/?p=3336\">Weiterlesen <span class=\"meta-nav\">&rarr;<\/span><\/a><\/p>\n","protected":false},"author":9,"featured_media":0,"comment_status":"closed","ping_status":"closed","sticky":false,"template":"","format":"standard","meta":{"_crdt_document":"","footnotes":""},"categories":[1],"tags":[],"class_list":["post-3336","post","type-post","status-publish","format-standard","hentry","category-allgemein"],"_links":{"self":[{"href":"https:\/\/www.rc03-ilbenstadt.de\/index.php?rest_route=\/wp\/v2\/posts\/3336","targetHints":{"allow":["GET"]}}],"collection":[{"href":"https:\/\/www.rc03-ilbenstadt.de\/index.php?rest_route=\/wp\/v2\/posts"}],"about":[{"href":"https:\/\/www.rc03-ilbenstadt.de\/index.php?rest_route=\/wp\/v2\/types\/post"}],"author":[{"embeddable":true,"href":"https:\/\/www.rc03-ilbenstadt.de\/index.php?rest_route=\/wp\/v2\/users\/9"}],"replies":[{"embeddable":true,"href":"https:\/\/www.rc03-ilbenstadt.de\/index.php?rest_route=%2Fwp%2Fv2%2Fcomments&post=3336"}],"version-history":[{"count":0,"href":"https:\/\/www.rc03-ilbenstadt.de\/index.php?rest_route=\/wp\/v2\/posts\/3336\/revisions"}],"wp:attachment":[{"href":"https:\/\/www.rc03-ilbenstadt.de\/index.php?rest_route=%2Fwp%2Fv2%2Fmedia&parent=3336"}],"wp:term":[{"taxonomy":"category","embeddable":true,"href":"https:\/\/www.rc03-ilbenstadt.de\/index.php?rest_route=%2Fwp%2Fv2%2Fcategories&post=3336"},{"taxonomy":"post_tag","embeddable":true,"href":"https:\/\/www.rc03-ilbenstadt.de\/index.php?rest_route=%2Fwp%2Fv2%2Ftags&post=3336"}],"curies":[{"name":"wp","href":"https:\/\/api.w.org\/{rel}","templated":true}]}}