{"id":3352,"date":"2014-11-01T09:44:41","date_gmt":"2014-11-01T08:44:41","guid":{"rendered":"http:\/\/www.rc03-ilbenstadt.de\/?p=3352"},"modified":"2014-11-01T09:45:24","modified_gmt":"2014-11-01T08:45:24","slug":"einladung-zur-saisonabschlussfeier-am-22-11-2014","status":"publish","type":"post","link":"https:\/\/www.rc03-ilbenstadt.de\/?p=3352","title":{"rendered":"Einladung zur Saisonabschlussfeier am 22.11.2014"},"content":{"rendered":"<p>Am Samstag beginnt unsere Saisonabschlussfeier um 19:30 Uhr mit einem Sektempfang. Mitglieder und Freunde des Vereins sind herzlich eingeladen. Helmut R\u00fchl wird durch den Abend f\u00fchren, dessen H\u00f6hepunkte die Ehrung unserer Sportlerinnen und Sportler f\u00fcr die gezeigten Leistungen im Radtourenfahren und im Radwandern sind. Dazwischen erleben wir humorvolle Beitr\u00e4ge unseres Moderators, der sicherlich auch sportlich mit Ein- und Zweir\u00e4dern in die Unterhaltung eingreifen wird. Wir k\u00f6nnen gespannt sein, was er uns mit Unterst\u00fctzung des RVG Rockenberg zu bieten hat.<\/p>\n<p>Wir erwarten unsere Mitglieder und G\u00e4ste im liebevoll dekorierten und mit angepasster Beleuchtung gem\u00fctlich gestalteten B\u00fcrgerhaus in Ilbenstadt zu einem sch\u00f6nen Abend, der neben den Ehrungen unserer Sportlerinnen und Sportler Unterhaltung, viel Raum f\u00fcr pers\u00f6nliche Gespr\u00e4che rund um den Radsport und vielem mehr bietet.<\/p>\n<p>Dazu freuen wir uns auch in diesem Jahr die Mitglieder und G\u00e4ste der Bundes-Ehren-Gilde aus dem Kreis Mittelhessen zu unserer Saisonabschlussfeier begr\u00fc\u00dfen zu d\u00fcrfen.<\/p>\n<p>Euer\/Ihr<br \/>\nRC 03 Ilbenstadt<\/p>\n<p>&nbsp;<\/p>\n","protected":false},"excerpt":{"rendered":"<p>Am Samstag beginnt unsere Saisonabschlussfeier um 19:30 Uhr mit einem Sektempfang. Mitglieder und Freunde des Vereins sind herzlich eingeladen. Helmut R\u00fchl wird durch den Abend f\u00fchren, dessen H\u00f6hepunkte die Ehrung unserer Sportlerinnen und Sportler f\u00fcr die gezeigten Leistungen im Radtourenfahren &hellip; <a href=\"https:\/\/www.rc03-ilbenstadt.de\/?p=3352\">Weiterlesen <span class=\"meta-nav\">&rarr;<\/span><\/a><\/p>\n","protected":false},"author":9,"featured_media":0,"comment_status":"closed","ping_status":"closed","sticky":false,"template":"","format":"standard","meta":{"_crdt_document":"","footnotes":""},"categories":[1],"tags":[],"class_list":["post-3352","post","type-post","status-publish","format-standard","hentry","category-allgemein"],"_links":{"self":[{"href":"https:\/\/www.rc03-ilbenstadt.de\/index.php?rest_route=\/wp\/v2\/posts\/3352","targetHints":{"allow":["GET"]}}],"collection":[{"href":"https:\/\/www.rc03-ilbenstadt.de\/index.php?rest_route=\/wp\/v2\/posts"}],"about":[{"href":"https:\/\/www.rc03-ilbenstadt.de\/index.php?rest_route=\/wp\/v2\/types\/post"}],"author":[{"embeddable":true,"href":"https:\/\/www.rc03-ilbenstadt.de\/index.php?rest_route=\/wp\/v2\/users\/9"}],"replies":[{"embeddable":true,"href":"https:\/\/www.rc03-ilbenstadt.de\/index.php?rest_route=%2Fwp%2Fv2%2Fcomments&post=3352"}],"version-history":[{"count":0,"href":"https:\/\/www.rc03-ilbenstadt.de\/index.php?rest_route=\/wp\/v2\/posts\/3352\/revisions"}],"wp:attachment":[{"href":"https:\/\/www.rc03-ilbenstadt.de\/index.php?rest_route=%2Fwp%2Fv2%2Fmedia&parent=3352"}],"wp:term":[{"taxonomy":"category","embeddable":true,"href":"https:\/\/www.rc03-ilbenstadt.de\/index.php?rest_route=%2Fwp%2Fv2%2Fcategories&post=3352"},{"taxonomy":"post_tag","embeddable":true,"href":"https:\/\/www.rc03-ilbenstadt.de\/index.php?rest_route=%2Fwp%2Fv2%2Ftags&post=3352"}],"curies":[{"name":"wp","href":"https:\/\/api.w.org\/{rel}","templated":true}]}}