{"id":3356,"date":"2014-11-26T09:26:26","date_gmt":"2014-11-26T08:26:26","guid":{"rendered":"http:\/\/www.rc03-ilbenstadt.de\/?p=3356"},"modified":"2014-11-26T15:26:46","modified_gmt":"2014-11-26T14:26:46","slug":"saisonabschlussfeier-2014sportlerehrung-im-rc-03-ilbenstadt","status":"publish","type":"post","link":"https:\/\/www.rc03-ilbenstadt.de\/?p=3356","title":{"rendered":"Saisonabschlussfeier 2014<br>Sportlerehrung im RC 03 Ilbenstadt"},"content":{"rendered":"<p>Das B\u00fcrgerhaus in Ilbenstadt &#8211; dessen Abriss dieser Tage die Gremien der Stadt pr\u00fcfen, um das Grundst\u00fcck gewinnbringend zu verkaufen &#8211; war Schauplatz der diesj\u00e4hrigen Saisonabschlussfeier, deren traditioneller H\u00f6hepunkt die Ehrung unserer Radsportlerinnen und Radsportler ist. Die n\u00fcchterne, ja kalte Atmosph\u00e4re des B\u00fcrgerhauses wurde dankenswerter Weise von vielen Helferinnen und Helfern des Vereins durch angepasste Beleuchtung, Tisch- und Wandschmuck in einen festlichen, stimmungsvollen Raum verwandelt.<br \/>\nNach dem Sektempfang waren die Tische schnell besetzt und<!--more--> der 1. Vorsitzende Wilhelm Schr\u00f6der begr\u00fc\u00dfte Mitglieder und G\u00e4ste. Die Bundesehrengilde im Bund Deutscher Radfahrer aus dem Bereich Mittelhessen feierte auch in diesem Jahr den Saisonabschluss mit uns. In Abwesenheit des Obmannes Herbert Bender, der zu den Hallenradsport-Weltmeisterschaften in Br\u00fcnn gefahren war, sprach Horst K\u00f6hler, der Schatzmeister der Bundesehrengilde, das Gru\u00dfwort.<br \/>\nHelmut R\u00fchl, aktiver Kunstradfahrer und -trainer beim RVG Rockenberg, hatte auch in diesem Jahr die Moderation \u00fcbernommen und unterhielt die Radsportgemeinde mit Gesang, Vortr\u00e4gen und interaktivem Spiel. Sein Ilbenstadt-Blues griff\u00a0 Themen aus dem Vereinsleben auf, die uns schmunzelnd eine R\u00fcckschau auf die Saison erlaubten. Gro\u00dfe Heiterkeit kam bei seinem Vortrag \u00fcber das erste Rentnerjahr und dessen Probleme in der Gestaltung des Tagesablaufes auf, die dann in verdeckter Arbeitsaufnahme und in dem festen Vorhaben, mit Gleichgesinnten eine Vogelh\u00e4uschenproduktion zu etablieren endete. Es scheinen viele &#8222;Vogelh\u00e4uschenbauer&#8220; im Saal gewesen zu sein &#8230;\u00a0 Die anschlie\u00dfende &#8222;Gerichtsverhandlung&#8220; nach bester Tradition eines K\u00f6niglich Bayerischen Amtsgerichts wurde mit Akteuren des RC 03 besetzt und endete abseits der Vorschriften in der Strafprozessordnung mit der Verurteilung des Verteidigers. Vergn\u00fcglich, unterhaltsam, so l\u00e4sst sich der volle Einsatz von Helmut R\u00fchl umrei\u00dfen.<br \/>\nEin Highlight war der Auftritt der Einrad-Freestyle-K\u00fcnstlerinnen der Geschwister Ilka und Anne Nising sowie von Paulina Hofmann vom RSV 1922 Klein-Karben. Alle waren schon mit ihrer Trainerin Andrea Wiegand, selbst eine erfolgreiche Aktive auf Ein- und Zweir\u00e4dern, durch Meisterschaften gegangen und dort vorne platziert. Paulina brachte das Thema &#8222;Manga&#8220;, eine Comicfigur, auf das Parkett und \u00fcberraschte mit einigen Tricks sich auf dem Einrad mit und ohne Pedalnutzung t\u00e4nzerisch zu bewegen. Ilka und Anne zogen uns als Rotk\u00e4ppchen und Wolf in den Bann. Sie interagierten bei guter Radbeherrschung t\u00e4nzerisch \u00fcberzeugend, hervorragend der &#8222;Double&#8220; &#8211; beide fuhren kurzzeitig auf einem Einrad &#8211; und nat\u00fcrlich das dramatische Ende, als der Wolf sich auf Rotk\u00e4ppchen st\u00fcrzt. Hier freuen wir uns auf die Zukunft, die Drei werden nicht das letzte Mal in Ilbenstadt gewesen sein!<\/p>\n<table>\n<tbody>\n<tr>\n<td><a href=\"https:\/\/www.rc03-ilbenstadt.de\/wp-content\/uploads\/2014\/11\/B-RC03-141122-008-Saisonabschlussfeier-WEB.jpg\" rel=\"lightbox[3356]\"><img loading=\"lazy\" decoding=\"async\" class=\"alignleft size-thumbnail wp-image-3363\" src=\"https:\/\/www.rc03-ilbenstadt.de\/wp-content\/uploads\/2014\/11\/B-RC03-141122-008-Saisonabschlussfeier-WEB-150x150.jpg\" alt=\"B-RC03-141122-008-Saisonabschlussfeier-WEB\" width=\"150\" height=\"150\" \/><\/a><\/td>\n<td><a href=\"https:\/\/www.rc03-ilbenstadt.de\/wp-content\/uploads\/2014\/11\/B-RC03-141122-007-Saisonabschlussfeier-WEB.jpg\" rel=\"lightbox[3356]\"><img loading=\"lazy\" decoding=\"async\" class=\"alignleft size-thumbnail wp-image-3362\" src=\"https:\/\/www.rc03-ilbenstadt.de\/wp-content\/uploads\/2014\/11\/B-RC03-141122-007-Saisonabschlussfeier-WEB-150x150.jpg\" alt=\"B-RC03-141122-007-Saisonabschlussfeier-WEB\" width=\"150\" height=\"150\" \/><\/a><\/td>\n<\/tr>\n<tr>\n<td style=\"vertical-align: top;\" scope=\"row\">Ilka und Anne Nising mit<br \/>\nder K\u00fcr &#8222;Rotk\u00e4ppchen&#8220;<\/td>\n<td>Paulina Hofmann mit<br \/>\nder K\u00fcr &#8222;Manga&#8220;<\/td>\n<\/tr>\n<\/tbody>\n<\/table>\n<p>Die Ehrungen unserer Sportlerinnen und Sportler wurde in lockerer Folge zwischen den Programmpunkten eingeflochten. Insgesamt wurden 57.388 Kilometer unter die R\u00e4der genommen, von denen 49.745 in die verschiedenen Wertungen einflossen. 7.643 Kilometer konnten wegen des besonderen Wertungsmodus beim Radwandern leider nicht ber\u00fccksichtigt werden.<\/p>\n<p>Im Radtourenfahren (RTF) wurde in der Herrenklasse bis 60 Jahren <strong>Dieter Herbert<\/strong> mit 2832 Kilometern und 121 Vereinspunkten Vereinsmeister, gefolgt von Oliver Witt, J\u00fcrgen Gr\u00fcnwald, Kurt L\u00f6chner und Burkhard Kling. In der Herrenklasse \u00fcber 60 Jahren hei\u00dft der neue Vereinsmeister <strong>Giovanni Di Rosa<\/strong>. Er hat 3978 Kilometer zur\u00fcckgelegt und 160 Vereinspunkte errungen. Ihm folgen auf den Pl\u00e4tzen Werner Behm, Karl Schneeberger, Klaus Hochstadt und Johannes Contag.<br \/>\nVon den aktiven Damen erreichten in der Klasse bis 60 Jahren <strong>Marlene H\u00fcttl<\/strong> mit 997 Kilometern und 59 Vereinspunkten den ersten Platz, gefolgt von Ulrike Gr\u00fcnwald. In der Klasse \u00fcber 60 Jahren wurde <strong>Inge Wiesk\u00e4mper<\/strong> mit 1301 Kilometern und 73 Vereinspunkten Vereinsmeisterin. Dass Elvira Dinges mit 1482 Kilometern und 53 Vereinspunkten den zweiten Platz belegt, hat seine Ursache in dem speziellen Modus der Vergabe von Vereinspunkten. Inge Schr\u00f6der folgte auf dem dritten Platz.<\/p>\n<p>41 Radwandertouren hatten wir 2014 durchgef\u00fchrt. Attraktive Ziele in der Wetterau wurden angesteuert. Dabei ist nat\u00fcrlich die Bergwerkseenrunde, die Ronneburg, die Hohe Stra\u00dfe und mehr. Auch der Gr\u00fcng\u00fcrtel rund um Frankfurt wurde erfahren.\u00a0 <strong>Romana Bopp<\/strong> lag in der Damenwertung mit 500 Kilometern vorn, w\u00e4hrend in der Herrenwertung unser Radwanderfachwart <strong>Lutz Delling<\/strong> mit 1392 Kilometern die Nase vorn hatte, gefolgt von Richard Gerhard und Hans Sch\u00f6niger. In der n\u00e4chsten Saison erwartet Lutz Delling eine starke Konkurrenz, da er kein Daueranspruch auf Platz 1 erheben m\u00f6chte.<\/p>\n<p>Den geehrten Radsportlerinnen und Radsportlern wurde in diesem Jahr neben der Urkunde anstelle eines Pokales ein Badetuch, bestickt mit Vereinslogo, dem Schriftzug &#8222;Vereinsmeisterschaft 2014&#8220; und dem Vor- und Zunamen des\u00a0 Platzierten \u00fcbergeben.<\/p>\n<p>Michael Hammann, einer unserer Pr\u00fcfer f\u00fcr das Deutsche Radsportabzeichen, \u00fcbergab die im Laufe der Saison erworbenen Abzeichen. Hier erwarben das Radsportabzeichen in Gold Elvira und Klaus Dinges, Giovanni Di Rosa, Dieter Herbert und Klaus Hochstadt. Das silberne Radsportabzeichen erwarben J\u00fcrgen Gr\u00fcnwald und Kurt L\u00f6chner.<br \/>\nAnalog zum Deutschen Sportabzeichen sind die Mindestleistungen nach Alter und Geschlecht gestaffelt. Im Wesentlichen sind Leistungen im Zeitfahren und im Streckenfahren zu erbringen. Dazu wird die Saisonleistung mit einbezogen. Alternativ stehen Bergzeitfahren, Sprints und Geschicklichkeitsfahren zur Auswahl. Eine Herausforderung, der man sich stellen sollte! Informationen finden sich auf den Internetseiten des <a title=\"Informationen zum Deutschen Radsportabzeichen\" href=\"http:\/\/breitensport.rad-net.de\/breitensportarten\/radsportabzeichen\/bedingungen.html\" target=\"_blank\">Bundes Deutscher Radfahrer<\/a>.<\/p>\n<p>Nach den Ehrungen klang der Abend langsam aus. Der Vorstand registrierte erfreut den Zuspruch, den die Saisonabschlussfeier von aktiven und passiven Mitgliedern, aber auch von unseren G\u00e4sten erfahren hat. Der Abend wurde rege zum Austausch genutzt. Wir danken zum Schluss noch einmal allen Beteiligten, die zu dem gelungenen Abend beigetragen haben und gehen zuversichtlich in die n\u00e4chste Saison.<\/p>\n<p>&nbsp;<\/p>\n","protected":false},"excerpt":{"rendered":"<p>Das B\u00fcrgerhaus in Ilbenstadt &#8211; dessen Abriss dieser Tage die Gremien der Stadt pr\u00fcfen, um das Grundst\u00fcck gewinnbringend zu verkaufen &#8211; war Schauplatz der diesj\u00e4hrigen Saisonabschlussfeier, deren traditioneller H\u00f6hepunkt die Ehrung unserer Radsportlerinnen und Radsportler ist. Die n\u00fcchterne, ja kalte &hellip; <a href=\"https:\/\/www.rc03-ilbenstadt.de\/?p=3356\">Weiterlesen <span class=\"meta-nav\">&rarr;<\/span><\/a><\/p>\n","protected":false},"author":9,"featured_media":3370,"comment_status":"closed","ping_status":"closed","sticky":false,"template":"","format":"standard","meta":{"_crdt_document":"","footnotes":""},"categories":[1],"tags":[],"class_list":["post-3356","post","type-post","status-publish","format-standard","has-post-thumbnail","hentry","category-allgemein"],"_links":{"self":[{"href":"https:\/\/www.rc03-ilbenstadt.de\/index.php?rest_route=\/wp\/v2\/posts\/3356","targetHints":{"allow":["GET"]}}],"collection":[{"href":"https:\/\/www.rc03-ilbenstadt.de\/index.php?rest_route=\/wp\/v2\/posts"}],"about":[{"href":"https:\/\/www.rc03-ilbenstadt.de\/index.php?rest_route=\/wp\/v2\/types\/post"}],"author":[{"embeddable":true,"href":"https:\/\/www.rc03-ilbenstadt.de\/index.php?rest_route=\/wp\/v2\/users\/9"}],"replies":[{"embeddable":true,"href":"https:\/\/www.rc03-ilbenstadt.de\/index.php?rest_route=%2Fwp%2Fv2%2Fcomments&post=3356"}],"version-history":[{"count":0,"href":"https:\/\/www.rc03-ilbenstadt.de\/index.php?rest_route=\/wp\/v2\/posts\/3356\/revisions"}],"wp:featuredmedia":[{"embeddable":true,"href":"https:\/\/www.rc03-ilbenstadt.de\/index.php?rest_route=\/wp\/v2\/media\/3370"}],"wp:attachment":[{"href":"https:\/\/www.rc03-ilbenstadt.de\/index.php?rest_route=%2Fwp%2Fv2%2Fmedia&parent=3356"}],"wp:term":[{"taxonomy":"category","embeddable":true,"href":"https:\/\/www.rc03-ilbenstadt.de\/index.php?rest_route=%2Fwp%2Fv2%2Fcategories&post=3356"},{"taxonomy":"post_tag","embeddable":true,"href":"https:\/\/www.rc03-ilbenstadt.de\/index.php?rest_route=%2Fwp%2Fv2%2Ftags&post=3356"}],"curies":[{"name":"wp","href":"https:\/\/api.w.org\/{rel}","templated":true}]}}