{"id":3387,"date":"2015-02-16T23:26:45","date_gmt":"2015-02-16T22:26:45","guid":{"rendered":"http:\/\/www.rc03-ilbenstadt.de\/?p=3387"},"modified":"2015-02-18T17:50:33","modified_gmt":"2015-02-18T16:50:33","slug":"wir-trauern-um-werner-gundlachunserem-langjaehrigen-fachwart-rftctf","status":"publish","type":"post","link":"https:\/\/www.rc03-ilbenstadt.de\/?p=3387","title":{"rendered":"Wir trauern um Werner Gundlach<br>unserem langj\u00e4hrigen Fachwart RTF\/CTF"},"content":{"rendered":"<p>Werner ist am fr\u00fchen Vormittag des heutigen Tages nach langer, heimt\u00fcckischer Krankeit verstorben. Wir trauern um ihn und unsere Gedanken sind bei seiner Frau Monika, seinen Angh\u00f6rigen und\u00a0 den Personen, die ihm wichtig waren.<\/p>\n<p>Sein &#8222;Feind&#8220;, dem er \u00fcber Jahre Widerstand leistete, hat letztlich &#8211; so sehr er sich str\u00e4ubte, so sehr wir ihn in seinem Kampf dem Erfolg gew\u00fcnscht, ja herbeigesehnt hatten &#8211; die \u00dcberhand gewonnen. Die moderne Medizin leistet schon Erstaunliches, doch ist<!--more--> sie nicht zuletzt davon abh\u00e4ngig, in welchem Stadium ein lebensbedrohlicher Zustand rechtzeitig erkannt und zielgerichtet therapiert wird. Werner hatte nicht das Gl\u00fcck gehabt, dass die Symptome seiner schwerwiegenden Erkrankung fr\u00fchzeitig diagnostiziert wurden. Er ging mit einem gro\u00dfen Handycap in die Therapie, die nicht den gew\u00fcnschten Erfolg brachte, aber ihm, Monika und allen die ihm nahe standen, noch gemeinsame Jahre &#8211; nicht immer mit unbeschwerten Zeiten &#8211;\u00a0 bescherten.<\/p>\n<p>Werner war seit 1980 Mitglied im Radfahrer-Club 1903 Ilbenstadt e.V. Er war leidenschaftlicher Rennradfahrer. Im RC 03 fand er Gleichgesinnte mit denen er Tausende von Kilometern, zwar abseits des Leistungssportes, auch leistungsorientiert absolvierte, ohne aber die Freude an der gemeinsamen Ausfahrt, den vielf\u00e4ltigen Kontakten und dem Erleben rund um den Radsport zu verlieren. 1987 wurde Werner neben Adolf Greif, Klaus Beyeler, Klaus Hochstadt und Derek Rolle in den neuen Arbeitskreis Radtouristik gew\u00e4hlt, den unser damaliger Sportausschussvorsitzender und Sponsor Werner B\u00fcrgin initiiert hatte. 1989 schlug Werner B\u00fcrgin in Vorbereitung seines R\u00fcckzuges aus der Vorstandsarbeit beim RC 03 Werner f\u00fcr die Position des Fachwartes RTF vor. Diesem Vorschlag folgte seinerzeit die Mitgliederversammlung. Der Verein sollte \u00fcber die n\u00e4chsten 26 Jahre von dieser Entscheidung profitieren. Werner, dessen Respekt vor den gro\u00dfen Fu\u00dfstapfen seines Vorg\u00e4ngers nicht unbetr\u00e4chtlich war, fand sich schnell in seine Rolle und damit in sein neues Aufgabengebiet ein. Er erkannte die Notwendigkeiten und \u00fcbernahm mit Organisationsgeschick die Aufgaben, die sich ihm stellten. Dabei stellte er oft eigene Bed\u00fcrfnisse zur\u00fcck, lebte f\u00fcr den Verein und wurde darin vor allem von seiner Ehefrau Monika unterst\u00fctzt, die mit ihm an jedem Wochenende, jedem Feiertag pr\u00e4sent war, um Vormeldungen entgegen zu nehmen, um Ansprechpartnerin zu sein, wenn Werner noch auf der Strecke war. Diesem Duo gelang es \u00fcber mehr als zwei Jahrzehnte die aktive Gemeinschaft des RC 03 zu motivieren und damit die Leistung des Vereins auf hohem Niveau zu festigen.<\/p>\n<p>2015 organisieren wir im 38. Jahr unsere Radtourenfahrten &#8222;Rund um Ilbenstadt&#8220; und die &#8222;Wetterau-Vogelsberg-Rundfahrt&#8220;.\u00a0 Werner hat davon 28 Jahre gepr\u00e4gt. Er hat sich in die Organisation eingefunden, hat eine Struktur \u00fcber die Jahrzehnte gehalten und dabei eine geh\u00f6rige Eigenleistung eingebracht, deren Umfang in zeitlicher und s\u00e4chlicher Hinsicht \u00fcber die Jahre au\u00dfergew\u00f6hnlich war und immer noch ist.<\/p>\n<p>In der R\u00fcckschau hat Werner mit Unterst\u00fctzung seiner Frau Monika den RC 03 wesentlich gepr\u00e4gt. Hierf\u00fcr werden wir immer dankbar sein. Diese Arbeit hat sich insbesondere erst nach Werners R\u00fcckzug aus der aktiven Vereinsarbeit vollst\u00e4ndig erschlossen. Heute haben wir die L\u00fccke noch nicht ansatzweise schlie\u00dfen k\u00f6nnen.<\/p>\n<p>Wir werden Werner ein ehrendes Andenken bewahren. Er ist auch in Zukunft Ma\u00dfstab und Beispiel f\u00fcr die integrative Arbeit im aktiven Bereich. Werner fehlt uns!<\/p>\n<p>Der Vorstand<\/p>\n<p>&nbsp;<\/p>\n<p>Hinweis:<br \/>\nDie Trauerfeier mit Urnenbeisetzung findet am 26. Februar um 14:00 Uhr auf dem Friedhof Hanau-Mittelbuchen statt. Werner findet seine letzte Ruhe in einem Baumurnengrab. Es wird gebeten von\u00a0 Kranz- und Blumenspenden Abstand zu nehmen.<\/p>\n","protected":false},"excerpt":{"rendered":"<p>Werner ist am fr\u00fchen Vormittag des heutigen Tages nach langer, heimt\u00fcckischer Krankeit verstorben. Wir trauern um ihn und unsere Gedanken sind bei seiner Frau Monika, seinen Angh\u00f6rigen und\u00a0 den Personen, die ihm wichtig waren. Sein &#8222;Feind&#8220;, dem er \u00fcber Jahre &hellip; <a href=\"https:\/\/www.rc03-ilbenstadt.de\/?p=3387\">Weiterlesen <span class=\"meta-nav\">&rarr;<\/span><\/a><\/p>\n","protected":false},"author":9,"featured_media":3386,"comment_status":"closed","ping_status":"closed","sticky":false,"template":"","format":"standard","meta":{"_crdt_document":"","footnotes":""},"categories":[1],"tags":[],"class_list":["post-3387","post","type-post","status-publish","format-standard","has-post-thumbnail","hentry","category-allgemein"],"_links":{"self":[{"href":"https:\/\/www.rc03-ilbenstadt.de\/index.php?rest_route=\/wp\/v2\/posts\/3387","targetHints":{"allow":["GET"]}}],"collection":[{"href":"https:\/\/www.rc03-ilbenstadt.de\/index.php?rest_route=\/wp\/v2\/posts"}],"about":[{"href":"https:\/\/www.rc03-ilbenstadt.de\/index.php?rest_route=\/wp\/v2\/types\/post"}],"author":[{"embeddable":true,"href":"https:\/\/www.rc03-ilbenstadt.de\/index.php?rest_route=\/wp\/v2\/users\/9"}],"replies":[{"embeddable":true,"href":"https:\/\/www.rc03-ilbenstadt.de\/index.php?rest_route=%2Fwp%2Fv2%2Fcomments&post=3387"}],"version-history":[{"count":6,"href":"https:\/\/www.rc03-ilbenstadt.de\/index.php?rest_route=\/wp\/v2\/posts\/3387\/revisions"}],"predecessor-version":[{"id":3421,"href":"https:\/\/www.rc03-ilbenstadt.de\/index.php?rest_route=\/wp\/v2\/posts\/3387\/revisions\/3421"}],"wp:featuredmedia":[{"embeddable":true,"href":"https:\/\/www.rc03-ilbenstadt.de\/index.php?rest_route=\/wp\/v2\/media\/3386"}],"wp:attachment":[{"href":"https:\/\/www.rc03-ilbenstadt.de\/index.php?rest_route=%2Fwp%2Fv2%2Fmedia&parent=3387"}],"wp:term":[{"taxonomy":"category","embeddable":true,"href":"https:\/\/www.rc03-ilbenstadt.de\/index.php?rest_route=%2Fwp%2Fv2%2Fcategories&post=3387"},{"taxonomy":"post_tag","embeddable":true,"href":"https:\/\/www.rc03-ilbenstadt.de\/index.php?rest_route=%2Fwp%2Fv2%2Ftags&post=3387"}],"curies":[{"name":"wp","href":"https:\/\/api.w.org\/{rel}","templated":true}]}}