{"id":3520,"date":"2015-03-11T12:30:47","date_gmt":"2015-03-11T11:30:47","guid":{"rendered":"http:\/\/www.rc03-ilbenstadt.de\/?p=3520"},"modified":"2015-03-24T17:21:50","modified_gmt":"2015-03-24T16:21:50","slug":"start-in-die-rtf-saisondie-radtourenfahrt-rtf-in-ilbenstadt-am-22-maerz-wird-vorbereitet","status":"publish","type":"post","link":"https:\/\/www.rc03-ilbenstadt.de\/?p=3520","title":{"rendered":"Die Radtourenfahrt (RTF)  in Ilbenstadt<br>am Sonntag, dem 22. M\u00e4rz  ist vorbereitet"},"content":{"rendered":"<p>Der Winter ist vorbei! Da lassen wir uns jetzt auch nicht mehr hineinreden. Nur unpassende Bekleidung k\u00f6nnte uns das Radfahren vermiesen, doch wer wird sich schlecht ausger\u00fcstet auf den Sattel schwingen?<\/p>\n<p>Nachdem im Januar die Country-Touren-Fahrten (CTF) des RV Germania Hungen und des Radteams Neu-Isenburg wegen Glatteises abgesagt wurden, konnten wir in Hessen am 8. Februar beim RSC Edelwei\u00df Frankfurt und am 1. M\u00e4rz beim RC Hattersheim, k\u00fchle, aber sch\u00f6ne CTF fahren. Jetzt ist die RTF-Saison er\u00f6ffnet und mit Touren in Schl\u00fcchtern und Niederdorfelden konnten wir schon mal das Rennrad bewegen. Am Sonntag, dem 22. M\u00e4rz wird um 8 Uhr in Ilbenstadt gestartet. <!--more-->Wir bieten trockenes, sonniges Wetter an, tolerieren den niederschlagsfreien Durchzug von Wolkenfeldern bei frischen Temperaturen. Zur Mittagszeit erreichen wir bereits 10\u00b0 Celsius im Plusbereich! Geeignete Kleidung und die richtige Einstellung wird mit unseren Strecken \u00fcber 42, 75 und 114 Kilometern, die allesamt moderate H\u00f6henmeter zum Einstieg in die Saison bieten, zu einem tollen Gemeinschaftserlebnis in der Wetterau werden. Der RC 03 Ilbenstadt ist ger\u00fcstet!<br \/>\nUnser Tourenangebot bietet f\u00fcr jeden etwas. Einsteiger k\u00f6nnen das Flair einer RTF auf der 42-Kilometer-Runde in sich aufnehmen, auch Triathleten nutzen gern unser Angebot. F\u00fcr die\u00a0 Saisonvorbereitung, ob auf Triathlon oder zu Radtourenfahrten (RTF), sind unsere drei Touren mit 170, 260 und 450 H\u00f6henmetern ideal. Die Trainingsintensit\u00e4t bestimmen Sie selbst.<\/p>\n<p>Details zu unserer Wetterau-Vogelsberg-Rundfahrt finden Sie auf unserer Internetseite unter &#8222;<a title=\"Link zur Fr\u00fchjahrs-RTF 2015\" href=\"http:\/\/rc03-ilbenstadt.de\/?page_id=133\" target=\"_blank\">Unsere Radtourenfahrten\/Fr\u00fchjahrs-RTF &#8230;\/<\/a>&#8220; Erstmals findet unsere Tour im Rahmen der &#8222;<a title=\"Link zum Flyer der Wetterau-Trophy\" href=\"https:\/\/www.rc03-ilbenstadt.de\/wp-content\/uploads\/2015\/03\/BTW-150311-Wetterautrophy-Flyer-opt.pdf\" target=\"_blank\">Wetterau-Trophy<\/a>&#8220; statt, einer neuen Serie im Radsportbezirk Taunus-Wetterau. Sichern Sie sich einen Serienplatz! Die <a title=\"Startkarte ausdrucken oder am Start nachfragen\" href=\"https:\/\/www.rc03-ilbenstadt.de\/wp-content\/uploads\/2015\/03\/BTW-150311-Wetterautrophy-Wertungskarte.pdf\" target=\"_blank\">Startkarten<\/a> zur Trophy und n\u00e4here Informationen halten wir am Sonntag bereit.<\/p>\n<p><a href=\"https:\/\/www.rc03-ilbenstadt.de\/wp-content\/uploads\/2015\/03\/scanbike-Logo_rechts-high.jpg\" rel=\"lightbox[3520]\"><img loading=\"lazy\" decoding=\"async\" class=\"alignleft size-thumbnail wp-image-3503\" src=\"https:\/\/www.rc03-ilbenstadt.de\/wp-content\/uploads\/2015\/03\/scanbike-Logo_rechts-high-150x150.jpg\" alt=\"scan&amp;bike-Logo_rechts-high\" width=\"150\" height=\"150\" \/><\/a>Eine Hessenpremiere bieten wir Ihnen. Erstmals wird das elektronische Anmeldesystem scan&amp;bike in Hessen eingesetzt. Nachdem einige Landesverb\u00e4nde das Anmeldesystem nutzen, haben auch wir die Vorteile erkannt und uns aktiv um ein System bem\u00fcht, das wir am 22. M\u00e4rz einsetzen werden. Es bietet f\u00fcr Teilnehmer und Veranstalter Vorteile. Warteschlangen geh\u00f6ren der Vergangenheit an, Startkarten- und Startnummerndruck &#8211; letztere f\u00fcr Teilnehmer ohne Wertungskarte &#8211; erfolgen ebenso automatisiert, wie das Anlegen einer Starterliste mit statistischer Auswertung. Der Datenschutz wird gew\u00e4hrleistet; eine kommerzielle Datennutzung ist ausgeschlossen.<\/p>\n<p>Holen Sie schnell und unkompliziert Ihren QR-Code auf der Internetseite <a title=\"Holen Sie sich hier Ihren QR-Code!\" href=\"http:\/\/scan.bike\" target=\"_blank\">www.scan.bike<\/a>. Testen Sie das System bei unserer Veranstaltung. Wir sind sicher, dass sich das System schnell als Standard etablieren wird. Ihr QR-Code gilt bei allen Veranstaltungen mit scan&amp;bike in 2015. Der RTC W\u00f6lfersheim und der RC Hattersheim k\u00f6nnen Ihre n\u00e4chsten Systempr\u00fcfsteine sein. Auf Wunsch k\u00f6nnen Sie Ihre Leistungen in einer Rangliste bei scan&amp;bike \u00f6ffentlich machen &#8211; Konkurrenz ist das Salz in der Suppe! Fragen beantworten wir Ihnen gerne.<br \/>\nWenn Sie noch keinen QR-Code haben oder sich in der digitalen Welt nicht heimisch f\u00fchlen, gibt es noch\u00a0 das traditionelle Anmeldesystem, das wir selbstverst\u00e4ndlich parallel betreiben.<\/p>\n<p>Wir laden Sie zu einer frischen Fr\u00fchlingstour nach Ilbenstadt ein.<br \/>\nGastfahrerinnen und -fahrer sind herzlich willkommen.<br \/>\nErfahren sie die Wetterau in der gro\u00dfen Radtourengemeinde!<\/p>\n<p>Ihr RC 03 Ilbenstadt<\/p>\n<p>QR-Code\u00ae\u00a0\u00a0 = eingetragenes Warenzeichen der Denso Wave Incorporated<br \/>\nscan&amp;bike\u00ae = eingetragenes Warenzeichen der J\u00f6rg Homann EDV-Beratung<\/p>\n<p>&nbsp;<\/p>\n","protected":false},"excerpt":{"rendered":"<p>Der Winter ist vorbei! Da lassen wir uns jetzt auch nicht mehr hineinreden. Nur unpassende Bekleidung k\u00f6nnte uns das Radfahren vermiesen, doch wer wird sich schlecht ausger\u00fcstet auf den Sattel schwingen? Nachdem im Januar die Country-Touren-Fahrten (CTF) des RV Germania &hellip; <a href=\"https:\/\/www.rc03-ilbenstadt.de\/?p=3520\">Weiterlesen <span class=\"meta-nav\">&rarr;<\/span><\/a><\/p>\n","protected":false},"author":9,"featured_media":3519,"comment_status":"closed","ping_status":"closed","sticky":false,"template":"","format":"standard","meta":{"_crdt_document":"","footnotes":""},"categories":[1],"tags":[],"class_list":["post-3520","post","type-post","status-publish","format-standard","has-post-thumbnail","hentry","category-allgemein"],"_links":{"self":[{"href":"https:\/\/www.rc03-ilbenstadt.de\/index.php?rest_route=\/wp\/v2\/posts\/3520","targetHints":{"allow":["GET"]}}],"collection":[{"href":"https:\/\/www.rc03-ilbenstadt.de\/index.php?rest_route=\/wp\/v2\/posts"}],"about":[{"href":"https:\/\/www.rc03-ilbenstadt.de\/index.php?rest_route=\/wp\/v2\/types\/post"}],"author":[{"embeddable":true,"href":"https:\/\/www.rc03-ilbenstadt.de\/index.php?rest_route=\/wp\/v2\/users\/9"}],"replies":[{"embeddable":true,"href":"https:\/\/www.rc03-ilbenstadt.de\/index.php?rest_route=%2Fwp%2Fv2%2Fcomments&post=3520"}],"version-history":[{"count":5,"href":"https:\/\/www.rc03-ilbenstadt.de\/index.php?rest_route=\/wp\/v2\/posts\/3520\/revisions"}],"predecessor-version":[{"id":3596,"href":"https:\/\/www.rc03-ilbenstadt.de\/index.php?rest_route=\/wp\/v2\/posts\/3520\/revisions\/3596"}],"wp:featuredmedia":[{"embeddable":true,"href":"https:\/\/www.rc03-ilbenstadt.de\/index.php?rest_route=\/wp\/v2\/media\/3519"}],"wp:attachment":[{"href":"https:\/\/www.rc03-ilbenstadt.de\/index.php?rest_route=%2Fwp%2Fv2%2Fmedia&parent=3520"}],"wp:term":[{"taxonomy":"category","embeddable":true,"href":"https:\/\/www.rc03-ilbenstadt.de\/index.php?rest_route=%2Fwp%2Fv2%2Fcategories&post=3520"},{"taxonomy":"post_tag","embeddable":true,"href":"https:\/\/www.rc03-ilbenstadt.de\/index.php?rest_route=%2Fwp%2Fv2%2Ftags&post=3520"}],"curies":[{"name":"wp","href":"https:\/\/api.w.org\/{rel}","templated":true}]}}