{"id":3620,"date":"2015-04-30T15:17:45","date_gmt":"2015-04-30T13:17:45","guid":{"rendered":"http:\/\/www.rc03-ilbenstadt.de\/?p=3620"},"modified":"2015-04-30T16:17:08","modified_gmt":"2015-04-30T14:17:08","slug":"radwanderung-am-12-mai-2015-zu-den-bergwerksseen-der-wetterau","status":"publish","type":"post","link":"https:\/\/www.rc03-ilbenstadt.de\/?p=3620","title":{"rendered":"Vorank\u00fcndigung:<br>Radwanderung am 12. Mai 2015 zu den Bergwerksseen der Wetterau"},"content":{"rendered":"<p>Es ist wieder so weit! Wir radeln auf vielfachem Wunsch wieder zu den Wetterauer Bergwerksseen. Auch wenn wir zum wiederholten Male auf dieser Tour sind, ist doch der Blickwinkel, sei es, weil wir zu anderen Jahreszeiten unterwegs sind, sei es wegen der Tourvarianten oder auch nur, weil wir den Fokus unsere Aufmerksamkeit anders ausgerichtet haben, immer ein besonderer. Dazu tr\u00e4gt auch die Zusammensetzung der Gruppe bei oder auch das zuf\u00e4llige Zusammentreffen mit Menschen, die <!--more-->uns das ein oder andere Detail am Weges- oder Seenrand n\u00e4her bringen k\u00f6nnen.<\/p>\n<p>Zur Seenlandschaft :<br \/>\nRund um W\u00f6lfersheim wurde von Beginn der 60er-Jahre bis 1991 Braunkohle im Tagebau gewonnen und mit der elektrischen Grubenbahn zur Verstromung nach W\u00f6lfersheim verfrachtet. Einige dieser Tagebauten wurden nicht g\u00e4nzlich mit Abraum und Erde verf\u00fcllt, sondern wurden geflutet. Hier entstanden neun Seen, die sich harmonisch in die Landschaft f\u00fcgen und als Naturschutzgebiet und Naherholungsgebiet nutzbar sind.\u00a0 Einen informativen \u00dcberblick \u00fcber diese Seen gibt Alexander Hitz aus Reichelsheim auf seiner Internetseite\u00a0<a href=\"http:\/\/www.alexanderhitz.de\/tagebau_karte.html\">http:\/\/www.alexanderhitz.de\/tagebau\/karte.html<\/a>.<span id=\"more-1331\"><\/span><\/p>\n<p>Wir erfahren diese Tagebauseenlandschaft im Rahmen der Radwanderung. Unser C-Trainer Breitensport, Lutz Delling, startet diese Tour mit Ihnen am Bergwerksee am n\u00f6rdlichen Ortsrand von Dorn-Assenheim. Von da aus geht es zum Pfaffen- und zum Teufelssee (Reichelsheim), weiter zum W\u00f6lfersheimer See, dem Barbarasee (Bellersheim) und zum Inheidener See. In Inheiden besteht eine Einkehrm\u00f6glichkeit. Die Fahrt geht weiter \u00fcber den Oberen und Unteren Knappensee bei Utphe nach Dorn-Assenheim zur\u00fcck. Das Streckenprofil ist \u00fcberwiegend flach. Die Geschwindigkeit wird dem Leistungsverm\u00f6gen der Gruppe und dem Anspruch &#8222;Natur erleben&#8220; angepasst.<br \/>\nF\u00fcr diese Radwanderung sind\u00a0 Tourenr\u00e4der, Mountainbikes oder Crossr\u00e4der erste Wahl.<\/p>\n<p>Zu dieser Tour ist Jedermann gern gesehen. Die Teilnahme ist kostenfrei.<\/p>\n<p><strong>Wir starten am Dienstag, dem 12. Mai 2015, 10:00 Uhr am Bergwerkssee in Dorn-Assenheim<\/strong>.<br \/>\n<strong>Die R\u00fcckkehr wird gegen 16:00 Uhr erfolgen.<\/strong><\/p>\n<p>Zur Vorbereitung dieser Radwanderung erbitten wir eine Meldung unter der E-Mailadresse radtreff@rc03-ilbenstadt.de.<br \/>\n<strong>Wir freuen uns auf Ihre Teilnahme!<br \/>\nIhr RC 03<br \/>\n<\/strong><\/p>\n","protected":false},"excerpt":{"rendered":"<p>Es ist wieder so weit! Wir radeln auf vielfachem Wunsch wieder zu den Wetterauer Bergwerksseen. Auch wenn wir zum wiederholten Male auf dieser Tour sind, ist doch der Blickwinkel, sei es, weil wir zu anderen Jahreszeiten unterwegs sind, sei es &hellip; <a href=\"https:\/\/www.rc03-ilbenstadt.de\/?p=3620\">Weiterlesen <span class=\"meta-nav\">&rarr;<\/span><\/a><\/p>\n","protected":false},"author":9,"featured_media":1467,"comment_status":"closed","ping_status":"closed","sticky":false,"template":"","format":"standard","meta":{"_crdt_document":"","footnotes":""},"categories":[1],"tags":[],"class_list":["post-3620","post","type-post","status-publish","format-standard","has-post-thumbnail","hentry","category-allgemein"],"_links":{"self":[{"href":"https:\/\/www.rc03-ilbenstadt.de\/index.php?rest_route=\/wp\/v2\/posts\/3620","targetHints":{"allow":["GET"]}}],"collection":[{"href":"https:\/\/www.rc03-ilbenstadt.de\/index.php?rest_route=\/wp\/v2\/posts"}],"about":[{"href":"https:\/\/www.rc03-ilbenstadt.de\/index.php?rest_route=\/wp\/v2\/types\/post"}],"author":[{"embeddable":true,"href":"https:\/\/www.rc03-ilbenstadt.de\/index.php?rest_route=\/wp\/v2\/users\/9"}],"replies":[{"embeddable":true,"href":"https:\/\/www.rc03-ilbenstadt.de\/index.php?rest_route=%2Fwp%2Fv2%2Fcomments&post=3620"}],"version-history":[{"count":5,"href":"https:\/\/www.rc03-ilbenstadt.de\/index.php?rest_route=\/wp\/v2\/posts\/3620\/revisions"}],"predecessor-version":[{"id":3625,"href":"https:\/\/www.rc03-ilbenstadt.de\/index.php?rest_route=\/wp\/v2\/posts\/3620\/revisions\/3625"}],"wp:featuredmedia":[{"embeddable":true,"href":"https:\/\/www.rc03-ilbenstadt.de\/index.php?rest_route=\/wp\/v2\/media\/1467"}],"wp:attachment":[{"href":"https:\/\/www.rc03-ilbenstadt.de\/index.php?rest_route=%2Fwp%2Fv2%2Fmedia&parent=3620"}],"wp:term":[{"taxonomy":"category","embeddable":true,"href":"https:\/\/www.rc03-ilbenstadt.de\/index.php?rest_route=%2Fwp%2Fv2%2Fcategories&post=3620"},{"taxonomy":"post_tag","embeddable":true,"href":"https:\/\/www.rc03-ilbenstadt.de\/index.php?rest_route=%2Fwp%2Fv2%2Ftags&post=3620"}],"curies":[{"name":"wp","href":"https:\/\/api.w.org\/{rel}","templated":true}]}}