{"id":3630,"date":"2015-05-23T13:53:08","date_gmt":"2015-05-23T11:53:08","guid":{"rendered":"http:\/\/www.rc03-ilbenstadt.de\/?p=3630"},"modified":"2015-05-23T20:12:36","modified_gmt":"2015-05-23T18:12:36","slug":"vorankuendigungradwandern-mit-dem-rc-03-ilbenstadt-im-frankfurter-gruenguertel65-kilometer-rund-um-die-grossstadt","status":"publish","type":"post","link":"https:\/\/www.rc03-ilbenstadt.de\/?p=3630","title":{"rendered":"Vorank\u00fcndigung:<br>Radwandern am Samstag, den 13. Juni 2015 auf dem Frankfurter Gr\u00fcng\u00fcrtelradweg<br>65 Kilometer rund um die Gro\u00dfstadt"},"content":{"rendered":"<p>Auf vielfachen Wunsch haben wir die Gr\u00fcng\u00fcrteltour wieder in unser Programm aufgenommen. Der Gr\u00fcng\u00fcrtelradweg ist eine hervorragende M\u00f6glichkeit, im Gr\u00fcnen um eine pulsierende Gro\u00dfstadt zu radeln. Frankfurt zeigt hier, dass es seit Jahrzehnten verstanden hat, das Erholungsbed\u00fcrfnis der B\u00fcrgerinnen und B\u00fcrger mit st\u00e4dtebaulichen und wirtschaftlichen Interessen einer Gro\u00dfstadt zu vereinen. Wenn der Gr\u00fcng\u00fcrtelradweg in Autobahn- oder Flughafenn\u00e4he gef\u00fchrt wird, kommt die nahe Gro\u00dfstadt wieder in das Bewusstsein, w\u00e4hrend sie auf ruhigen, teilweise idyllischen Gebieten scheinbar weit weg ist.<\/p>\n<p>Wir starten am<!--more--><\/p>\n<p><span style=\"color: #3366ff;\"><strong>Samstag, den 13. Juni 2015 um 10:00 Uhr<\/strong><\/span><br \/>\n<span style=\"color: #3366ff;\"><strong>am alten Flugplatz in<\/strong><\/span><br \/>\n<span style=\"color: #3366ff;\"><strong>60437 Frankfurt-Bonames<\/strong><\/span><br \/>\n<span style=\"color: #3366ff;\"><strong>Am Burghof 5<\/strong><\/span><\/p>\n<p>Parkpl\u00e4tze stehen hier ausreichend zur Verf\u00fcgung. G\u00e4ste sind bei unserer Gr\u00fcng\u00fcrtelradtour herzlich willkommen.<br \/>\nVon hier aus geht es die Nidda entlang nach H\u00f6chst und schippern mit der F\u00e4hre \u00fcber den Main, um dann durch den facettenreichen Frankfurter Stadtwald den Goetheturm zu erreichen. Hier bleiben wir kurz auf Goethes Spuren und steuern die Gerberm\u00fchle an. Im Rudererdorf ist eine Einkehr geplant. Von dort fahren wir zun\u00e4chst den Main entlang, dann zum Riedteich nach Bergen, hinter dem uns eine kurze, knackige Steigung erwartet, die wir in aller Ruhe, ob auf oder neben dem Rad, bew\u00e4ltigen werden. Danach belohnt uns der tolle Blick vom Lohrberg \u00fcber Frankfurt bis weit in den Odenwald hinein. \u00dcber Preungesheim erreichen wir dann unseren Ausgangspunkt.<\/p>\n<p>Nach der Radtour kann der Tagesausklang in Ilbenstadt auf dem Stra\u00dfenfest der Vereine gem\u00fctlich gestaltet werden. Das Stra\u00dfenfest an der Klostermauer beginnt um 14:00 Uhr. Ab 20:00 Uhr wird Live-Musik geboten.<\/p>\n<p>Fragen zu dieser Tour beantwortet gerne unser Radwanderfachwart Lutz Delling, Telefon 06034 86 47 oder Wilhelm Schr\u00f6der, Telefon 01523 42 10 315.<br \/>\nHolen Sie sich Appetit auf diese Radtour aus unserem <a href=\"https:\/\/www.rc03-ilbenstadt.de\/?p=3108\" target=\"_blank\">Bericht zur Gr\u00fcng\u00fcrteltour 2014<\/a>.<\/p>\n<p>Wir freuen uns auf eine sch\u00f6ne Radtour<br \/>\nMachen Sie mit!<br \/>\nIhr RC 03 Ilbenstadt<\/p>\n","protected":false},"excerpt":{"rendered":"<p>Auf vielfachen Wunsch haben wir die Gr\u00fcng\u00fcrteltour wieder in unser Programm aufgenommen. Der Gr\u00fcng\u00fcrtelradweg ist eine hervorragende M\u00f6glichkeit, im Gr\u00fcnen um eine pulsierende Gro\u00dfstadt zu radeln. Frankfurt zeigt hier, dass es seit Jahrzehnten verstanden hat, das Erholungsbed\u00fcrfnis der B\u00fcrgerinnen und &hellip; <a href=\"https:\/\/www.rc03-ilbenstadt.de\/?p=3630\">Weiterlesen <span class=\"meta-nav\">&rarr;<\/span><\/a><\/p>\n","protected":false},"author":9,"featured_media":3044,"comment_status":"closed","ping_status":"closed","sticky":false,"template":"","format":"standard","meta":{"_crdt_document":"","footnotes":""},"categories":[1],"tags":[],"class_list":["post-3630","post","type-post","status-publish","format-standard","has-post-thumbnail","hentry","category-allgemein"],"_links":{"self":[{"href":"https:\/\/www.rc03-ilbenstadt.de\/index.php?rest_route=\/wp\/v2\/posts\/3630","targetHints":{"allow":["GET"]}}],"collection":[{"href":"https:\/\/www.rc03-ilbenstadt.de\/index.php?rest_route=\/wp\/v2\/posts"}],"about":[{"href":"https:\/\/www.rc03-ilbenstadt.de\/index.php?rest_route=\/wp\/v2\/types\/post"}],"author":[{"embeddable":true,"href":"https:\/\/www.rc03-ilbenstadt.de\/index.php?rest_route=\/wp\/v2\/users\/9"}],"replies":[{"embeddable":true,"href":"https:\/\/www.rc03-ilbenstadt.de\/index.php?rest_route=%2Fwp%2Fv2%2Fcomments&post=3630"}],"version-history":[{"count":5,"href":"https:\/\/www.rc03-ilbenstadt.de\/index.php?rest_route=\/wp\/v2\/posts\/3630\/revisions"}],"predecessor-version":[{"id":3640,"href":"https:\/\/www.rc03-ilbenstadt.de\/index.php?rest_route=\/wp\/v2\/posts\/3630\/revisions\/3640"}],"wp:featuredmedia":[{"embeddable":true,"href":"https:\/\/www.rc03-ilbenstadt.de\/index.php?rest_route=\/wp\/v2\/media\/3044"}],"wp:attachment":[{"href":"https:\/\/www.rc03-ilbenstadt.de\/index.php?rest_route=%2Fwp%2Fv2%2Fmedia&parent=3630"}],"wp:term":[{"taxonomy":"category","embeddable":true,"href":"https:\/\/www.rc03-ilbenstadt.de\/index.php?rest_route=%2Fwp%2Fv2%2Fcategories&post=3630"},{"taxonomy":"post_tag","embeddable":true,"href":"https:\/\/www.rc03-ilbenstadt.de\/index.php?rest_route=%2Fwp%2Fv2%2Ftags&post=3630"}],"curies":[{"name":"wp","href":"https:\/\/api.w.org\/{rel}","templated":true}]}}