{"id":3648,"date":"2015-06-18T16:03:30","date_gmt":"2015-06-18T14:03:30","guid":{"rendered":"http:\/\/www.rc03-ilbenstadt.de\/?p=3648"},"modified":"2015-06-19T09:54:04","modified_gmt":"2015-06-19T07:54:04","slug":"bericht-vom-13-juni-2015radwanderung-auf-dem-frankfurter-gruenguertelradweg60-kilometer-rund-um-die-grossstadt","status":"publish","type":"post","link":"https:\/\/www.rc03-ilbenstadt.de\/?p=3648","title":{"rendered":"Bericht vom 13. Juni 2015:<br>Radwanderung auf dem Frankfurter Gr\u00fcng\u00fcrtelradweg<br>60 Kilometer rund um die Gro\u00dfstadt"},"content":{"rendered":"<p>Toll, auch in diesem Jahr haben wir die Gro\u00dfstadt Frankfurt umrundet. Eine Gro\u00dfstadt in der das Leben pulsiert, die Wirtschaft floriert, die unter \u00f6konomischen Gesichtspunkten einen Weltstadtstatus innehat und die vor allem durch eine gute Infrastruktur ihrer Rolle als einer der wichtigsten Verkehrsknotenpunkte in Europa mehr als gerecht wird. Auf die Infrastruktur bezogen liegt Frankfurt an achter Stelle (Marsh &amp; McLennan 2009) weltweit und verweist selbst London, Sydney, Paris, Tokio und New York auf die Pl\u00e4tze! Umso mehr ist es den Stadtoberen und der bisher selbstbewussten B\u00fcrgerschaft anzurechnen, dass sie rund um Frankfurt ein Drittel der Stadtfl\u00e4che &#8211; 8.000 ha &#8211; als Landschaftsschutzgebiet ausgewiesen haben, das der Zersiedelung Einhalt gebietet und dem Erholungssuchenden <!--more-->einen R\u00fcckzugsraum bietet. Trotzdem wird an einigen Stellen der Kontrast zwischen den Erfordernissen des st\u00e4dtischen Lebens- und Verkehrsraumes und dem Landschaftsschutzgebiet sicht- und h\u00f6rbar. So, wenn Flugzeuge \u00fcber dem Stadtwald zum Flughafen streben oder von dort in alle Welt fliegen, aber auch im engen Kontakt mit Autobahnen und Stra\u00dfen, deren L\u00e4rm man nur allzu gern und schnell wieder entkommen kann. Frankfurt ist mit 701.000 Einwohnern eine kleine Weltstadt, h\u00e4lt mit Millionenst\u00e4dten auf dieser Ebene keinen Vergleich aus. Nur w\u00e4hrend der Arbeitswoche wird die Millionengrenze geknackt, wenn knapp 400.000 Pendler in das Stadtgebiet rauschen und nur rund 80.000 ihr Heil auf einer Arbeitsstelle au\u00dferhalb des Stadtgebietes suchen.<\/p>\n<p>Doch zur\u00fcck zu unserer Radtour, die wir am Alten Flugplatz in Frankfurt-Bonames beginnen. Bis 1992 war hier reger Flugbetrieb, hatte doch die amerikanische Armee Hubschrauber stationiert. Heute fliegen hier &#8222;nur noch&#8220; V\u00f6gel und Insekten. Unsere kleine Gruppe setzte sich in Bewegung und war damit bei bestem Radfahrwetter in Richtung Frankfurt-Hoechst an der Nidda unterwegs. Der Main war kein Hindernis, nahm uns die kleine F\u00e4hre zum Schwanheimer Ufer mit und um die Schwanheimer D\u00fcne ging es in den Frankfurter Stadtwald, einem der gr\u00f6\u00dften innerst\u00e4dtischen W\u00e4lder Deutschlands. Ein Zwischenziel war der Goetheturm am Stadtwaldrand in Richtung Sachsenhausen. Der 42 m hohe Holzaussichtsturm wurde erstmals 1867 errichtet und Anfang des 20. Jahrhunderts vollst\u00e4ndig erneuert. Die Er\u00f6ffnung konnte 1931, kurz vor dem Goethejahr 1932, gefeiert werden. Goethe war niemals auf dem Turm, doch unweit war er um 1814\/1815 herum h\u00e4ufig Gast in dem Willemer-H\u00e4uschen, einem Gartenhaus des mit ihm befreundeten Bankiersehepaares Willemer. W\u00e4hrend sich Teile der Gruppe am Fu\u00dfe des Turmes eine Pause g\u00f6nnten, stiegen auch Unentwegte die 196 Stufen nach oben um das Frankfurter Panorama in sich und auch in die ein oder andere Digitalkamera aufzunehmen.<br \/>\nDanach ging es in flotter Fahrt nach Frankfurt-Oberrad. Der Goetheturm liegt auf der obersten Flussterrasse des Maines, die sich vor einigen Millionen Jahren aus dem Gel\u00e4nde geformt hat, w\u00e4hrend das heutige Mainufer im Stadtgebiet unter der 100 m-H\u00f6henlinie zu finden ist. Am Main angekommen wurde bei Kilometer 38 im &#8222;Rudererdorf&#8220; unweit der Gerberm\u00fchle eine Rast eingelegt, zu der die Gartenwirtschaft des Frankfurter Ruder-Club 1884 e.V. einlud.<br \/>\nFrisch gest\u00e4rkt ging es mainaufw\u00e4rts, Offenbach wurde durchfahren. Interessant ist es, die Entwicklung des alten Hafengel\u00e4ndes in Offenbach von Jahr zu Jahr zu beobachten, das sich wie die Frankfurter H\u00e4fen zu einem Wohn- und Erholungsgebiet wandelt. \u00dcber den Arthur-von-Weinbergsteg kamen wir schnell nach Frankfurt-Fechenheim, um von dort die n\u00e4chste H\u00fcrde, den Berger Hang, zu erklimmen. Zur &#8222;Hohen Stra\u00dfe&#8220; &#8211; eine alte Handelsstra\u00dfe aus r\u00f6mischer Zeit, Teil der Via Regia &#8211; waren etwa 100 H\u00f6henmeter zu \u00fcberwinden. Da der steile Anstieg mit der wassergebunden, losen Decke hinter dem Riedteich einem Mitfahrer auf dem Dreirad nicht m\u00f6glich war, zeigte sich die Gruppe solidarisch und k\u00fcrzte, den Gr\u00fcng\u00fcrtel verlassend, kurzerhand durch die bebaute Ortslage Bergen-Enkheims ab, um westlich davon wieder dem Gr\u00fcng\u00fcrtelradweg zu folgen. Ein letztes Highlight vor dem Ziel war der weite Blick vom Lohrberg \u00fcber Frankfurt bis in den Odenwald hinein. Der Lohrberg ist beliebtes Ausflugsziel der Frankfurter. An Sonnentagen ist auf den Wiesen ein reges Treiben zu beobachten; Ruhe, Sport und Spiel finden ein Auskommen und \u00fcber der Wiese liegt der Duft vieler Holzkohlengrills.<br \/>\nVom Lohrberg geht es wieder z\u00fcgig nach Preungesheim und Berkersheim zum Ausgangspunkt unserer Gr\u00fcng\u00fcrtelradtour, 60 Kilometer und 170 H\u00f6henmeter waren bew\u00e4ltigt. Diesmal hat unser Radwanderfachwart Lutz Delling auch den Radwanderfachwart des Radsportbezirkes Taunus-Wetterau, Manfred Reinelt, zu dieser Tour gewinnen k\u00f6nnen. Beide blickten in zufriedene Gesichter der Teilnehmer. Wenn wir durch diesen Bericht Interesse wecken konnten, freuen wir uns Euch\/Sie bei unseren n\u00e4chsten Touren in unserer Mitte zu sehen. Das Radwanderteam um Lutz Delling ist bereit!<\/p>\n<p>Einige Impressionen von der Tour:<\/p>\n<table>\n<tbody>\n<tr>\n<td><a href=\"https:\/\/www.rc03-ilbenstadt.de\/wp-content\/uploads\/2015\/06\/B-RC03-RW-150614-01-Gr\u00fcng\u00fcrtel_Frankfurt.jpg\" rel=\"lightbox[3648]\"><img loading=\"lazy\" decoding=\"async\" class=\"alignleft size-thumbnail wp-image-3656\" src=\"https:\/\/www.rc03-ilbenstadt.de\/wp-content\/uploads\/2015\/06\/B-RC03-RW-150614-01-Gr\u00fcng\u00fcrtel_Frankfurt-150x150.jpg\" alt=\"B-RC03-RW-150614-01-Gr\u00fcng\u00fcrtel_Frankfurt\" width=\"150\" height=\"150\" \/><\/a><\/td>\n<td><a href=\"https:\/\/www.rc03-ilbenstadt.de\/wp-content\/uploads\/2015\/06\/B-RC03-RW-150614-03-Gr\u00fcng\u00fcrtel_Frankfurt.jpg\" rel=\"lightbox[3648]\"><img loading=\"lazy\" decoding=\"async\" class=\"alignleft wp-image-3657 size-thumbnail\" src=\"https:\/\/www.rc03-ilbenstadt.de\/wp-content\/uploads\/2015\/06\/B-RC03-RW-150614-03-Gr\u00fcng\u00fcrtel_Frankfurt-150x150.jpg\" alt=\"B-RC03-RW-150614-03-Gr\u00fcng\u00fcrtel_Frankfurt\" width=\"150\" height=\"150\" \/><\/a><\/td>\n<td><a href=\"https:\/\/www.rc03-ilbenstadt.de\/wp-content\/uploads\/2015\/06\/B-RC03-RW-150614-20-Gr\u00fcng\u00fcrtel_Frankfurt.jpg\" rel=\"lightbox[3648]\"><img loading=\"lazy\" decoding=\"async\" class=\" wp-image-3666 size-thumbnail alignleft\" src=\"https:\/\/www.rc03-ilbenstadt.de\/wp-content\/uploads\/2015\/06\/B-RC03-RW-150614-20-Gr\u00fcng\u00fcrtel_Frankfurt-150x150.jpg\" alt=\"B-RC03-RW-150614-20-Gr\u00fcng\u00fcrtel_Frankfurt\" width=\"150\" height=\"150\" \/><\/a><\/td>\n<\/tr>\n<tr>\n<td><a href=\"https:\/\/www.rc03-ilbenstadt.de\/wp-content\/uploads\/2015\/06\/B-RC03-RW-150614-22-Gr\u00fcng\u00fcrtel_Frankfurt.jpg\" rel=\"lightbox[3648]\"><img loading=\"lazy\" decoding=\"async\" class=\"alignleft size-thumbnail wp-image-3663\" src=\"https:\/\/www.rc03-ilbenstadt.de\/wp-content\/uploads\/2015\/06\/B-RC03-RW-150614-22-Gr\u00fcng\u00fcrtel_Frankfurt-150x150.jpg\" alt=\"B-RC03-RW-150614-22-Gr\u00fcng\u00fcrtel_Frankfurt\" width=\"150\" height=\"150\" \/><\/a><\/td>\n<td><a href=\"https:\/\/www.rc03-ilbenstadt.de\/wp-content\/uploads\/2015\/06\/B-RC03-RW-150614-21-Gr\u00fcng\u00fcrtel_Frankfurt.jpg\" rel=\"lightbox[3648]\"><img loading=\"lazy\" decoding=\"async\" class=\"alignleft size-thumbnail wp-image-3662\" src=\"https:\/\/www.rc03-ilbenstadt.de\/wp-content\/uploads\/2015\/06\/B-RC03-RW-150614-21-Gr\u00fcng\u00fcrtel_Frankfurt-150x150.jpg\" alt=\"B-RC03-RW-150614-21-Gr\u00fcng\u00fcrtel_Frankfurt\" width=\"150\" height=\"150\" \/><\/a><\/td>\n<td><a href=\"https:\/\/www.rc03-ilbenstadt.de\/wp-content\/uploads\/2015\/06\/B-RC03-RW-150614-24-Gr\u00fcng\u00fcrtel_Frankfurt.jpg\" rel=\"lightbox[3648]\"><img loading=\"lazy\" decoding=\"async\" class=\" size-thumbnail wp-image-3665 alignleft\" src=\"https:\/\/www.rc03-ilbenstadt.de\/wp-content\/uploads\/2015\/06\/B-RC03-RW-150614-24-Gr\u00fcng\u00fcrtel_Frankfurt-150x150.jpg\" alt=\"B-RC03-RW-150614-24-Gr\u00fcng\u00fcrtel_Frankfurt\" width=\"150\" height=\"150\" \/><\/a><\/td>\n<\/tr>\n<tr>\n<td><a href=\"https:\/\/www.rc03-ilbenstadt.de\/wp-content\/uploads\/2015\/06\/B-RC03-RW-150614-09-Gr\u00fcng\u00fcrtel_Frankfurt.jpg\" rel=\"lightbox[3648]\"><img loading=\"lazy\" decoding=\"async\" class=\"alignleft size-thumbnail wp-image-3659\" src=\"https:\/\/www.rc03-ilbenstadt.de\/wp-content\/uploads\/2015\/06\/B-RC03-RW-150614-09-Gr\u00fcng\u00fcrtel_Frankfurt-150x150.jpg\" alt=\"B-RC03-RW-150614-09-Gr\u00fcng\u00fcrtel_Frankfurt\" width=\"150\" height=\"150\" \/><\/a><\/td>\n<td><a href=\"https:\/\/www.rc03-ilbenstadt.de\/wp-content\/uploads\/2015\/06\/B-RC03-RW-150614-23-Gr\u00fcng\u00fcrtel_Frankfurt.jpg\" rel=\"lightbox[3648]\"><img loading=\"lazy\" decoding=\"async\" class=\"alignleft size-thumbnail wp-image-3664\" src=\"https:\/\/www.rc03-ilbenstadt.de\/wp-content\/uploads\/2015\/06\/B-RC03-RW-150614-23-Gr\u00fcng\u00fcrtel_Frankfurt-150x150.jpg\" alt=\"B-RC03-RW-150614-23-Gr\u00fcng\u00fcrtel_Frankfurt\" width=\"150\" height=\"150\" \/><\/a><\/td>\n<td><a href=\"https:\/\/www.rc03-ilbenstadt.de\/wp-content\/uploads\/2015\/06\/B-RC03-RW-150614-15-Gr\u00fcng\u00fcrtel_Frankfurt.jpg\" rel=\"lightbox[3648]\"><img loading=\"lazy\" decoding=\"async\" class=\"alignleft size-thumbnail wp-image-3661\" src=\"https:\/\/www.rc03-ilbenstadt.de\/wp-content\/uploads\/2015\/06\/B-RC03-RW-150614-15-Gr\u00fcng\u00fcrtel_Frankfurt-150x150.jpg\" alt=\"B-RC03-RW-150614-15-Gr\u00fcng\u00fcrtel_Frankfurt\" width=\"150\" height=\"150\" \/><\/a><\/td>\n<\/tr>\n<\/tbody>\n<\/table>\n<p>&nbsp;<\/p>\n","protected":false},"excerpt":{"rendered":"<p>Toll, auch in diesem Jahr haben wir die Gro\u00dfstadt Frankfurt umrundet. Eine Gro\u00dfstadt in der das Leben pulsiert, die Wirtschaft floriert, die unter \u00f6konomischen Gesichtspunkten einen Weltstadtstatus innehat und die vor allem durch eine gute Infrastruktur ihrer Rolle als einer &hellip; <a href=\"https:\/\/www.rc03-ilbenstadt.de\/?p=3648\">Weiterlesen <span class=\"meta-nav\">&rarr;<\/span><\/a><\/p>\n","protected":false},"author":9,"featured_media":3044,"comment_status":"closed","ping_status":"closed","sticky":false,"template":"","format":"standard","meta":{"_crdt_document":"","footnotes":""},"categories":[1],"tags":[],"class_list":["post-3648","post","type-post","status-publish","format-standard","has-post-thumbnail","hentry","category-allgemein"],"_links":{"self":[{"href":"https:\/\/www.rc03-ilbenstadt.de\/index.php?rest_route=\/wp\/v2\/posts\/3648","targetHints":{"allow":["GET"]}}],"collection":[{"href":"https:\/\/www.rc03-ilbenstadt.de\/index.php?rest_route=\/wp\/v2\/posts"}],"about":[{"href":"https:\/\/www.rc03-ilbenstadt.de\/index.php?rest_route=\/wp\/v2\/types\/post"}],"author":[{"embeddable":true,"href":"https:\/\/www.rc03-ilbenstadt.de\/index.php?rest_route=\/wp\/v2\/users\/9"}],"replies":[{"embeddable":true,"href":"https:\/\/www.rc03-ilbenstadt.de\/index.php?rest_route=%2Fwp%2Fv2%2Fcomments&post=3648"}],"version-history":[{"count":5,"href":"https:\/\/www.rc03-ilbenstadt.de\/index.php?rest_route=\/wp\/v2\/posts\/3648\/revisions"}],"predecessor-version":[{"id":3680,"href":"https:\/\/www.rc03-ilbenstadt.de\/index.php?rest_route=\/wp\/v2\/posts\/3648\/revisions\/3680"}],"wp:featuredmedia":[{"embeddable":true,"href":"https:\/\/www.rc03-ilbenstadt.de\/index.php?rest_route=\/wp\/v2\/media\/3044"}],"wp:attachment":[{"href":"https:\/\/www.rc03-ilbenstadt.de\/index.php?rest_route=%2Fwp%2Fv2%2Fmedia&parent=3648"}],"wp:term":[{"taxonomy":"category","embeddable":true,"href":"https:\/\/www.rc03-ilbenstadt.de\/index.php?rest_route=%2Fwp%2Fv2%2Fcategories&post=3648"},{"taxonomy":"post_tag","embeddable":true,"href":"https:\/\/www.rc03-ilbenstadt.de\/index.php?rest_route=%2Fwp%2Fv2%2Ftags&post=3648"}],"curies":[{"name":"wp","href":"https:\/\/api.w.org\/{rel}","templated":true}]}}