{"id":3724,"date":"2015-06-23T11:36:46","date_gmt":"2015-06-23T09:36:46","guid":{"rendered":"http:\/\/www.rc03-ilbenstadt.de\/?p=3724"},"modified":"2015-06-23T17:27:05","modified_gmt":"2015-06-23T15:27:05","slug":"radtourenfahrt-am-sonntag-dem-21-juni-2015-in-nieder-weiselsommerbeginn","status":"publish","type":"post","link":"https:\/\/www.rc03-ilbenstadt.de\/?p=3724","title":{"rendered":"Radtourenfahrt (RTF) am Sonntag, dem 21. Juni 2015<br>in Nieder-Weisel<br>Der SOMMERBEGINN!"},"content":{"rendered":"<p>Der Sommerbeginn war von der Wettervorhersage bis zum Nachmittag mit relativ k\u00fchlen Temperaturen, aber trocken vorausgesagt. Das morgendliche Erwachen zeigte Regen und nasse Stra\u00dfen. Gut, eine Vormeldung zur RTF in Nieder-Weisel war abgegeben und eine Verabredung getroffen. Auf Nachfrage \u00e4u\u00dferte ich ohne zu z\u00f6gern, dass ich selbstverst\u00e4ndlich auch bei Regenwetter auf die Strecke gehe.<\/p>\n<p>Zun\u00e4chst f\u00fchrte mich mein Weg zum RC Hattersheim, um dort die <a href=\"https:\/\/www.rc03-ilbenstadt.de\/?page_id=3685\" target=\"_blank\">Werbeflyer f\u00fcr unsere Herbst-RTF in Ilbenstadt<\/a> am 13. September auszulegen.<!--more--> Hinter dem Homburger Kreuz waren es immer noch 12\u00b0 Celsius, aber die Autobahn wurde trocken. Optimismus machte sich breit. Aus Hattersheim kam schon ein st\u00e4ndiger Strom bunter Rennradlerinnen und Rennradler, einzeln, in kleineren und gr\u00f6\u00dferen Gruppen, die sich kurz nach dem Start noch im regen Kommunikationsmodus befanden. Der RC Hattersheim hatte dann zwar auch unter einer Wetterverschlechterung zu leiden, konnte aber durch die trockene Startphase die Teilnehmer aus dem Haus locken. Mit 927 Teilnehmerinnen und Teilnehmern wurde zwar der \u00fcbliche Level nicht erreicht, war aber f\u00fcr die Wetterverh\u00e4ltnisse ein hervorragendes Ergebnis. Respekt auch f\u00fcr den Einsatz des neuen Meldesystems <a href=\"http:\/\/scan.bike\/\" target=\"_blank\">scan&amp;bike<\/a>. Nach den erstmaligen hessischen Eins\u00e4tzen beim RC 03 Ilbenstadt und bei den Sandhasen in W\u00f6lfersheim konnten auch in Hattersheim Erfahrungen gesammelt werden, die f\u00fcr einen reibungslosen Ablauf in der Zukunft wertvoll sind!<\/p>\n<p>Zur\u00fcck zur RTF des RV Germania Nieder-Weisel, wo die Fachwartin RTF Silvia Geisler mit ihrem Team gegen die Hattersheimer Konkurrenz, die k\u00fchlen Temperaturen und den Regen zu k\u00e4mpfen hatte. Mit meinem Start setzte der Regen, der zwischenzeitlich etwas nachgelassen hatte, wieder ein und hier lie\u00df mich auch meine Verabredung stehen, beziehungsweise fahren. Die vorherrschenden Farben der Wetterauer H\u00fcgel- und Wald- und Ackerlandschaft waren gr\u00fcn, h\u00e4ufig mit einem leichten, teilweise auch sattem Gelbton der reifenden Getreidefelder durchsetzt. Weiter dominierte der schwarze Asphalt der Stra\u00dfe und das einheitliche Grau der Wolken, die auch keinen Sonnenstrahl zulie\u00dfen. Doch auch diese Farbkomposition hatte ihre Reize und nach der langen Trockenperiode, pr\u00e4sentierte sich den unerschrockenen Pedaleuren eine neue Facette der heimischen Region. 120 Starterinnen und Starter verirrten sich nach Nieder-Weisel und so verwunderte es nicht, wenn man allein bei gleichm\u00e4\u00dfigem Landregen die Landschaft in sich aufnehmen und den Gedanken freien Lauf lassen konnte.<\/p>\n<table>\n<tbody>\n<tr>\n<td><a href=\"https:\/\/www.rc03-ilbenstadt.de\/wp-content\/uploads\/2015\/06\/B-RC03-150621-01-RTF_Nieder-Weisel-WEB.jpg\" rel=\"lightbox[3724]\"><img loading=\"lazy\" decoding=\"async\" class=\"alignleft size-thumbnail wp-image-3716\" src=\"https:\/\/www.rc03-ilbenstadt.de\/wp-content\/uploads\/2015\/06\/B-RC03-150621-01-RTF_Nieder-Weisel-WEB-150x150.jpg\" alt=\"B-RC03-150621-01-RTF_Nieder-Weisel-WEB\" width=\"150\" height=\"150\" \/><\/a><\/td>\n<td><a href=\"https:\/\/www.rc03-ilbenstadt.de\/wp-content\/uploads\/2015\/06\/B-RC03-150621-06-RTF_Nieder-Weisel-WEB.jpg\" rel=\"lightbox[3724]\"><img loading=\"lazy\" decoding=\"async\" class=\"alignleft size-thumbnail wp-image-3720\" src=\"https:\/\/www.rc03-ilbenstadt.de\/wp-content\/uploads\/2015\/06\/B-RC03-150621-06-RTF_Nieder-Weisel-WEB-150x150.jpg\" alt=\"B-RC03-150621-06-RTF_Nieder-Weisel-WEB\" width=\"150\" height=\"150\" \/><\/a><\/td>\n<td><a href=\"https:\/\/www.rc03-ilbenstadt.de\/wp-content\/uploads\/2015\/06\/B-RC03-150621-04-RTF_Nieder-Weisel-WEB.jpg\" rel=\"lightbox[3724]\"><img loading=\"lazy\" decoding=\"async\" class=\"alignleft size-thumbnail wp-image-3718\" src=\"https:\/\/www.rc03-ilbenstadt.de\/wp-content\/uploads\/2015\/06\/B-RC03-150621-04-RTF_Nieder-Weisel-WEB-150x150.jpg\" alt=\"B-RC03-150621-04-RTF_Nieder-Weisel-WEB\" width=\"150\" height=\"150\" \/><\/a><\/td>\n<\/tr>\n<\/tbody>\n<\/table>\n<p>Die Strecken von 48, 76 und 112 Kilometern der &#8222;Kleinen Mittelhessenrundfahrt&#8220; waren so ausgeschildert, dass man Start und Ziel in Nieder-Weisel sicher wieder anfahren konnte. Wenn bei der n\u00e4chsten Tour weniger Schilder auf der linken Stra\u00dfenseite angebracht werden und das ein oder andere Wiederholungsschild etwas dichter hinter der Kreuzung\/Einm\u00fcndung steht, w\u00e4ren hier und da kurze Momente des Zweifelns \u00fcber den Streckenverlauf nicht aufgekommen.<\/p>\n<p>Im Ziel war bei Kaffee, Kuchen, Gegrilltem und k\u00fchlen Getr\u00e4nken das Wetter weiter Thema, der Aspekt lag bei den meisten &#8211; von den Sternfahrern abgesehen &#8211; auf &#8222;Geschafft!&#8220; Im Wettbewerb der BDR-Vereine hatten wir die Nase mit 17 gestarteten Teilnehmern von 20 vorgemeldeten knapp vor dem RV Wanderlust Gambach, der 16 Radlerinnen und Radler von 33 (!) gemeldeten auf die Strecke brachte und dem RV Germania Hungen von deren 20 vorgemeldeten\u00a0 4 nicht wetterfest waren. Die weiteren Pl\u00e4tze belegten RV Klein-Linden (8\/13 TN), RV Ober-M\u00f6rlen (7\/10 TN), RSG Gr\u00fcnberg (6\/7 TN), RSV Oppershofen (5\/10 TN), RV Anspach (3\/4 TN) und letztlich noch die Sandhasen aus W\u00f6lfersheim (2\/6 TN). So bleibt der Wanderpokal wieder mal ein Jahr in Ilbenstadt.<\/p>\n<p>Sehr erfreulich war, dass der RVG Nieder-Weisel neben der &#8222;Kleinen Mittelhessenrundfahrt&#8220; auch ein Volksradfahren im Programm hatte, an dem sich mehrere Schulklassen beteiligten!<\/p>\n<p>Respekt, dass doch noch ein kleines Teilnhmerfeld nach Nieder-Weisel gefunden hat. Jeder RTF-Veranstalter arbeitet mit vielen Helferinnen und Helfern\u00a0 f\u00fcr eine gelungene Sportveranstaltung. Gerade bei schlechten Witterungsverh\u00e4ltnissen sind die Vereine dankbar, wenn sie durch unseren Start Unterst\u00fctzung erfahren.\u00a0 Schlechtwetterfahrten sind gemeinschaftsbildend und bieten Gespr\u00e4chsstoff f\u00fcr lange Radfahrerabende. Danke!<\/p>\n<p>Weitere Impressionen:<\/p>\n<table>\n<tbody>\n<tr>\n<td><a href=\"https:\/\/www.rc03-ilbenstadt.de\/wp-content\/uploads\/2015\/06\/B-RC03-150621-05-RTF_Nieder-Weisel-WEB.jpg\" rel=\"lightbox[3724]\"><img loading=\"lazy\" decoding=\"async\" class=\"alignleft size-thumbnail wp-image-3719\" src=\"https:\/\/www.rc03-ilbenstadt.de\/wp-content\/uploads\/2015\/06\/B-RC03-150621-05-RTF_Nieder-Weisel-WEB-150x150.jpg\" alt=\"B-RC03-150621-05-RTF_Nieder-Weisel-WEB\" width=\"150\" height=\"150\" \/><\/a><\/td>\n<td><a href=\"https:\/\/www.rc03-ilbenstadt.de\/wp-content\/uploads\/2015\/06\/B-RC03-150621-07-RTF_Nieder-Weisel-WEB.jpg\" rel=\"lightbox[3724]\"><img loading=\"lazy\" decoding=\"async\" class=\"alignleft size-thumbnail wp-image-3721\" src=\"https:\/\/www.rc03-ilbenstadt.de\/wp-content\/uploads\/2015\/06\/B-RC03-150621-07-RTF_Nieder-Weisel-WEB-150x150.jpg\" alt=\"B-RC03-150621-07-RTF_Nieder-Weisel-WEB\" width=\"150\" height=\"150\" \/><\/a><\/td>\n<td><a href=\"https:\/\/www.rc03-ilbenstadt.de\/wp-content\/uploads\/2015\/06\/B-RC03-150621-10-RTF_Nieder-Weisel-WEB.jpg\" rel=\"lightbox[3724]\"><img loading=\"lazy\" decoding=\"async\" class=\"alignleft size-thumbnail wp-image-3723\" src=\"https:\/\/www.rc03-ilbenstadt.de\/wp-content\/uploads\/2015\/06\/B-RC03-150621-10-RTF_Nieder-Weisel-WEB-150x150.jpg\" alt=\"B-RC03-150621-10-RTF_Nieder-Weisel-WEB\" width=\"150\" height=\"150\" \/><\/a><\/td>\n<\/tr>\n<tr>\n<td><a href=\"https:\/\/www.rc03-ilbenstadt.de\/wp-content\/uploads\/2015\/06\/B-RC03-150621-09-RTF_Nieder-Weisel-WEB.jpg\" rel=\"lightbox[3724]\"><img loading=\"lazy\" decoding=\"async\" class=\"alignleft size-thumbnail wp-image-3722\" src=\"https:\/\/www.rc03-ilbenstadt.de\/wp-content\/uploads\/2015\/06\/B-RC03-150621-09-RTF_Nieder-Weisel-WEB-150x150.jpg\" alt=\"B-RC03-150621-09-RTF_Nieder-Weisel-WEB\" width=\"150\" height=\"150\" \/><\/a><\/td>\n<td><a href=\"https:\/\/www.rc03-ilbenstadt.de\/wp-content\/uploads\/2015\/06\/B-RC03-150621-10-RTF_Nieder-Weisel-WEB.jpg\" rel=\"lightbox[3724]\"><img loading=\"lazy\" decoding=\"async\" class=\"alignleft size-thumbnail wp-image-3723\" src=\"https:\/\/www.rc03-ilbenstadt.de\/wp-content\/uploads\/2015\/06\/B-RC03-150621-10-RTF_Nieder-Weisel-WEB-150x150.jpg\" alt=\"B-RC03-150621-10-RTF_Nieder-Weisel-WEB\" width=\"150\" height=\"150\" \/><\/a><\/td>\n<td><\/td>\n<\/tr>\n<\/tbody>\n<\/table>\n<p>&nbsp;<\/p>\n","protected":false},"excerpt":{"rendered":"<p>Der Sommerbeginn war von der Wettervorhersage bis zum Nachmittag mit relativ k\u00fchlen Temperaturen, aber trocken vorausgesagt. Das morgendliche Erwachen zeigte Regen und nasse Stra\u00dfen. Gut, eine Vormeldung zur RTF in Nieder-Weisel war abgegeben und eine Verabredung getroffen. Auf Nachfrage \u00e4u\u00dferte &hellip; <a href=\"https:\/\/www.rc03-ilbenstadt.de\/?p=3724\">Weiterlesen <span class=\"meta-nav\">&rarr;<\/span><\/a><\/p>\n","protected":false},"author":9,"featured_media":3717,"comment_status":"closed","ping_status":"closed","sticky":false,"template":"","format":"standard","meta":{"_crdt_document":"","footnotes":""},"categories":[1],"tags":[],"class_list":["post-3724","post","type-post","status-publish","format-standard","has-post-thumbnail","hentry","category-allgemein"],"_links":{"self":[{"href":"https:\/\/www.rc03-ilbenstadt.de\/index.php?rest_route=\/wp\/v2\/posts\/3724","targetHints":{"allow":["GET"]}}],"collection":[{"href":"https:\/\/www.rc03-ilbenstadt.de\/index.php?rest_route=\/wp\/v2\/posts"}],"about":[{"href":"https:\/\/www.rc03-ilbenstadt.de\/index.php?rest_route=\/wp\/v2\/types\/post"}],"author":[{"embeddable":true,"href":"https:\/\/www.rc03-ilbenstadt.de\/index.php?rest_route=\/wp\/v2\/users\/9"}],"replies":[{"embeddable":true,"href":"https:\/\/www.rc03-ilbenstadt.de\/index.php?rest_route=%2Fwp%2Fv2%2Fcomments&post=3724"}],"version-history":[{"count":5,"href":"https:\/\/www.rc03-ilbenstadt.de\/index.php?rest_route=\/wp\/v2\/posts\/3724\/revisions"}],"predecessor-version":[{"id":3739,"href":"https:\/\/www.rc03-ilbenstadt.de\/index.php?rest_route=\/wp\/v2\/posts\/3724\/revisions\/3739"}],"wp:featuredmedia":[{"embeddable":true,"href":"https:\/\/www.rc03-ilbenstadt.de\/index.php?rest_route=\/wp\/v2\/media\/3717"}],"wp:attachment":[{"href":"https:\/\/www.rc03-ilbenstadt.de\/index.php?rest_route=%2Fwp%2Fv2%2Fmedia&parent=3724"}],"wp:term":[{"taxonomy":"category","embeddable":true,"href":"https:\/\/www.rc03-ilbenstadt.de\/index.php?rest_route=%2Fwp%2Fv2%2Fcategories&post=3724"},{"taxonomy":"post_tag","embeddable":true,"href":"https:\/\/www.rc03-ilbenstadt.de\/index.php?rest_route=%2Fwp%2Fv2%2Ftags&post=3724"}],"curies":[{"name":"wp","href":"https:\/\/api.w.org\/{rel}","templated":true}]}}