{"id":3742,"date":"2015-07-18T09:54:44","date_gmt":"2015-07-18T07:54:44","guid":{"rendered":"http:\/\/www.rc03-ilbenstadt.de\/?p=3742"},"modified":"2015-07-20T14:36:08","modified_gmt":"2015-07-20T12:36:08","slug":"vereinsausflug-2015auf-in-den-rheingaukloster-eberbach-und-eltville-erwarten-uns","status":"publish","type":"post","link":"https:\/\/www.rc03-ilbenstadt.de\/?p=3742","title":{"rendered":"Vereinsausflug 2015<br>Auf in den Rheingau<br>Kloster Eberbach und Eltville erwarten uns"},"content":{"rendered":"<p>Kloster Eberbach, ein ehemaliges Zisterzienserkloster, l\u00e4dt mit seinem im 12. bis 14. Jahrhundert geschaffenen historischen Ensemble ein, kl\u00f6sterlichem Leben nachzusp\u00fcren. Eine Rieslingweinprobe im Cabinetkeller rundet das Erlebte ab, bevor Eltville erkundet wird.<br \/>\nWir laden herzlich zu dieser Fahrt ein!<\/p>\n<p><strong>Kloster Eberbach<\/strong><br \/>\nBernhard von Clairvaux sandte Abt Rudthard mit 12 M\u00f6nchen mit dem Auftrag in den Rheingau, ein Tochterkloster der Prim\u00e4rabtei in Clairvaux zu gr\u00fcnden. Ein Novum, da alle anderen Zisterzienserkl\u00f6ster<!--more--> in Deutschland auf die burgundische Prim\u00e4rabtei Morimond zur\u00fcckgehen. Zur Gr\u00fcndungsgeschichte und der kl\u00f6sterlichen Entwicklung in Eberbach, dem Einfluss auf die Region in Geisteshaltung und wirtschaftlicher Entwicklung bis hin zur Klosteraufl\u00f6sung in 1803 mit Besitzergreifung durch das evangelische F\u00fcrstentum Nassau-Usingen und letztlich der \u00dcberf\u00fchrung in eine Stiftung durch das Land Hesssen, bekommen wir durch unsere F\u00fchrerin\/unseren F\u00fchrer interessante Einblicke. Was die Jahrhunderte \u00fcberdauert hat, der Reformation, ersten S\u00e4kularisationsbestrebungen und Kriegen getrotzt hat, ist das imposante Geb\u00e4udeensemble, das mittelalterliche Baukunst repr\u00e4sentiert, ein einzigartiges Zeugnis der Zisterzienserarchitektur in Europa ablegt, von dem wir uns heute noch gefangen nehmen lassen und das in seiner Struktur dem kl\u00f6sterlichen Leben entsprach. Der Einfluss der Zisterzienser auf den Weinbau in der Region ist allenthalben in den Weinbergen des Rheingaues und in den imposanten Keltern des Klosters, wie sie seit Ende des 17. Jahrhunderts eingesetzt wurden, sichtbar. Wir lassen uns diese Zeit bei einer Rieslingweinprobe in den historischen Mauern auf der Zunge zergehen.<\/p>\n<p><strong>Eltville<\/strong><br \/>\nNach der Klosterf\u00fchrung, der Rieslingweinprobe und dem kulinarischen Abstecher ins Pfortenhaus des Klosters, fahren wir nach Eltville.<br \/>\nEltville, die Wein-, Sekt- und Rosenstadt und seit 2006 auch Gutenbergstadt, wird erstmals schriftlich in der Lebensbeschreibung des Erzbischofs Bardo von Mainz, der 1501 verstarb, erw\u00e4hnt. Dort hie\u00df es noch Altavilla, was im Lateinischen einen h\u00f6her gelegenen Hof bezeichnet, angesichts des nahen Rheins eine nachvollziehbare Ortswahl. Die wechselvolle Geschichte l\u00e4sst sich heute noch an vielen Stellen in der gr\u00f6\u00dften Stadt des Rheingaus ablesen. Ob dies die Kurf\u00fcrstliche Burg (1330) ist, die katholische Pfarrkirche (1350-1440), die alte Schule (16. Jhd.), die Stadtbefestigung mit Martinstor, der Stadtturm, der ab 1753 auch als Gef\u00e4ngnis diente oder der Eltzer Hof (16. Jhd.), wir werden auf jeden Fall viel zu sehen bekommen. Dazu geh\u00f6rt auch das liebevoll gestaltete Rheinufer, das sich mit einer sehenswerten Sicht von Eltville, den Rosenanlagen, einem Weinprobierstand und nicht zuletzt mit dem Rhein selbst zu einem Besuchermagnet entwickelt hat.<br \/>\nWir entdecken die Sch\u00e4tze Eltvilles auf eigene Faust, historische St\u00e4tten, Gastronomie und eine tolle Uferpromenade laden ein.<\/p>\n<table style=\"height: 152px; width: 611px;\" width=\"512\">\n<tbody>\n<tr>\n<td style=\"text-align: left;\" scope=\"row\">Termin:<\/td>\n<td style=\"text-align: left;\" scope=\"row\">Samstag, den 26. September 2015, 09:30 Uhr<\/td>\n<\/tr>\n<tr>\n<td>Abfahrt:<\/td>\n<td>Niddatal-Ilbenstadt, B\u00fcrgerhaus<\/td>\n<\/tr>\n<tr>\n<td>Ziele:<\/td>\n<td>Kloster Eberbach mit F\u00fchrung und Weinprobe, Eltville<\/td>\n<\/tr>\n<tr>\n<td>R\u00fcckfahrt:<\/td>\n<td>Cirka 17:30 Uhr<\/td>\n<\/tr>\n<tr>\n<td>Kosten:<\/td>\n<td>38 EUR f\u00fcr Busfahrt, Begr\u00fc\u00dfungsfr\u00fchst\u00fcck, F\u00fchrung in Kloster Eberbach mit Rieslingweinprobe<\/td>\n<\/tr>\n<tr>\n<td>Anmeldung:<\/td>\n<td>Bei Lutz Delling bis 24. August 2015<br \/>\nTelefon: 06034 86 47, E-Mail: <a title=\"Melde Dich schnell per E-Mail an!\" href=\"mailto:geschaeftsstelle@rc03-ilbenstadt.de\" target=\"_blank\">Gesch\u00e4ftsstelle des RC 03 Ilbenstadt<\/a><\/td>\n<\/tr>\n<tr>\n<td>Links<\/td>\n<td><a href=\"https:\/\/www.rc03-ilbenstadt.de\/wp-content\/uploads\/2015\/07\/RC03-Ausflug_2015-Flyer-01a.pdf\" target=\"_blank\">Flyer zum Vereinsausflug 2015<\/a><br \/>\n<a href=\"https:\/\/www.rc03-ilbenstadt.de\/wp-content\/uploads\/2015\/07\/Ausflug-2015-Anmeldung-Revers-1x.pdf\" target=\"_blank\">Anmeldeformular zum Vereinsausflug 2015<\/a><\/td>\n<\/tr>\n<\/tbody>\n<\/table>\n<p><strong>Impressionen aus Kloster Eberbach und Eltville:<\/strong><\/p>\n<table>\n<tbody>\n<tr>\n<td><a href=\"https:\/\/www.rc03-ilbenstadt.de\/wp-content\/uploads\/2015\/07\/B-RC03-150709-117-Ausflug-KlosterEberbach-Vorfahrt-WEB.jpg\" rel=\"lightbox[3742]\"><img loading=\"lazy\" decoding=\"async\" class=\"alignleft size-thumbnail wp-image-3798\" src=\"https:\/\/www.rc03-ilbenstadt.de\/wp-content\/uploads\/2015\/07\/B-RC03-150709-117-Ausflug-KlosterEberbach-Vorfahrt-WEB-150x150.jpg\" alt=\"B-RC03-150709-117-Ausflug-KlosterEberbach-Vorfahrt-WEB\" width=\"150\" height=\"150\" \/><\/a><\/td>\n<td><a href=\"https:\/\/www.rc03-ilbenstadt.de\/wp-content\/uploads\/2015\/07\/B-RC03-150709-026-Ausflug-KlosterEberbach-Vorfahrt-WEB.jpg\" rel=\"lightbox[3742]\"><img loading=\"lazy\" decoding=\"async\" class=\"alignleft size-thumbnail wp-image-3788\" src=\"https:\/\/www.rc03-ilbenstadt.de\/wp-content\/uploads\/2015\/07\/B-RC03-150709-026-Ausflug-KlosterEberbach-Vorfahrt-WEB-150x150.jpg\" alt=\"B-RC03-150709-026-Ausflug-KlosterEberbach-Vorfahrt-WEB\" width=\"150\" height=\"150\" \/><\/a><\/td>\n<td><a href=\"https:\/\/www.rc03-ilbenstadt.de\/wp-content\/uploads\/2015\/07\/B-RC03-150709-044-Ausflug-KlosterEberbach-Vorfahrt-WEB.jpg\" rel=\"lightbox[3742]\"><img loading=\"lazy\" decoding=\"async\" class=\"alignleft size-thumbnail wp-image-3791\" src=\"https:\/\/www.rc03-ilbenstadt.de\/wp-content\/uploads\/2015\/07\/B-RC03-150709-044-Ausflug-KlosterEberbach-Vorfahrt-WEB-150x150.jpg\" alt=\"B-RC03-150709-044-Ausflug-KlosterEberbach-Vorfahrt-WEB\" width=\"150\" height=\"150\" \/><\/a><\/td>\n<\/tr>\n<tr>\n<td><a href=\"https:\/\/www.rc03-ilbenstadt.de\/wp-content\/uploads\/2015\/07\/B-RC03-150709-032-Ausflug-KlosterEberbach-Vorfahrt-WEB.jpg\" rel=\"lightbox[3742]\"><img loading=\"lazy\" decoding=\"async\" class=\"alignleft size-thumbnail wp-image-3789\" src=\"https:\/\/www.rc03-ilbenstadt.de\/wp-content\/uploads\/2015\/07\/B-RC03-150709-032-Ausflug-KlosterEberbach-Vorfahrt-WEB-150x150.jpg\" alt=\"B-RC03-150709-032-Ausflug-KlosterEberbach-Vorfahrt-WEB\" width=\"150\" height=\"150\" \/><\/a><\/td>\n<td><a href=\"https:\/\/www.rc03-ilbenstadt.de\/wp-content\/uploads\/2015\/07\/B-RC03-150709-040-Ausflug-KlosterEberbach-Vorfahrt-WEB.jpg\" rel=\"lightbox[3742]\"><img loading=\"lazy\" decoding=\"async\" class=\"alignleft size-thumbnail wp-image-3790\" src=\"https:\/\/www.rc03-ilbenstadt.de\/wp-content\/uploads\/2015\/07\/B-RC03-150709-040-Ausflug-KlosterEberbach-Vorfahrt-WEB-150x150.jpg\" alt=\"B-RC03-150709-040-Ausflug-KlosterEberbach-Vorfahrt-WEB\" width=\"150\" height=\"150\" \/><\/a><\/td>\n<td><a href=\"https:\/\/www.rc03-ilbenstadt.de\/wp-content\/uploads\/2015\/07\/B-RC03-150709-048-Ausflug-KlosterEberbach-Vorfahrt-WEB.jpg\" rel=\"lightbox[3742]\"><img loading=\"lazy\" decoding=\"async\" class=\"alignleft size-thumbnail wp-image-3792\" src=\"https:\/\/www.rc03-ilbenstadt.de\/wp-content\/uploads\/2015\/07\/B-RC03-150709-048-Ausflug-KlosterEberbach-Vorfahrt-WEB-150x150.jpg\" alt=\"B-RC03-150709-048-Ausflug-KlosterEberbach-Vorfahrt-WEB\" width=\"150\" height=\"150\" \/><\/a><\/td>\n<\/tr>\n<tr>\n<td><a href=\"https:\/\/www.rc03-ilbenstadt.de\/wp-content\/uploads\/2015\/07\/B-RC03-150709-068-Ausflug-KlosterEberbach-Vorfahrt-WEB.jpg\" rel=\"lightbox[3742]\"><img loading=\"lazy\" decoding=\"async\" class=\"alignleft size-thumbnail wp-image-3793\" src=\"https:\/\/www.rc03-ilbenstadt.de\/wp-content\/uploads\/2015\/07\/B-RC03-150709-068-Ausflug-KlosterEberbach-Vorfahrt-WEB-150x150.jpg\" alt=\"B-RC03-150709-068-Ausflug-KlosterEberbach-Vorfahrt-WEB\" width=\"150\" height=\"150\" \/><\/a><\/td>\n<td><a href=\"https:\/\/www.rc03-ilbenstadt.de\/wp-content\/uploads\/2015\/07\/B-RC03-150709-100-Ausflug-KlosterEberbach-Vorfahrt-WEB.jpg\" rel=\"lightbox[3742]\"><img loading=\"lazy\" decoding=\"async\" class=\"alignleft size-thumbnail wp-image-3796\" src=\"https:\/\/www.rc03-ilbenstadt.de\/wp-content\/uploads\/2015\/07\/B-RC03-150709-100-Ausflug-KlosterEberbach-Vorfahrt-WEB-150x150.jpg\" alt=\"B-RC03-150709-100-Ausflug-KlosterEberbach-Vorfahrt-WEB\" width=\"150\" height=\"150\" \/><\/a><\/td>\n<td><a href=\"https:\/\/www.rc03-ilbenstadt.de\/wp-content\/uploads\/2015\/07\/B-RC03-150709-095-Ausflug-KlosterEberbach-Vorfahrt-WEB.jpg\" rel=\"lightbox[3742]\"><img loading=\"lazy\" decoding=\"async\" class=\"alignleft size-thumbnail wp-image-3794\" src=\"https:\/\/www.rc03-ilbenstadt.de\/wp-content\/uploads\/2015\/07\/B-RC03-150709-095-Ausflug-KlosterEberbach-Vorfahrt-WEB-150x150.jpg\" alt=\"B-RC03-150709-095-Ausflug-KlosterEberbach-Vorfahrt-WEB\" width=\"150\" height=\"150\" \/><\/a><\/td>\n<\/tr>\n<tr>\n<td><a href=\"https:\/\/www.rc03-ilbenstadt.de\/wp-content\/uploads\/2015\/07\/B-RC03-150709-097-Ausflug-KlosterEberbach-Vorfahrt-WEB.jpg\" rel=\"lightbox[3742]\"><img loading=\"lazy\" decoding=\"async\" class=\"alignleft size-thumbnail wp-image-3795\" src=\"https:\/\/www.rc03-ilbenstadt.de\/wp-content\/uploads\/2015\/07\/B-RC03-150709-097-Ausflug-KlosterEberbach-Vorfahrt-WEB-150x150.jpg\" alt=\"B-RC03-150709-097-Ausflug-KlosterEberbach-Vorfahrt-WEB\" width=\"150\" height=\"150\" \/><\/a><\/td>\n<td><a href=\"https:\/\/www.rc03-ilbenstadt.de\/wp-content\/uploads\/2015\/07\/B-RC03-150709-106-Ausflug-KlosterEberbach-Vorfahrt-WEB.jpg\" rel=\"lightbox[3742]\"><img loading=\"lazy\" decoding=\"async\" class=\"alignleft size-thumbnail wp-image-3797\" src=\"https:\/\/www.rc03-ilbenstadt.de\/wp-content\/uploads\/2015\/07\/B-RC03-150709-106-Ausflug-KlosterEberbach-Vorfahrt-WEB-150x150.jpg\" alt=\"B-RC03-150709-106-Ausflug-KlosterEberbach-Vorfahrt-WEB\" width=\"150\" height=\"150\" \/><\/a><\/td>\n<td><\/td>\n<\/tr>\n<tr>\n<td><a href=\"https:\/\/www.rc03-ilbenstadt.de\/wp-content\/uploads\/2015\/07\/B-RC03-150709-141-Ausflug-KlosterEberbach-Vorfahrt-WEB.jpg\" rel=\"lightbox[3742]\"><img loading=\"lazy\" decoding=\"async\" class=\"alignleft size-thumbnail wp-image-3801\" src=\"https:\/\/www.rc03-ilbenstadt.de\/wp-content\/uploads\/2015\/07\/B-RC03-150709-141-Ausflug-KlosterEberbach-Vorfahrt-WEB-150x150.jpg\" alt=\"B-RC03-150709-141-Ausflug-KlosterEberbach-Vorfahrt-WEB\" width=\"150\" height=\"150\" \/><\/a><\/td>\n<td><a href=\"https:\/\/www.rc03-ilbenstadt.de\/wp-content\/uploads\/2015\/07\/B-RC03-150709-138-Ausflug-KlosterEberbach-Vorfahrt-WEB.jpg\" rel=\"lightbox[3742]\"><img loading=\"lazy\" decoding=\"async\" class=\"alignleft size-thumbnail wp-image-3800\" src=\"https:\/\/www.rc03-ilbenstadt.de\/wp-content\/uploads\/2015\/07\/B-RC03-150709-138-Ausflug-KlosterEberbach-Vorfahrt-WEB-150x150.jpg\" alt=\"B-RC03-150709-138-Ausflug-KlosterEberbach-Vorfahrt-WEB\" width=\"150\" height=\"150\" \/><\/a><\/td>\n<td><a href=\"https:\/\/www.rc03-ilbenstadt.de\/wp-content\/uploads\/2015\/07\/B-RC03-150709-135-Ausflug-KlosterEberbach-Vorfahrt-WEB.jpg\" rel=\"lightbox[3742]\"><img loading=\"lazy\" decoding=\"async\" class=\"alignleft size-thumbnail wp-image-3799\" src=\"https:\/\/www.rc03-ilbenstadt.de\/wp-content\/uploads\/2015\/07\/B-RC03-150709-135-Ausflug-KlosterEberbach-Vorfahrt-WEB-150x150.jpg\" alt=\"B-RC03-150709-135-Ausflug-KlosterEberbach-Vorfahrt-WEB\" width=\"150\" height=\"150\" \/><\/a><\/td>\n<\/tr>\n<\/tbody>\n<\/table>\n<p>&nbsp;<\/p>\n","protected":false},"excerpt":{"rendered":"<p>Kloster Eberbach, ein ehemaliges Zisterzienserkloster, l\u00e4dt mit seinem im 12. bis 14. Jahrhundert geschaffenen historischen Ensemble ein, kl\u00f6sterlichem Leben nachzusp\u00fcren. Eine Rieslingweinprobe im Cabinetkeller rundet das Erlebte ab, bevor Eltville erkundet wird. Wir laden herzlich zu dieser Fahrt ein! Kloster &hellip; <a href=\"https:\/\/www.rc03-ilbenstadt.de\/?p=3742\">Weiterlesen <span class=\"meta-nav\">&rarr;<\/span><\/a><\/p>\n","protected":false},"author":9,"featured_media":3793,"comment_status":"closed","ping_status":"closed","sticky":false,"template":"","format":"standard","meta":{"_crdt_document":"","footnotes":""},"categories":[1],"tags":[],"class_list":["post-3742","post","type-post","status-publish","format-standard","has-post-thumbnail","hentry","category-allgemein"],"_links":{"self":[{"href":"https:\/\/www.rc03-ilbenstadt.de\/index.php?rest_route=\/wp\/v2\/posts\/3742","targetHints":{"allow":["GET"]}}],"collection":[{"href":"https:\/\/www.rc03-ilbenstadt.de\/index.php?rest_route=\/wp\/v2\/posts"}],"about":[{"href":"https:\/\/www.rc03-ilbenstadt.de\/index.php?rest_route=\/wp\/v2\/types\/post"}],"author":[{"embeddable":true,"href":"https:\/\/www.rc03-ilbenstadt.de\/index.php?rest_route=\/wp\/v2\/users\/9"}],"replies":[{"embeddable":true,"href":"https:\/\/www.rc03-ilbenstadt.de\/index.php?rest_route=%2Fwp%2Fv2%2Fcomments&post=3742"}],"version-history":[{"count":6,"href":"https:\/\/www.rc03-ilbenstadt.de\/index.php?rest_route=\/wp\/v2\/posts\/3742\/revisions"}],"predecessor-version":[{"id":3810,"href":"https:\/\/www.rc03-ilbenstadt.de\/index.php?rest_route=\/wp\/v2\/posts\/3742\/revisions\/3810"}],"wp:featuredmedia":[{"embeddable":true,"href":"https:\/\/www.rc03-ilbenstadt.de\/index.php?rest_route=\/wp\/v2\/media\/3793"}],"wp:attachment":[{"href":"https:\/\/www.rc03-ilbenstadt.de\/index.php?rest_route=%2Fwp%2Fv2%2Fmedia&parent=3742"}],"wp:term":[{"taxonomy":"category","embeddable":true,"href":"https:\/\/www.rc03-ilbenstadt.de\/index.php?rest_route=%2Fwp%2Fv2%2Fcategories&post=3742"},{"taxonomy":"post_tag","embeddable":true,"href":"https:\/\/www.rc03-ilbenstadt.de\/index.php?rest_route=%2Fwp%2Fv2%2Ftags&post=3742"}],"curies":[{"name":"wp","href":"https:\/\/api.w.org\/{rel}","templated":true}]}}