{"id":3829,"date":"2015-07-13T17:30:17","date_gmt":"2015-07-13T15:30:17","guid":{"rendered":"http:\/\/www.rc03-ilbenstadt.de\/?p=3829"},"modified":"2015-09-21T08:44:21","modified_gmt":"2015-09-21T06:44:21","slug":"110-jahre-arc-pfeil-hasslochunser-partnerverein","status":"publish","type":"post","link":"https:\/\/www.rc03-ilbenstadt.de\/?p=3829","title":{"rendered":"110 Jahre ARC Pfeil Ha\u00dfloch<br>Unser Partnerverein"},"content":{"rendered":"<p>110 Jahre ARC Pfeil Ha\u00dfloch &#8211; Dieses Jubil\u00e4um feierte unser Partnerverein am Samstag, dem 11. Juli 2015 in Ha\u00dfloch auf der vereinseigenen Radrennbahn. Unsere Partnerschaft, die am 9. September 1984 in Ilbenstadt mit der feierlichen Unterzeichnung der Partnerschaftsurkunden besiegelt wurde, hatte lange Zeit brach gelegen. Was in den Hochzeiten der Radtouristik &#8211; seinerzeit noch mit unserem Fachwart Werner B\u00fcrgin &#8211; noch rege gelebt wurde und f\u00fcr uns in der j\u00e4hrlichen Busreise zur RTF nach Ha\u00dfloch gipfelte, wurde dann nach Wegfall der RTF in Ha\u00dfloch immer weniger. Auf beiden Seiten fehlten auch sukzessive die<!--more--> aktiven Vereinsmitglieder, die eine Partnerschaft immer wieder mit Leben erf\u00fcllen konnten.<br \/>\nDie Freude war gro\u00df, als uns jetzt die Einladung zum 110-j\u00e4hrigen Jubil\u00e4um erreichte. Wir nahmen mit einer kleinen Abordnung an dieser Feier teil, die als &#8222;Terrassenfest&#8220; gestaltet war. Der neue Restaurantp\u00e4chter hat ein schmackhaftes Buffet auf die Beine gestellt und die kleine Gemeinschaft der feiernden Vereinsmitglieder und deren G\u00e4ste konnten einen gem\u00fctlichen Abend miteinander verbringen, bei dem viele sch\u00f6ne Erinnerungen wieder abgerufen werden konnten. Viele unserer Fahrten waren besondere Erlebnisse, die sich mit vielen Namen und tollen Geschichten verbunden haben. In Erinnerungen schwelgend wurde auch die Idee geboren, die Partnerschaft zum ARC Pfeil Ha\u00dfloch wieder mit einer kombinierten Rad- und Busreise zu beleben.<\/p>\n<p>Der neue Vorsitzende Oliver Franke lie\u00df in seiner Festrede die 110 Jahre kurz Revue passieren, w\u00fcrdigte die Arbeit der aktiven Mitglieder und sprach die Hoffnung aus, dass zuk\u00fcnftig der Mitgliederschwund gestoppt und das Vereinsleben wieder bereichert wird.\u00a0 Der B\u00fcrgermeister, Herr Lothar Lorch, war gerne gekommen und zeigte, dass er ein Kenner der Radsportgeschichte Ha\u00dflochs ist. Detailreich ging er auf diese ein und sicherte der Vereinsf\u00fchrung die Unterst\u00fctzung der Stadt bei der Organisation und Durchf\u00fchrung von Radrennen zu.<\/p>\n<p>Nach den Festansprachen klang der Sommerabend auf der Terasse des Vereinsgel\u00e4ndes aus. Wir freuen uns auf ein Wiedersehen. Als n\u00e4chster Termin ist unsere RTF am 13. September ins Auge gefasst.<\/p>\n<p>Impressionen vom Terrassenfest aus Ha\u00dfloch:<\/p>\n<table>\n<tbody>\n<tr>\n<td><a href=\"https:\/\/www.rc03-ilbenstadt.de\/wp-content\/uploads\/2015\/07\/B-RC03-150711-01-ARC_PfeilHa\u00dfloch-110Jahre-WEB.jpg\" rel=\"lightbox[3829]\"><img loading=\"lazy\" decoding=\"async\" class=\"alignleft size-thumbnail wp-image-3811\" src=\"https:\/\/www.rc03-ilbenstadt.de\/wp-content\/uploads\/2015\/07\/B-RC03-150711-01-ARC_PfeilHa\u00dfloch-110Jahre-WEB-150x150.jpg\" alt=\"B-RC03-150711-01-ARC_PfeilHa\u00dfloch-110Jahre-WEB\" width=\"150\" height=\"150\" \/><\/a><\/td>\n<td><a href=\"https:\/\/www.rc03-ilbenstadt.de\/wp-content\/uploads\/2015\/07\/B-RC03-150711-02-ARC_PfeilHa\u00dfloch-110Jahre-WEB.jpg\" rel=\"lightbox[3829]\"><img loading=\"lazy\" decoding=\"async\" class=\"alignleft size-thumbnail wp-image-3812\" src=\"https:\/\/www.rc03-ilbenstadt.de\/wp-content\/uploads\/2015\/07\/B-RC03-150711-02-ARC_PfeilHa\u00dfloch-110Jahre-WEB-150x150.jpg\" alt=\"B-RC03-150711-02-ARC_PfeilHa\u00dfloch-110Jahre-WEB\" width=\"150\" height=\"150\" \/><\/a><\/td>\n<td><a href=\"https:\/\/www.rc03-ilbenstadt.de\/wp-content\/uploads\/2015\/07\/B-RC03-150711-07-ARC_PfeilHa\u00dfloch-110Jahre-WEB.jpg\" rel=\"lightbox[3829]\"><img loading=\"lazy\" decoding=\"async\" class=\"alignleft size-thumbnail wp-image-3817\" src=\"https:\/\/www.rc03-ilbenstadt.de\/wp-content\/uploads\/2015\/07\/B-RC03-150711-07-ARC_PfeilHa\u00dfloch-110Jahre-WEB-150x150.jpg\" alt=\"B-RC03-150711-07-ARC_PfeilHa\u00dfloch-110Jahre-WEB\" width=\"150\" height=\"150\" \/><\/a><\/td>\n<\/tr>\n<tr>\n<td><a href=\"https:\/\/www.rc03-ilbenstadt.de\/wp-content\/uploads\/2015\/07\/B-RC03-150711-05-ARC_PfeilHa\u00dfloch-110Jahre-WEB.jpg\" rel=\"lightbox[3829]\"><img loading=\"lazy\" decoding=\"async\" class=\"alignleft size-thumbnail wp-image-3815\" src=\"https:\/\/www.rc03-ilbenstadt.de\/wp-content\/uploads\/2015\/07\/B-RC03-150711-05-ARC_PfeilHa\u00dfloch-110Jahre-WEB-150x150.jpg\" alt=\"B-RC03-150711-05-ARC_PfeilHa\u00dfloch-110Jahre-WEB\" width=\"150\" height=\"150\" \/><\/a><\/td>\n<td><a href=\"https:\/\/www.rc03-ilbenstadt.de\/wp-content\/uploads\/2015\/07\/B-RC03-150711-17-ARC_PfeilHa\u00dfloch-110Jahre-WEB.jpg\" rel=\"lightbox[3829]\"><img loading=\"lazy\" decoding=\"async\" class=\"alignleft size-thumbnail wp-image-3827\" src=\"https:\/\/www.rc03-ilbenstadt.de\/wp-content\/uploads\/2015\/07\/B-RC03-150711-17-ARC_PfeilHa\u00dfloch-110Jahre-WEB-150x150.jpg\" alt=\"B-RC03-150711-17-ARC_PfeilHa\u00dfloch-110Jahre-WEB\" width=\"150\" height=\"150\" \/><\/a><\/td>\n<td><a href=\"https:\/\/www.rc03-ilbenstadt.de\/wp-content\/uploads\/2015\/07\/B-RC03-150711-10-ARC_PfeilHa\u00dfloch-110Jahre-WEB.jpg\" rel=\"lightbox[3829]\"><img loading=\"lazy\" decoding=\"async\" class=\"alignleft size-thumbnail wp-image-3820\" src=\"https:\/\/www.rc03-ilbenstadt.de\/wp-content\/uploads\/2015\/07\/B-RC03-150711-10-ARC_PfeilHa\u00dfloch-110Jahre-WEB-150x150.jpg\" alt=\"B-RC03-150711-10-ARC_PfeilHa\u00dfloch-110Jahre-WEB\" width=\"150\" height=\"150\" \/><\/a><\/td>\n<\/tr>\n<tr>\n<td><a href=\"https:\/\/www.rc03-ilbenstadt.de\/wp-content\/uploads\/2015\/07\/B-RC03-150711-16-ARC_PfeilHa\u00dfloch-110Jahre-WEB.jpg\" rel=\"lightbox[3829]\"><img loading=\"lazy\" decoding=\"async\" class=\"alignleft size-thumbnail wp-image-3826\" src=\"https:\/\/www.rc03-ilbenstadt.de\/wp-content\/uploads\/2015\/07\/B-RC03-150711-16-ARC_PfeilHa\u00dfloch-110Jahre-WEB-150x150.jpg\" alt=\"B-RC03-150711-16-ARC_PfeilHa\u00dfloch-110Jahre-WEB\" width=\"150\" height=\"150\" \/><\/a><\/td>\n<td><a href=\"https:\/\/www.rc03-ilbenstadt.de\/wp-content\/uploads\/2015\/07\/B-RC03-150711-18-ARC_PfeilHa\u00dfloch-110Jahre-WEB.jpg\" rel=\"lightbox[3829]\"><img loading=\"lazy\" decoding=\"async\" class=\"alignleft size-thumbnail wp-image-3828\" src=\"https:\/\/www.rc03-ilbenstadt.de\/wp-content\/uploads\/2015\/07\/B-RC03-150711-18-ARC_PfeilHa\u00dfloch-110Jahre-WEB-150x150.jpg\" alt=\"B-RC03-150711-18-ARC_PfeilHa\u00dfloch-110Jahre-WEB\" width=\"150\" height=\"150\" \/><\/a><\/td>\n<td><a href=\"https:\/\/www.rc03-ilbenstadt.de\/wp-content\/uploads\/2015\/07\/B-RC03-150711-03-ARC_PfeilHa\u00dfloch-110Jahre-WEB.jpg\" rel=\"lightbox[3829]\"><img loading=\"lazy\" decoding=\"async\" class=\"alignleft size-thumbnail wp-image-3813\" src=\"https:\/\/www.rc03-ilbenstadt.de\/wp-content\/uploads\/2015\/07\/B-RC03-150711-03-ARC_PfeilHa\u00dfloch-110Jahre-WEB-150x150.jpg\" alt=\"B-RC03-150711-03-ARC_PfeilHa\u00dfloch-110Jahre-WEB\" width=\"150\" height=\"150\" \/><\/a><\/td>\n<\/tr>\n<tr>\n<td><a href=\"https:\/\/www.rc03-ilbenstadt.de\/wp-content\/uploads\/2015\/07\/B-RC03-150711-13-ARC_PfeilHa\u00dfloch-110Jahre-WEB.jpg\" rel=\"lightbox[3829]\"><img loading=\"lazy\" decoding=\"async\" class=\"alignleft size-thumbnail wp-image-3823\" src=\"https:\/\/www.rc03-ilbenstadt.de\/wp-content\/uploads\/2015\/07\/B-RC03-150711-13-ARC_PfeilHa\u00dfloch-110Jahre-WEB-150x150.jpg\" alt=\"B-RC03-150711-13-ARC_PfeilHa\u00dfloch-110Jahre-WEB\" width=\"150\" height=\"150\" \/><\/a><\/td>\n<td><a href=\"https:\/\/www.rc03-ilbenstadt.de\/wp-content\/uploads\/2015\/07\/B-RC03-150711-15-ARC_PfeilHa\u00dfloch-110Jahre-WEB.jpg\" rel=\"lightbox[3829]\"><img loading=\"lazy\" decoding=\"async\" class=\"alignleft size-thumbnail wp-image-3825\" src=\"https:\/\/www.rc03-ilbenstadt.de\/wp-content\/uploads\/2015\/07\/B-RC03-150711-15-ARC_PfeilHa\u00dfloch-110Jahre-WEB-150x150.jpg\" alt=\"B-RC03-150711-15-ARC_PfeilHa\u00dfloch-110Jahre-WEB\" width=\"150\" height=\"150\" \/><\/a><\/td>\n<td><\/td>\n<\/tr>\n<\/tbody>\n<\/table>\n<p>&nbsp;<\/p>\n","protected":false},"excerpt":{"rendered":"<p>110 Jahre ARC Pfeil Ha\u00dfloch &#8211; Dieses Jubil\u00e4um feierte unser Partnerverein am Samstag, dem 11. Juli 2015 in Ha\u00dfloch auf der vereinseigenen Radrennbahn. Unsere Partnerschaft, die am 9. September 1984 in Ilbenstadt mit der feierlichen Unterzeichnung der Partnerschaftsurkunden besiegelt wurde, &hellip; <a href=\"https:\/\/www.rc03-ilbenstadt.de\/?p=3829\">Weiterlesen <span class=\"meta-nav\">&rarr;<\/span><\/a><\/p>\n","protected":false},"author":9,"featured_media":3817,"comment_status":"closed","ping_status":"closed","sticky":false,"template":"","format":"standard","meta":{"_crdt_document":"","footnotes":""},"categories":[1],"tags":[],"class_list":["post-3829","post","type-post","status-publish","format-standard","has-post-thumbnail","hentry","category-allgemein"],"_links":{"self":[{"href":"https:\/\/www.rc03-ilbenstadt.de\/index.php?rest_route=\/wp\/v2\/posts\/3829","targetHints":{"allow":["GET"]}}],"collection":[{"href":"https:\/\/www.rc03-ilbenstadt.de\/index.php?rest_route=\/wp\/v2\/posts"}],"about":[{"href":"https:\/\/www.rc03-ilbenstadt.de\/index.php?rest_route=\/wp\/v2\/types\/post"}],"author":[{"embeddable":true,"href":"https:\/\/www.rc03-ilbenstadt.de\/index.php?rest_route=\/wp\/v2\/users\/9"}],"replies":[{"embeddable":true,"href":"https:\/\/www.rc03-ilbenstadt.de\/index.php?rest_route=%2Fwp%2Fv2%2Fcomments&post=3829"}],"version-history":[{"count":5,"href":"https:\/\/www.rc03-ilbenstadt.de\/index.php?rest_route=\/wp\/v2\/posts\/3829\/revisions"}],"predecessor-version":[{"id":3950,"href":"https:\/\/www.rc03-ilbenstadt.de\/index.php?rest_route=\/wp\/v2\/posts\/3829\/revisions\/3950"}],"wp:featuredmedia":[{"embeddable":true,"href":"https:\/\/www.rc03-ilbenstadt.de\/index.php?rest_route=\/wp\/v2\/media\/3817"}],"wp:attachment":[{"href":"https:\/\/www.rc03-ilbenstadt.de\/index.php?rest_route=%2Fwp%2Fv2%2Fmedia&parent=3829"}],"wp:term":[{"taxonomy":"category","embeddable":true,"href":"https:\/\/www.rc03-ilbenstadt.de\/index.php?rest_route=%2Fwp%2Fv2%2Fcategories&post=3829"},{"taxonomy":"post_tag","embeddable":true,"href":"https:\/\/www.rc03-ilbenstadt.de\/index.php?rest_route=%2Fwp%2Fv2%2Ftags&post=3829"}],"curies":[{"name":"wp","href":"https:\/\/api.w.org\/{rel}","templated":true}]}}