{"id":3840,"date":"2015-06-28T18:23:34","date_gmt":"2015-06-28T16:23:34","guid":{"rendered":"http:\/\/www.rc03-ilbenstadt.de\/?p=3840"},"modified":"2015-09-21T08:46:42","modified_gmt":"2015-09-21T06:46:42","slug":"grillfest-am-angelteicham-samstag-dem-27-juni-2015","status":"publish","type":"post","link":"https:\/\/www.rc03-ilbenstadt.de\/?p=3840","title":{"rendered":"Grillfest am Angelteich<br>am Samstag, dem 27. Juni 2015"},"content":{"rendered":"<p>Endlich! Unser traditionelles Grillfest am Angelteich konnte nach anf\u00e4nglichen Terminfindungsschwierigkeiten am Samstag gefeiert werden. Unsere Helferinnen und Helfer, Freunde und G\u00f6nner des Vereins standen im Mittelpunkt, ohne deren Einsatz insbesondere die Radtouristikveranstaltungen im Fr\u00fchjahr und im Sommer nicht zu bew\u00e4ltigen w\u00e4ren. So bieten wir der Radsportfamilie, zu der mittlerweile \u00fcber 50 % der Teilnehmerinnen und Teilnehmer geh\u00f6ren, die nicht BDR-Vereinen angeh\u00f6ren, zwei gut organisierte RTF. Dass wir hier gute Arbeit leisten, zeigen die Teilnehmerzahlen.<\/p>\n<p>Zum Grillfest war gutes Wetter angesagt, lediglich ein kurzer,<!--more--> aber heftiger Platzregen, sorgte f\u00fcr Abk\u00fchlung und lie\u00df Zelt und Vordach zum trockenen Feierort werden. Unbeschwert und kurzweilig verging bei Kaffee, Kuchen, W\u00fcrstchen, Steaks, Salaten und k\u00fchlen Getr\u00e4nken die Zeit. Abseits vom Sportgeschehen und Veranstaltungen konnte in geselliger Runde der Austausch gepflegt werden. Schon heute ist sicher, dass ein Grillfest auch 2016 im Programm ist. Unser Dank geh\u00f6rt den Organisatoren und Grillmeistern aus dem Vorstand.<\/p>\n<p>Impressionen vom Grillfest:<\/p>\n<table>\n<tbody>\n<tr>\n<td>\n<p><div id=\"attachment_3837\" style=\"width: 160px\" class=\"wp-caption alignleft\"><a href=\"https:\/\/www.rc03-ilbenstadt.de\/wp-content\/uploads\/2015\/07\/B-RC03-150627-02-Grillfest-WEB.jpg\" rel=\"lightbox[3840]\"><img loading=\"lazy\" decoding=\"async\" aria-describedby=\"caption-attachment-3837\" class=\"size-thumbnail wp-image-3837\" src=\"https:\/\/www.rc03-ilbenstadt.de\/wp-content\/uploads\/2015\/07\/B-RC03-150627-02-Grillfest-WEB-150x150.jpg\" alt=\"SAMSUNG CAMERA PICTURES\" width=\"150\" height=\"150\" \/><\/a><p id=\"caption-attachment-3837\" class=\"wp-caption-text\">Das Grillfest beginnt &#8230;<\/p><\/div><\/td>\n<td>\n<p><div id=\"attachment_3838\" style=\"width: 160px\" class=\"wp-caption alignleft\"><a href=\"https:\/\/www.rc03-ilbenstadt.de\/wp-content\/uploads\/2015\/07\/B-RC03-150627-03-Grillfest-WEB.jpg\" rel=\"lightbox[3840]\"><img loading=\"lazy\" decoding=\"async\" aria-describedby=\"caption-attachment-3838\" class=\"size-thumbnail wp-image-3838\" src=\"https:\/\/www.rc03-ilbenstadt.de\/wp-content\/uploads\/2015\/07\/B-RC03-150627-03-Grillfest-WEB-150x150.jpg\" alt=\"SAMSUNG CAMERA PICTURES\" width=\"150\" height=\"150\" \/><\/a><p id=\"caption-attachment-3838\" class=\"wp-caption-text\">Anfahrt im Regen<\/p><\/div><\/td>\n<\/tr>\n<\/tbody>\n<\/table>\n","protected":false},"excerpt":{"rendered":"<p>Endlich! Unser traditionelles Grillfest am Angelteich konnte nach anf\u00e4nglichen Terminfindungsschwierigkeiten am Samstag gefeiert werden. Unsere Helferinnen und Helfer, Freunde und G\u00f6nner des Vereins standen im Mittelpunkt, ohne deren Einsatz insbesondere die Radtouristikveranstaltungen im Fr\u00fchjahr und im Sommer nicht zu bew\u00e4ltigen &hellip; <a href=\"https:\/\/www.rc03-ilbenstadt.de\/?p=3840\">Weiterlesen <span class=\"meta-nav\">&rarr;<\/span><\/a><\/p>\n","protected":false},"author":9,"featured_media":3836,"comment_status":"closed","ping_status":"closed","sticky":false,"template":"","format":"standard","meta":{"_crdt_document":"","footnotes":""},"categories":[1],"tags":[],"class_list":["post-3840","post","type-post","status-publish","format-standard","has-post-thumbnail","hentry","category-allgemein"],"_links":{"self":[{"href":"https:\/\/www.rc03-ilbenstadt.de\/index.php?rest_route=\/wp\/v2\/posts\/3840","targetHints":{"allow":["GET"]}}],"collection":[{"href":"https:\/\/www.rc03-ilbenstadt.de\/index.php?rest_route=\/wp\/v2\/posts"}],"about":[{"href":"https:\/\/www.rc03-ilbenstadt.de\/index.php?rest_route=\/wp\/v2\/types\/post"}],"author":[{"embeddable":true,"href":"https:\/\/www.rc03-ilbenstadt.de\/index.php?rest_route=\/wp\/v2\/users\/9"}],"replies":[{"embeddable":true,"href":"https:\/\/www.rc03-ilbenstadt.de\/index.php?rest_route=%2Fwp%2Fv2%2Fcomments&post=3840"}],"version-history":[{"count":5,"href":"https:\/\/www.rc03-ilbenstadt.de\/index.php?rest_route=\/wp\/v2\/posts\/3840\/revisions"}],"predecessor-version":[{"id":3951,"href":"https:\/\/www.rc03-ilbenstadt.de\/index.php?rest_route=\/wp\/v2\/posts\/3840\/revisions\/3951"}],"wp:featuredmedia":[{"embeddable":true,"href":"https:\/\/www.rc03-ilbenstadt.de\/index.php?rest_route=\/wp\/v2\/media\/3836"}],"wp:attachment":[{"href":"https:\/\/www.rc03-ilbenstadt.de\/index.php?rest_route=%2Fwp%2Fv2%2Fmedia&parent=3840"}],"wp:term":[{"taxonomy":"category","embeddable":true,"href":"https:\/\/www.rc03-ilbenstadt.de\/index.php?rest_route=%2Fwp%2Fv2%2Fcategories&post=3840"},{"taxonomy":"post_tag","embeddable":true,"href":"https:\/\/www.rc03-ilbenstadt.de\/index.php?rest_route=%2Fwp%2Fv2%2Ftags&post=3840"}],"curies":[{"name":"wp","href":"https:\/\/api.w.org\/{rel}","templated":true}]}}