{"id":3875,"date":"2015-08-20T16:17:59","date_gmt":"2015-08-20T14:17:59","guid":{"rendered":"http:\/\/www.rc03-ilbenstadt.de\/?p=3875"},"modified":"2015-08-20T16:45:44","modified_gmt":"2015-08-20T14:45:44","slug":"die-ilbenstaedter-rtf-mit-trimmtouram-sonntag-dem-13-september-2015-wartet-auf-sie","status":"publish","type":"post","link":"https:\/\/www.rc03-ilbenstadt.de\/?p=3875","title":{"rendered":"Die Ilbenst\u00e4dter RTF mit Trimmtour<br>am Sonntag, dem 13. September 2015 wartet auf Sie"},"content":{"rendered":"<p>Die Vorbereitungen zu unserer Radtourenfahrt &#8222;Rund um Ilbenstadt&#8220; &#8211; die auch zum Tourenprogramm der <a href=\"http:\/\/www.rsb-taunus-wetterau.de\/Download-Bereich\/CTF-RTF\/Folder.pdf\" target=\"_blank\">Wetterautrophy<\/a> z\u00e4hlt &#8211; laufen. Eine Woche vor dem Herbstbeginn entf\u00fchren wir Sie auf sch\u00f6nen Touren \u00fcber 42, 75 oder 114 Kilometern durch die Wetterau und schildern aber auch eine 155-Kilometer-Strecke aus, die den trainierten Radsportlerinnen und Radsportlern die Sch\u00f6nheiten und die Steigungen des Vogelsberg erleben lassen.<br \/>\nWir haben nat\u00fcrlich bestes Radfahrwetter bestellt. Dazu gibt es an den sechs Kontrollstellen Obst, Geb\u00e4ck und Getr\u00e4nke. Unser Streckenservice garantiert eine gut beschilderte Strecke und ist auch f\u00fcr die Pannenhilfe ger\u00fcstet. An Start und Ziel wird wie immer f\u00fcr das leibliche Wohl gesorgt. Hier ist mit Kuchentheke, Grill und Getr\u00e4nken f\u00fcr alle etwas dabei und gibt den Rahmen f\u00fcr einen geselligen Tourenabschluss.<!--more--><\/p>\n<p>Es kann ab 7 Uhr in Niddatal-Ilbenstadt an der Gymnastikhalle gestartet werden. Unsere Trimmfahrerinnen und Trimmfahrer k\u00f6nnen ab 8 Uhr auf die Strecke gehen, die sie auf gut befestigten Wegen 18 Kilometer durch die Flusslandschaft der Nidda und die Feldgemarkung im Umfeld Ilbenstadts f\u00fchren wird.<\/p>\n<p><strong>Zu den Details und Unterlagen zur<\/strong><br \/>\n<a href=\"https:\/\/www.rc03-ilbenstadt.de\/?page_id=3685\" target=\"_blank\">Radtourenfahrt (RTF)<\/a><br \/>\nund zur<br \/>\n<a href=\"https:\/\/www.rc03-ilbenstadt.de\/?page_id=3869\" target=\"_blank\">Familien- und Trimmtour<\/a><\/p>\n<p>Wir laden Sie zu unseren Sp\u00e4tsommertouren nach Ilbenstadt ein.<br \/>\nGastfahrerinnen und -fahrer sind herzlich willkommen.<br \/>\nErfahren sie die Wetterau in der gro\u00dfen Radtourengemeinde!<\/p>\n<p>Ihr RC 03 Ilbenstadt<\/p>\n<p><span style=\"font-size: 14pt; color: #3366ff;\"><strong><span style=\"font-size: 18pt;\">Das Anmeldesystem<\/span> scan&amp;bike<\/strong><\/span><span style=\"background-color: #3366ff; font-size: 14pt;\"><strong><br \/>\n<\/strong><\/span><\/p>\n<p>Wir setzen auch in dieser Veranstaltung das elektronische Anmeldesystem scan&amp;bike ein, das wir erstmals in Hessen zu unserer Fr\u00fchjahrstour genutzt haben. Es bietet f\u00fcr Teilnehmer und Veranstalter Vorteile. Warteschlangen geh\u00f6ren der Vergangenheit an, Startkarten- und Startnummerndruck \u2013 letztere f\u00fcr Teilnehmer ohne Wertungskarte \u2013 erfolgen ebenso automatisiert, wie das Anlegen einer Starterliste mit statistischer Auswertung. Der Datenschutz wird gew\u00e4hrleistet; eine kommerzielle Datennutzung ist ausgeschlossen.<\/p>\n<p>Holen Sie schnell und unkompliziert Ihren QR-Code auf der Internetseite <a title=\"Holen Sie sich hier Ihren QR-Code!\" href=\"http:\/\/scan.bike\" target=\"_blank\">www.scan.bike<\/a>. Testen Sie das System bei unserer Veranstaltung. Wir sind sicher, dass sich das System auch in Hessen ab 2016 als Standard etablieren wird. Ihr QR-Code gilt bei allen Veranstaltungen mit scan&amp;bike in 2015.\u00a0 Auf Wunsch k\u00f6nnen Sie Ihre Leistungen in einer Rangliste bei scan&amp;bike \u00f6ffentlich machen \u2013 Konkurrenz ist das Salz in der Suppe! Fragen beantworten wir Ihnen gerne.<br \/>\nWenn Sie noch keinen QR-Code haben oder sich in der digitalen Welt nicht heimisch f\u00fchlen, gibt es noch\u00a0 das traditionelle Anmeldesystem, das wir selbstverst\u00e4ndlich parallel betreiben.<\/p>\n<p><a href=\"https:\/\/www.rc03-ilbenstadt.de\/wp-content\/uploads\/2015\/03\/scanbike-Logo_rechts-high-95px.jpg\" rel=\"lightbox[3875]\"><img loading=\"lazy\" decoding=\"async\" class=\"alignleft size-full wp-image-3511\" src=\"https:\/\/www.rc03-ilbenstadt.de\/wp-content\/uploads\/2015\/03\/scanbike-Logo_rechts-high-95px.jpg\" alt=\"scan&amp;bike-Logo_rechts-high-95px\" width=\"114\" height=\"95\" \/><\/a><span style=\"font-size: 8pt;\">QR-Code\u00ae\u00a0\u00a0 = eingetragenes Warenzeichen der Denso Wave Incorporated<br \/>\nscan&amp;bike\u00ae = eingetragenes Warenzeichen der J\u00f6rg Homann EDV-Beratung<\/span><\/p>\n<div class=\"single-entry-details\"><\/div>\n<p>&nbsp;<\/p>\n","protected":false},"excerpt":{"rendered":"<p>Die Vorbereitungen zu unserer Radtourenfahrt &#8222;Rund um Ilbenstadt&#8220; &#8211; die auch zum Tourenprogramm der Wetterautrophy z\u00e4hlt &#8211; laufen. Eine Woche vor dem Herbstbeginn entf\u00fchren wir Sie auf sch\u00f6nen Touren \u00fcber 42, 75 oder 114 Kilometern durch die Wetterau und schildern &hellip; <a href=\"https:\/\/www.rc03-ilbenstadt.de\/?p=3875\">Weiterlesen <span class=\"meta-nav\">&rarr;<\/span><\/a><\/p>\n","protected":false},"author":9,"featured_media":3874,"comment_status":"closed","ping_status":"closed","sticky":false,"template":"","format":"standard","meta":{"_crdt_document":"","footnotes":""},"categories":[1],"tags":[],"class_list":["post-3875","post","type-post","status-publish","format-standard","has-post-thumbnail","hentry","category-allgemein"],"_links":{"self":[{"href":"https:\/\/www.rc03-ilbenstadt.de\/index.php?rest_route=\/wp\/v2\/posts\/3875","targetHints":{"allow":["GET"]}}],"collection":[{"href":"https:\/\/www.rc03-ilbenstadt.de\/index.php?rest_route=\/wp\/v2\/posts"}],"about":[{"href":"https:\/\/www.rc03-ilbenstadt.de\/index.php?rest_route=\/wp\/v2\/types\/post"}],"author":[{"embeddable":true,"href":"https:\/\/www.rc03-ilbenstadt.de\/index.php?rest_route=\/wp\/v2\/users\/9"}],"replies":[{"embeddable":true,"href":"https:\/\/www.rc03-ilbenstadt.de\/index.php?rest_route=%2Fwp%2Fv2%2Fcomments&post=3875"}],"version-history":[{"count":5,"href":"https:\/\/www.rc03-ilbenstadt.de\/index.php?rest_route=\/wp\/v2\/posts\/3875\/revisions"}],"predecessor-version":[{"id":3885,"href":"https:\/\/www.rc03-ilbenstadt.de\/index.php?rest_route=\/wp\/v2\/posts\/3875\/revisions\/3885"}],"wp:featuredmedia":[{"embeddable":true,"href":"https:\/\/www.rc03-ilbenstadt.de\/index.php?rest_route=\/wp\/v2\/media\/3874"}],"wp:attachment":[{"href":"https:\/\/www.rc03-ilbenstadt.de\/index.php?rest_route=%2Fwp%2Fv2%2Fmedia&parent=3875"}],"wp:term":[{"taxonomy":"category","embeddable":true,"href":"https:\/\/www.rc03-ilbenstadt.de\/index.php?rest_route=%2Fwp%2Fv2%2Fcategories&post=3875"},{"taxonomy":"post_tag","embeddable":true,"href":"https:\/\/www.rc03-ilbenstadt.de\/index.php?rest_route=%2Fwp%2Fv2%2Ftags&post=3875"}],"curies":[{"name":"wp","href":"https:\/\/api.w.org\/{rel}","templated":true}]}}