{"id":3932,"date":"2015-09-20T14:39:53","date_gmt":"2015-09-20T12:39:53","guid":{"rendered":"http:\/\/www.rc03-ilbenstadt.de\/?p=3932"},"modified":"2015-09-21T08:34:09","modified_gmt":"2015-09-21T06:34:09","slug":"ein-erfolgunsere-herbst-rtf-rund-um-ilbenstadt-mit-familien-und-trimmtour","status":"publish","type":"post","link":"https:\/\/www.rc03-ilbenstadt.de\/?p=3932","title":{"rendered":"Ein Erfolg!<br>Unsere Herbst-RTF &#8222;Rund um Ilbenstadt&#8220;<br> mit Familien- und Trimmtour"},"content":{"rendered":"<p>Wir haben es auch in diesem Herbst wieder geschafft! Wir, das sind unsere 319 Fahrerinnen und Fahrer, die eine unserer RTF-Strecken unter die R\u00e4der genommen haben, das 37-k\u00f6pfige Teilnehmerfeld auf der neuen Trimmstrecke und nicht zuletzt die vielen Helferinnen und Helfer, die wieder mit viel Engagement auf und neben der Strecke diese Radsportveranstaltung organisiert und durchgef\u00fchrt haben.<\/p>\n<p>Die Strecken f\u00fchrten \u00fcber 42, 75, 114 und 155 Kilometer durch die sp\u00e4tsommerlich-fr\u00fchherbstliche Landschaft von Wetterau und Vogelsberg. Das beginnende typische Herbstwetter bescherte uns<!--more--> am Morgen und Vormittag eine Regenpause, nicht ohne den fr\u00fch erwachten Radsportlerinnen und Radsportlern beim Blick aus dem Fenster noch nasse Stra\u00dfen zu zeigen. Doch wer sich hier vom Start abschrecken lie\u00df, verpasste bei sch\u00f6nem Radlerwetter tolle Touren in der Wetterau. Neben der Strecke waren in der sanften H\u00fcgellandschaft abgeerntete Felder im Wechsel mit noch nicht vollst\u00e4ndig geernteten Fl\u00e4chen mit Mais und Zuckerr\u00fcben. Die gro\u00dfe Tour f\u00fchrte in diesem Jahr \u00fcber Hoherodskopf und Taufstein, einem sportlichen und landschaftlichen H\u00f6hepunkt im Vogelsberg. Die neue Streckenf\u00fchrung fand Beifall und wird uns motivieren, diese Strecke trotz des gro\u00dfen Mehraufwandes im Angebot zu belassen.<br \/>\nAn den sechs Kontrollstellen wurden die Teilnehmer mit Getr\u00e4nken, Geb\u00e4ck und Bananen versorgt, so dass die n\u00e4chsten Abschnitte frisch angegangen werden konnten. Ein besonderer Dank geht f\u00fcr die freundliche Unterst\u00fctzung der Ausstattung unserer Kontrollstellen an EDEKA-Neukauf Preiss in Friedberg-Dorheim.<br \/>\nEin kleiner Wermutstropfen stellte die Tourteilung in Friedberg-Dorheim dar. Hier nahmen einige die Beschilderung nicht wahr und gingen versehentlich auf die 42-Kilometertour. Die Tourteilung war mit zwei gro\u00dfen Schildern angek\u00fcndigt und auf jeder Tour fand sich noch ein Hinweis, auf welcher Strecke man sich befindet. Die Beschilderung &#8211; siehe das Foto am Artikelende &#8211; war aus unserer Sicht ausreichend, doch werden wir hier Erg\u00e4nzungen vornehmen, damit sich dieses beidseitige \u00c4rgernis nicht wiederholt.<\/p>\n<p>Eine besondere Freude hat uns mit der Teilnahme von zwei Radsportlern an der RTF unser Partnerverein ARC Pfeil Ha\u00dfloch gemacht. Margitta Franke lie\u00df es sich nicht nehmen, Franz Tobaschus und Dietmar Lutz auf die Strecke zu schicken. Wir hoffen damit, dass sich die Partnerschaft in der Folge neu belebt. Leider waren wir in der Organisation so eingebunden, dass nicht viel Zeit zum Austausch blieb.<\/p>\n<p>Die Trimmstrecke haben die Mannen um unseren Radwanderfachwart Lutz Delling neu konzipiert. Abseits des Stra\u00dfenverkehrs ging es in der Feldgemarkung nach Okarben, Gro\u00df-Karben, Burggr\u00e4fenrode und Nieder-W\u00f6llstadt wieder nach Ilbenstadt. Ortsdurchfahrten wurden vermieden. Auf dieser Strecke setzte sich der Turnverein Ilbenstadt wieder gegen die Freiwillige Feuerwehr Ilbenstadt durch und konnte den Wanderpokal, gestiftet von der Firma <a href=\"http:\/\/www.tc-krebs.de\/\" target=\"_blank\"><strong>TRADE<span style=\"color: #808080;\">CONNECTION<\/span>KREBS<\/strong><\/a> aus Rosbach, verteidigen. Teilnehmende Kinder erhielten f\u00fcr ihre Leistung eine Erinnerungsmedaille.<\/p>\n<p>Am Start und Ziel war wieder Gelegenheit in unserem Veranstaltungszelt hinter der Gymnastikhalle die Veranstaltung ausklingen zu lassen. Die Kuchentheke, f\u00fcr die wir an dieser Stelle den Spenderinnen und Spendern danken, war gut gef\u00fcllt, Kartoffelpuffer mit Apfelmus und Leckeres vom Grill rundeten das Angebot ab.<\/p>\n<p>Zur Siegerehrung richtete Herr B\u00fcrgermeister Dr. Hertel ein Gru\u00dfwort an die Radlerinnen und Radler und \u00fcberreichte den Siegerpokal und den Wanderpokal der Stadt Niddatal an den RV Germania Nieder-Weisel, der mit 13 Teilnehmern das Feld vor RV Ober-M\u00f6rlen, RV Germania Hungen, Radteam Neu-Isenburg sowie RSC Offenbach-B\u00fcrgel anf\u00fchrten.<br \/>\nW\u00e4hrend der Siegerehrung \u00f6ffnete der Himmel seine Schleusen, so dass nicht alle trocken von der Strecke kamen oder auf dem Nachhauseweg dem Regen trotzen mussten. Das tat insgesamt der Stimmung keinen Abbruch.<\/p>\n<p>Wir danken f\u00fcr die Teilnahme an unserer RTF und freuen uns auf ein Wiedersehen, wenn wir 2016 wieder zu unseren Rundfahrten &#8222;Von der Wetterau zum Vogelsberg&#8220; und &#8222;Rund um Ilbenstadt&#8220; einladen.<br \/>\nWir danken unseren engagierten Helferinnen und Helfern, ohne die Radsportveranstaltungen in diesem Rahmen nicht m\u00f6glich sind und allen die uns unterst\u00fctzt haben.<\/p>\n<p>Ihr<br \/>\nRC 03 Ilbenstadt<\/p>\n<p>&nbsp;<\/p>\n<p>Impressionen von und neben der Strecke:<\/p>\n<table>\n<tbody>\n<tr>\n<td><a href=\"https:\/\/www.rc03-ilbenstadt.de\/wp-content\/uploads\/2015\/09\/B-RC03-RTF-150913-001-RC03-Ilbenstadt-Ortsschilder-WEB.jpg\" rel=\"lightbox[3932]\"><img loading=\"lazy\" decoding=\"async\" class=\"alignleft size-thumbnail wp-image-3905\" src=\"https:\/\/www.rc03-ilbenstadt.de\/wp-content\/uploads\/2015\/09\/B-RC03-RTF-150913-001-RC03-Ilbenstadt-Ortsschilder-WEB-150x150.jpg\" alt=\"B-RC03-RTF-150913-001-RC03-Ilbenstadt-Ortsschilder-WEB\" width=\"150\" height=\"150\" \/><\/a><\/td>\n<td><a href=\"https:\/\/www.rc03-ilbenstadt.de\/wp-content\/uploads\/2015\/09\/B-RC03-RTF-150913-003-RC03-Ilbenstadt-WEB.jpg\" rel=\"lightbox[3932]\"><img loading=\"lazy\" decoding=\"async\" class=\"alignleft size-thumbnail wp-image-3907\" src=\"https:\/\/www.rc03-ilbenstadt.de\/wp-content\/uploads\/2015\/09\/B-RC03-RTF-150913-003-RC03-Ilbenstadt-WEB-150x150.jpg\" alt=\"B-RC03-RTF-150913-003-RC03-Ilbenstadt-WEB\" width=\"150\" height=\"150\" \/><\/a><\/td>\n<td><a href=\"https:\/\/www.rc03-ilbenstadt.de\/wp-content\/uploads\/2015\/09\/B-RC03-RTF-150913-007-RC03-Ilbenstadt-WEB.jpg\" rel=\"lightbox[3932]\"><img loading=\"lazy\" decoding=\"async\" class=\"alignleft size-thumbnail wp-image-3911\" src=\"https:\/\/www.rc03-ilbenstadt.de\/wp-content\/uploads\/2015\/09\/B-RC03-RTF-150913-007-RC03-Ilbenstadt-WEB-150x150.jpg\" alt=\"B-RC03-RTF-150913-007-RC03-Ilbenstadt-WEB\" width=\"150\" height=\"150\" \/><\/a><\/td>\n<\/tr>\n<tr>\n<td><a href=\"https:\/\/www.rc03-ilbenstadt.de\/wp-content\/uploads\/2015\/09\/B-RC03-RTF-150913-006-RC03-Ilbenstadt-WEB.jpg\" rel=\"lightbox[3932]\"><img loading=\"lazy\" decoding=\"async\" class=\"alignleft size-thumbnail wp-image-3910\" src=\"https:\/\/www.rc03-ilbenstadt.de\/wp-content\/uploads\/2015\/09\/B-RC03-RTF-150913-006-RC03-Ilbenstadt-WEB-150x150.jpg\" alt=\"B-RC03-RTF-150913-006-RC03-Ilbenstadt-WEB\" width=\"150\" height=\"150\" \/><\/a><\/td>\n<td><a href=\"https:\/\/www.rc03-ilbenstadt.de\/wp-content\/uploads\/2015\/09\/B-RC03-RTF-150913-005-RC03-Ilbenstadt-WEB.jpg\" rel=\"lightbox[3932]\"><img loading=\"lazy\" decoding=\"async\" class=\"alignleft size-thumbnail wp-image-3909\" src=\"https:\/\/www.rc03-ilbenstadt.de\/wp-content\/uploads\/2015\/09\/B-RC03-RTF-150913-005-RC03-Ilbenstadt-WEB-150x150.jpg\" alt=\"B-RC03-RTF-150913-005-RC03-Ilbenstadt-WEB\" width=\"150\" height=\"150\" \/><\/a><\/td>\n<td><a href=\"https:\/\/www.rc03-ilbenstadt.de\/wp-content\/uploads\/2015\/09\/B-RC03-RTF-150913-027-RC03-Ilbenstadt-Tourteilung_Dorheim-WEB.jpg\" rel=\"lightbox[3932]\"><img loading=\"lazy\" decoding=\"async\" class=\"alignleft size-thumbnail wp-image-3931\" src=\"https:\/\/www.rc03-ilbenstadt.de\/wp-content\/uploads\/2015\/09\/B-RC03-RTF-150913-027-RC03-Ilbenstadt-Tourteilung_Dorheim-WEB-150x150.jpg\" alt=\"B-RC03-RTF-150913-027-RC03-Ilbenstadt-Tourteilung_Dorheim-WEB\" width=\"150\" height=\"150\" \/><\/a><\/td>\n<\/tr>\n<tr>\n<td><\/td>\n<td><\/td>\n<td><span style=\"font-size: 8pt;\">\u00a0Tourteilungsschilder aus<br \/>\nFriedberg-Dorheim<\/span><\/td>\n<\/tr>\n<tr>\n<td><a href=\"https:\/\/www.rc03-ilbenstadt.de\/wp-content\/uploads\/2015\/09\/B-RC03-RTF-150913-010-RC03-Ilbenstadt-K1-Urh_BurkardKling-WEB.jpg\" rel=\"lightbox[3932]\"><img loading=\"lazy\" decoding=\"async\" class=\"alignleft size-thumbnail wp-image-3914\" src=\"https:\/\/www.rc03-ilbenstadt.de\/wp-content\/uploads\/2015\/09\/B-RC03-RTF-150913-010-RC03-Ilbenstadt-K1-Urh_BurkardKling-WEB-150x150.jpg\" alt=\"B-RC03-RTF-150913-010-RC03-Ilbenstadt-K1-Urh_BurkardKling-WEB\" width=\"150\" height=\"150\" \/><\/a><\/td>\n<td><a href=\"https:\/\/www.rc03-ilbenstadt.de\/wp-content\/uploads\/2015\/09\/B-RC03-RTF-150913-011-RC03-Ilbenstadt-K1-Urh_BurkardKling-WEB.jpg\" rel=\"lightbox[3932]\"><img loading=\"lazy\" decoding=\"async\" class=\"alignleft size-thumbnail wp-image-3915\" src=\"https:\/\/www.rc03-ilbenstadt.de\/wp-content\/uploads\/2015\/09\/B-RC03-RTF-150913-011-RC03-Ilbenstadt-K1-Urh_BurkardKling-WEB-150x150.jpg\" alt=\"B-RC03-RTF-150913-011-RC03-Ilbenstadt-K1-Urh_BurkardKling-WEB\" width=\"150\" height=\"150\" \/><\/a><\/td>\n<td><a href=\"https:\/\/www.rc03-ilbenstadt.de\/wp-content\/uploads\/2015\/09\/B-RC03-RTF-150913-013-RC03-Ilbenstadt-K1-Urh_BurkardKling-WEB.jpg\" rel=\"lightbox[3932]\"><img loading=\"lazy\" decoding=\"async\" class=\"alignleft size-thumbnail wp-image-3917\" src=\"https:\/\/www.rc03-ilbenstadt.de\/wp-content\/uploads\/2015\/09\/B-RC03-RTF-150913-013-RC03-Ilbenstadt-K1-Urh_BurkardKling-WEB-150x150.jpg\" alt=\"B-RC03-RTF-150913-013-RC03-Ilbenstadt-K1-Urh_BurkardKling-WEB\" width=\"150\" height=\"150\" \/><\/a><\/td>\n<\/tr>\n<tr>\n<td><span style=\"font-size: 8pt;\">Die Sonne kommt &#8230;<\/span><br \/>\n<span style=\"font-size: 8pt;\">Bild: Burkhard Kling<\/span><\/td>\n<td><span style=\"font-size: 8pt;\">Vor der Kontrolle<\/span><br \/>\n<span style=\"font-size: 8pt;\">Bild: Burkhard Kling<\/span><\/td>\n<td><span style=\"font-size: 8pt;\">Kontrolle bei M\u00fcnzenberg<\/span><br \/>\n<span style=\"font-size: 8pt;\">Bild: Burkhard Kling<\/span><\/td>\n<\/tr>\n<tr>\n<td><a href=\"https:\/\/www.rc03-ilbenstadt.de\/wp-content\/uploads\/2015\/09\/B-RC03-RTF-150913-009-RC03-Ilbenstadt-K1-Urh_BurkardKling-WEB.jpg\" rel=\"lightbox[3932]\"><img loading=\"lazy\" decoding=\"async\" class=\"alignleft size-thumbnail wp-image-3913\" src=\"https:\/\/www.rc03-ilbenstadt.de\/wp-content\/uploads\/2015\/09\/B-RC03-RTF-150913-009-RC03-Ilbenstadt-K1-Urh_BurkardKling-WEB-150x150.jpg\" alt=\"B-RC03-RTF-150913-009-RC03-Ilbenstadt-K1-Urh_BurkardKling-WEB\" width=\"150\" height=\"150\" \/><\/a><\/td>\n<td><a href=\"https:\/\/www.rc03-ilbenstadt.de\/wp-content\/uploads\/2015\/09\/B-RC03-RTF-150913-008-RC03-Ilbenstadt-K1-Urh_BurkardKling-WEB.jpg\" rel=\"lightbox[3932]\"><img loading=\"lazy\" decoding=\"async\" class=\"alignleft size-thumbnail wp-image-3912\" src=\"https:\/\/www.rc03-ilbenstadt.de\/wp-content\/uploads\/2015\/09\/B-RC03-RTF-150913-008-RC03-Ilbenstadt-K1-Urh_BurkardKling-WEB-150x150.jpg\" alt=\"B-RC03-RTF-150913-008-RC03-Ilbenstadt-K1-Urh_BurkardKling-WEB\" width=\"150\" height=\"150\" \/><\/a><\/td>\n<td><a href=\"https:\/\/www.rc03-ilbenstadt.de\/wp-content\/uploads\/2015\/09\/B-RC03-RTF-150913-014-RC03-Ilbenstadt-K1-Urh_BurkardKling-WEB.jpg\" rel=\"lightbox[3932]\"><img loading=\"lazy\" decoding=\"async\" class=\"alignleft size-thumbnail wp-image-3918\" src=\"https:\/\/www.rc03-ilbenstadt.de\/wp-content\/uploads\/2015\/09\/B-RC03-RTF-150913-014-RC03-Ilbenstadt-K1-Urh_BurkardKling-WEB-150x150.jpg\" alt=\"B-RC03-RTF-150913-014-RC03-Ilbenstadt-K1-Urh_BurkardKling-WEB\" width=\"150\" height=\"150\" \/><\/a><\/td>\n<\/tr>\n<tr>\n<td><span style=\"font-size: 8pt;\">Pause &#8230;<br \/>\nBild: Burkhard Kling<\/span><\/td>\n<td><span style=\"font-size: 8pt;\">Pause &#8230;<br \/>\nBild: Burkhard Kling<\/span><\/td>\n<td><span style=\"font-size: 8pt;\">Kontrollstellenbetrieb<br \/>\nBild: Burkhard Kling<\/span><\/td>\n<\/tr>\n<tr>\n<td><a href=\"https:\/\/www.rc03-ilbenstadt.de\/wp-content\/uploads\/2015\/09\/B-RC03-RTF-150913-012-RC03-Ilbenstadt-K1-Urh_BurkardKling-WEB.jpg\" rel=\"lightbox[3932]\"><img loading=\"lazy\" decoding=\"async\" class=\"alignleft size-thumbnail wp-image-3916\" src=\"https:\/\/www.rc03-ilbenstadt.de\/wp-content\/uploads\/2015\/09\/B-RC03-RTF-150913-012-RC03-Ilbenstadt-K1-Urh_BurkardKling-WEB-150x150.jpg\" alt=\"B-RC03-RTF-150913-012-RC03-Ilbenstadt-K1-Urh_BurkardKling-WEB\" width=\"150\" height=\"150\" \/><\/a><\/td>\n<td><a href=\"https:\/\/www.rc03-ilbenstadt.de\/wp-content\/uploads\/2015\/09\/B-RC03-RTF-150913-016-RC03-Ilbenstadt-Siegerehrung-Urh_Dickenberger-WEB.jpg\" rel=\"lightbox[3932]\"><img loading=\"lazy\" decoding=\"async\" class=\"alignleft size-thumbnail wp-image-3920\" src=\"https:\/\/www.rc03-ilbenstadt.de\/wp-content\/uploads\/2015\/09\/B-RC03-RTF-150913-016-RC03-Ilbenstadt-Siegerehrung-Urh_Dickenberger-WEB-150x150.jpg\" alt=\"B-RC03-RTF-150913-016-RC03-Ilbenstadt-Siegerehrung-Urh_Dickenberger-WEB\" width=\"150\" height=\"150\" \/><\/a><\/td>\n<td><a href=\"https:\/\/www.rc03-ilbenstadt.de\/wp-content\/uploads\/2015\/09\/B-RC03-RTF-150913-020-RC03-Ilbenstadt-S-Z-Urh_JohannesContag-WEB.jpg\" rel=\"lightbox[3932]\"><img loading=\"lazy\" decoding=\"async\" class=\"alignleft size-thumbnail wp-image-3924\" src=\"https:\/\/www.rc03-ilbenstadt.de\/wp-content\/uploads\/2015\/09\/B-RC03-RTF-150913-020-RC03-Ilbenstadt-S-Z-Urh_JohannesContag-WEB-150x150.jpg\" alt=\"B-RC03-RTF-150913-020-RC03-Ilbenstadt-S+Z-Urh_JohannesContag-WEB\" width=\"150\" height=\"150\" \/><\/a><\/td>\n<\/tr>\n<tr>\n<td><span style=\"font-size: 8pt;\">M\u00fcnzenburg<br \/>\nBild: Burkhard Kling<\/span><\/td>\n<td><span style=\"font-size: 8pt;\">Siegerehrung<br \/>\nBild: Dr. Udo Dickenberger<\/span><\/td>\n<td><span style=\"font-size: 8pt;\">Grill und Kartoffelpufferzu-<br \/>\nbereitung mit Lutz<\/span><\/td>\n<\/tr>\n<tr>\n<td><a href=\"https:\/\/www.rc03-ilbenstadt.de\/wp-content\/uploads\/2015\/09\/B-RC03-RTF-150913-021-RC03-Ilbenstadt-S-Z-Urh_JohannesContag-WEB.jpg\" rel=\"lightbox[3932]\"><img loading=\"lazy\" decoding=\"async\" class=\"alignleft size-thumbnail wp-image-3925\" src=\"https:\/\/www.rc03-ilbenstadt.de\/wp-content\/uploads\/2015\/09\/B-RC03-RTF-150913-021-RC03-Ilbenstadt-S-Z-Urh_JohannesContag-WEB-150x150.jpg\" alt=\"B-RC03-RTF-150913-021-RC03-Ilbenstadt-S+Z-Urh_JohannesContag-WEB\" width=\"150\" height=\"150\" \/><\/a><\/td>\n<td><\/td>\n<td><\/td>\n<\/tr>\n<tr>\n<td><span style=\"font-size: 8pt;\">Karin hat alles <\/span><br \/>\n<span style=\"font-size: 8pt;\">im Griff<\/span><\/td>\n<td><\/td>\n<td><\/td>\n<\/tr>\n<\/tbody>\n<\/table>\n<p>&nbsp;<\/p>\n","protected":false},"excerpt":{"rendered":"<p>Wir haben es auch in diesem Herbst wieder geschafft! Wir, das sind unsere 319 Fahrerinnen und Fahrer, die eine unserer RTF-Strecken unter die R\u00e4der genommen haben, das 37-k\u00f6pfige Teilnehmerfeld auf der neuen Trimmstrecke und nicht zuletzt die vielen Helferinnen und &hellip; <a href=\"https:\/\/www.rc03-ilbenstadt.de\/?p=3932\">Weiterlesen <span class=\"meta-nav\">&rarr;<\/span><\/a><\/p>\n","protected":false},"author":9,"featured_media":3915,"comment_status":"closed","ping_status":"closed","sticky":false,"template":"","format":"standard","meta":{"_crdt_document":"","footnotes":""},"categories":[1],"tags":[],"class_list":["post-3932","post","type-post","status-publish","format-standard","has-post-thumbnail","hentry","category-allgemein"],"_links":{"self":[{"href":"https:\/\/www.rc03-ilbenstadt.de\/index.php?rest_route=\/wp\/v2\/posts\/3932","targetHints":{"allow":["GET"]}}],"collection":[{"href":"https:\/\/www.rc03-ilbenstadt.de\/index.php?rest_route=\/wp\/v2\/posts"}],"about":[{"href":"https:\/\/www.rc03-ilbenstadt.de\/index.php?rest_route=\/wp\/v2\/types\/post"}],"author":[{"embeddable":true,"href":"https:\/\/www.rc03-ilbenstadt.de\/index.php?rest_route=\/wp\/v2\/users\/9"}],"replies":[{"embeddable":true,"href":"https:\/\/www.rc03-ilbenstadt.de\/index.php?rest_route=%2Fwp%2Fv2%2Fcomments&post=3932"}],"version-history":[{"count":5,"href":"https:\/\/www.rc03-ilbenstadt.de\/index.php?rest_route=\/wp\/v2\/posts\/3932\/revisions"}],"predecessor-version":[{"id":3948,"href":"https:\/\/www.rc03-ilbenstadt.de\/index.php?rest_route=\/wp\/v2\/posts\/3932\/revisions\/3948"}],"wp:featuredmedia":[{"embeddable":true,"href":"https:\/\/www.rc03-ilbenstadt.de\/index.php?rest_route=\/wp\/v2\/media\/3915"}],"wp:attachment":[{"href":"https:\/\/www.rc03-ilbenstadt.de\/index.php?rest_route=%2Fwp%2Fv2%2Fmedia&parent=3932"}],"wp:term":[{"taxonomy":"category","embeddable":true,"href":"https:\/\/www.rc03-ilbenstadt.de\/index.php?rest_route=%2Fwp%2Fv2%2Fcategories&post=3932"},{"taxonomy":"post_tag","embeddable":true,"href":"https:\/\/www.rc03-ilbenstadt.de\/index.php?rest_route=%2Fwp%2Fv2%2Ftags&post=3932"}],"curies":[{"name":"wp","href":"https:\/\/api.w.org\/{rel}","templated":true}]}}