{"id":3953,"date":"2015-09-28T09:00:39","date_gmt":"2015-09-28T07:00:39","guid":{"rendered":"http:\/\/www.rc03-ilbenstadt.de\/?p=3953"},"modified":"2015-10-12T17:41:47","modified_gmt":"2015-10-12T15:41:47","slug":"deutsches-radsportabzeichenzeitfahren-am-3-oktober-in-weckesheim","status":"publish","type":"post","link":"https:\/\/www.rc03-ilbenstadt.de\/?p=3953","title":{"rendered":"Deutsches Radsportabzeichen<br>Zeitfahren am 3. Oktober in Weckesheim"},"content":{"rendered":"<p>Liebe Radsportlerinnen und Radsportler,<\/p>\n<p>auch in diesem Jahr nehmen wir das Zeitfahren f\u00fcr das Deutsche Radsportabzeichen ab. Dazu laden wir f\u00fcr<span style=\"color: #000000;\"><br \/>\n<\/span><\/p>\n<p><strong>Samstag, dem 3. Oktober 2015 von 09:00 Uhr bis 10:00 Uhr (Startfenster)<\/strong><br \/>\n<strong>in 61203 Reichelsheim, Borngasse 18<\/strong><\/p>\n<p>ein. Der <a href=\"http:\/\/www.bikemap.net\/en\/route\/3292110-rc03-ilbenstadt-dra_zeitfahren_20km_151003\/#\/z15\/50.37041,8.86592\/terrain\" target=\"_blank\">Rundkurs f\u00fcr Erwachsene (10 Kilometer)<\/a> ist ausgeschildert. Er muss zweimal durchfahren werden. F\u00fcr Jugendliche ist eine <a href=\"http:\/\/www.bikemap.net\/de\/route\/3292120-rc03-ilbenstadt_zeitfahren_dra_5km\/#\/z16\/50.36287,8.85371\/terrain\" target=\"_blank\">5-Kilometerstrecke<\/a> vorbereitet. <!--more--><br \/>\nWir k\u00f6nnen keine abgesperrte Strecke anbieten und f\u00fchren das Zeitfahren im \u00f6ffentlichen Verkehrsraum durch.<\/p>\n<p>Wir weisen ausdr\u00fccklich darauf hin, dass jede Teilnehmerin\/jeder Teilnehmer nach der Allgemeinen StVO zu fahren hat. Die Versicherung gegen Unfall und Haftpflicht ist Sache des Teilnehmers. Der Veranstalter \u00fcbernimmt keine Haftung. Nachrangig zum eigenen Versicherungsschutz sind Vereinsmitglieder \u00fcber den Landessportbund Hessen abgesichert; Nichtmitglieder sind \u00fcber eine kurzfristige Sportversicherung den Vereinsmitgliedern im Wesentlichen gleichgestellt.<\/p>\n<p>Das Tragen eines Kopfschutzes ist Pflicht. R\u00fcckennummern sind sichtbar zu tragen. Sie sind am Start erh\u00e4ltlich.<br \/>\nDen Weisungen von Streckenposten ist Folge zu leisten.<\/p>\n<p>\u00dcber die Bedingungen des Radsportabzeichens informiert der <a title=\"Informationen zum Radsportabzeichen auf der BDR-Seite\" href=\"http:\/\/breitensport.rad-net.de\/breitensportarten\/radsportabzeichen\/\" target=\"_blank\">Bund Deutscher Radfahrer<\/a>. Unser Pr\u00fcfer Michael Hammann wird Ihre Leistung abnehmen und bescheinigen. R\u00fcckfragen zu dieser Veranstaltung bitten wir per <a title=\"Post an den RC 03 Ilbenstadt\" href=\"mailto:geschaeftsstelle@rc03-ilbenstadt.de\" target=\"_blank\">E-Mail<\/a> an die Gesch\u00e4ftsstelle zu richten.<\/p>\n<p>Wir w\u00fcnschen Ihnen viel Erfolg<\/p>\n<p>Ihr<br \/>\nRC 03 Ilbenstadt<\/p>\n","protected":false},"excerpt":{"rendered":"<p>Liebe Radsportlerinnen und Radsportler, auch in diesem Jahr nehmen wir das Zeitfahren f\u00fcr das Deutsche Radsportabzeichen ab. Dazu laden wir f\u00fcr Samstag, dem 3. Oktober 2015 von 09:00 Uhr bis 10:00 Uhr (Startfenster) in 61203 Reichelsheim, Borngasse 18 ein. Der &hellip; <a href=\"https:\/\/www.rc03-ilbenstadt.de\/?p=3953\">Weiterlesen <span class=\"meta-nav\">&rarr;<\/span><\/a><\/p>\n","protected":false},"author":9,"featured_media":4024,"comment_status":"closed","ping_status":"closed","sticky":false,"template":"","format":"standard","meta":{"_crdt_document":"","footnotes":""},"categories":[1],"tags":[],"class_list":["post-3953","post","type-post","status-publish","format-standard","has-post-thumbnail","hentry","category-allgemein"],"_links":{"self":[{"href":"https:\/\/www.rc03-ilbenstadt.de\/index.php?rest_route=\/wp\/v2\/posts\/3953","targetHints":{"allow":["GET"]}}],"collection":[{"href":"https:\/\/www.rc03-ilbenstadt.de\/index.php?rest_route=\/wp\/v2\/posts"}],"about":[{"href":"https:\/\/www.rc03-ilbenstadt.de\/index.php?rest_route=\/wp\/v2\/types\/post"}],"author":[{"embeddable":true,"href":"https:\/\/www.rc03-ilbenstadt.de\/index.php?rest_route=\/wp\/v2\/users\/9"}],"replies":[{"embeddable":true,"href":"https:\/\/www.rc03-ilbenstadt.de\/index.php?rest_route=%2Fwp%2Fv2%2Fcomments&post=3953"}],"version-history":[{"count":5,"href":"https:\/\/www.rc03-ilbenstadt.de\/index.php?rest_route=\/wp\/v2\/posts\/3953\/revisions"}],"predecessor-version":[{"id":3960,"href":"https:\/\/www.rc03-ilbenstadt.de\/index.php?rest_route=\/wp\/v2\/posts\/3953\/revisions\/3960"}],"wp:featuredmedia":[{"embeddable":true,"href":"https:\/\/www.rc03-ilbenstadt.de\/index.php?rest_route=\/wp\/v2\/media\/4024"}],"wp:attachment":[{"href":"https:\/\/www.rc03-ilbenstadt.de\/index.php?rest_route=%2Fwp%2Fv2%2Fmedia&parent=3953"}],"wp:term":[{"taxonomy":"category","embeddable":true,"href":"https:\/\/www.rc03-ilbenstadt.de\/index.php?rest_route=%2Fwp%2Fv2%2Fcategories&post=3953"},{"taxonomy":"post_tag","embeddable":true,"href":"https:\/\/www.rc03-ilbenstadt.de\/index.php?rest_route=%2Fwp%2Fv2%2Ftags&post=3953"}],"curies":[{"name":"wp","href":"https:\/\/api.w.org\/{rel}","templated":true}]}}