{"id":4032,"date":"2015-10-04T09:09:15","date_gmt":"2015-10-04T07:09:15","guid":{"rendered":"http:\/\/www.rc03-ilbenstadt.de\/?p=4032"},"modified":"2015-10-21T14:11:48","modified_gmt":"2015-10-21T12:11:48","slug":"deutsches-radsportabzeichenideale-wetterbedingungen-beim-zeitfahren-in-weckesheim","status":"publish","type":"post","link":"https:\/\/www.rc03-ilbenstadt.de\/?p=4032","title":{"rendered":"Deutsches Radsportabzeichen<br>Ideale Wetterbedingungen beim Zeitfahren in Weckesheim"},"content":{"rendered":"<p>Ein radsportliches Pendant zum Deutschen Sportabzeichen ist das Deutsche Radsportabzeichen (DRA). Es zeichnet die Tr\u00e4gerin\/den Tr\u00e4ger f\u00fcr eine gute k\u00f6rperliche Leistungsf\u00e4higkeit aus. Das Deutsche Radsportabzeichen kann in den Stufen Bronze, Silber und Gold erworben werden. Die Leistungsanforderungen sind daf\u00fcr noch nach Altersgruppen sowie nach Kindern, Jugendlichen und Erwachsenen differenziert.<br \/>\nZum Deutschen Radsportabzeichen geh\u00f6ren die Disziplinen:<!--more--><\/p>\n<ul>\n<li>Zeitfahren \u00fcber 20 Kilometer f\u00fcr Erwachsene,<br \/>\n5 Kilometer f\u00fcr Kinder und Jugendliche<\/li>\n<li>Streckenfahren auf der Stra\u00dfe oder im Gel\u00e4nde<\/li>\n<li>Saisonleistung<br \/>\nim Radtourenfahren (RTF) oder im Countrytourenfahren (CTF)<br \/>\nDie Saisonleistung kann alternativ\u00a0 durch<\/li>\n<li>Sprint (200m oder 1000 m im fliegenden Start)<br \/>\nund<\/li>\n<li>Geschicklichkeitsfahren<br \/>\nausgeglichen werden.<\/li>\n<\/ul>\n<p>Am 3. Oktober haben sich zwei Frauen und 17 M\u00e4nner der Herausforderung des 20-Kilometer-Zeitfahrens gestellt. Gestartet wurde in Weckesheim auf einem Rundkurs \u00fcber Echzell, Heuchelheim und Reichelsheim, der zweimal zu durchfahren war. F\u00fcr alle Teilnehmerinnen und Teilnehmer war das Zeitfahren die letzte Disziplin zum Erwerb des Deutschen Radsportabzeichens. Die Zeiten waren ansprechend. Christine S. vom Radsportverein Opel 1888 R\u00fcsselsheim hat mit rund 32 Minuten die Tagesbestzeit aufgestellt. Alle Teilnehmer konnten mit ihren beachtlichen Leistungen zufrieden sein. Sie wurden von unserem Pr\u00fcfer Michael Hammann abgenommen, der in diesem Jahr in der Zeitnahme wieder professionell von Hans Sch\u00f6niger unterst\u00fctzt wurde.<\/p>\n<p>Auch im Jahr 2016 werben wir f\u00fcr das Deutsche Radsportabzeichen und bieten neben der Leistungsabnahme in anderen Disziplinen erneut das Zeitfahren\u00a0am 3. Oktober an. Nehmt die Herausforderung an! Mit sportlicher Fitness, die auch trainiert werden kann, ist der Erwerb des Deutschen Radsportabzeichens sicher m\u00f6glich &#8211; der RC 03 Ilbenstadt oder ein Radsportverein in Eurer N\u00e4he sind kompetente Ansprechpartner.<\/p>\n<p>Weblinks:<\/p>\n<ul>\n<li><a href=\"http:\/\/breitensport.rad-net.de\/breitensportarten\/radsportabzeichen\/\" target=\"_blank\">Informationen zum Deutschen Radsportabzeichen beim Bund Deutscher Radfahrer<\/a><\/li>\n<li><a href=\"http:\/\/www.bikemap.net\/en\/route\/3292110-rc03-ilbenstadt-dra_zeitfahren_20km_151003\/\" target=\"_blank\">20-Kilometer-Zeitfahrstrecke 2015<\/a><\/li>\n<li>\u00a0 <a href=\"http:\/\/www.bikemap.net\/en\/route\/3292120-rc03-ilbenstadt_dra_zeitfahren_5km\/\" target=\"_blank\">5-Kilometer-Zeitfahrstrecke 2015<\/a><\/li>\n<\/ul>\n<p>Impressionen vom Zeitfahren:<\/p>\n<table>\n<tbody>\n<tr>\n<td><a href=\"https:\/\/www.rc03-ilbenstadt.de\/wp-content\/uploads\/2015\/10\/B-RC03-151003-39-DRA_Zeitfahren-WEB.jpg\" rel=\"lightbox[4032]\"><img loading=\"lazy\" decoding=\"async\" class=\"alignleft size-thumbnail wp-image-3962\" src=\"https:\/\/www.rc03-ilbenstadt.de\/wp-content\/uploads\/2015\/10\/B-RC03-151003-39-DRA_Zeitfahren-WEB-150x150.jpg\" alt=\"B-RC03-151003-39-DRA_Zeitfahren-WEB\" width=\"150\" height=\"150\" \/><\/a><\/td>\n<td><a href=\"https:\/\/www.rc03-ilbenstadt.de\/wp-content\/uploads\/2015\/10\/B-RC03-151003-07-DRA_Zeitfahren-WEB.jpg\" rel=\"lightbox[4032]\"><img loading=\"lazy\" decoding=\"async\" class=\"alignleft size-thumbnail wp-image-3965\" src=\"https:\/\/www.rc03-ilbenstadt.de\/wp-content\/uploads\/2015\/10\/B-RC03-151003-07-DRA_Zeitfahren-WEB-150x150.jpg\" alt=\"B-RC03-151003-07-DRA_Zeitfahren-WEB\" width=\"150\" height=\"150\" \/><\/a><\/td>\n<td><a href=\"https:\/\/www.rc03-ilbenstadt.de\/wp-content\/uploads\/2015\/10\/B-RC03-151003-06-DRA_Zeitfahren-WEB.jpg\" rel=\"lightbox[4032]\"><img loading=\"lazy\" decoding=\"async\" class=\"alignleft size-thumbnail wp-image-3964\" src=\"https:\/\/www.rc03-ilbenstadt.de\/wp-content\/uploads\/2015\/10\/B-RC03-151003-06-DRA_Zeitfahren-WEB-150x150.jpg\" alt=\"B-RC03-151003-06-DRA_Zeitfahren-WEB\" width=\"150\" height=\"150\" \/><\/a><\/td>\n<\/tr>\n<tr>\n<td><a href=\"https:\/\/www.rc03-ilbenstadt.de\/wp-content\/uploads\/2015\/10\/B-RC03-151003-15-DRA_Zeitfahren-WEB.jpg\" rel=\"lightbox[4032]\"><img loading=\"lazy\" decoding=\"async\" class=\"alignleft size-thumbnail wp-image-3966\" src=\"https:\/\/www.rc03-ilbenstadt.de\/wp-content\/uploads\/2015\/10\/B-RC03-151003-15-DRA_Zeitfahren-WEB-150x150.jpg\" alt=\"B-RC03-151003-15-DRA_Zeitfahren-WEB\" width=\"150\" height=\"150\" \/><\/a><\/td>\n<td><a href=\"https:\/\/www.rc03-ilbenstadt.de\/wp-content\/uploads\/2015\/10\/B-RC03-151003-26-DRA_Zeitfahren-WEB.jpg\" rel=\"lightbox[4032]\"><img loading=\"lazy\" decoding=\"async\" class=\"alignleft size-thumbnail wp-image-3967\" src=\"https:\/\/www.rc03-ilbenstadt.de\/wp-content\/uploads\/2015\/10\/B-RC03-151003-26-DRA_Zeitfahren-WEB-150x150.jpg\" alt=\"B-RC03-151003-26-DRA_Zeitfahren-WEB\" width=\"150\" height=\"150\" \/><\/a><\/td>\n<td><a href=\"https:\/\/www.rc03-ilbenstadt.de\/wp-content\/uploads\/2015\/10\/B-RC03-151003-40-DRA_Zeitfahren-WEB.jpg\" rel=\"lightbox[4032]\"><img loading=\"lazy\" decoding=\"async\" class=\"alignleft size-thumbnail wp-image-3963\" src=\"https:\/\/www.rc03-ilbenstadt.de\/wp-content\/uploads\/2015\/10\/B-RC03-151003-40-DRA_Zeitfahren-WEB-150x150.jpg\" alt=\"B-RC03-151003-40-DRA_Zeitfahren-WEB\" width=\"150\" height=\"150\" \/><\/a><\/td>\n<\/tr>\n<\/tbody>\n<\/table>\n","protected":false},"excerpt":{"rendered":"<p>Ein radsportliches Pendant zum Deutschen Sportabzeichen ist das Deutsche Radsportabzeichen (DRA). Es zeichnet die Tr\u00e4gerin\/den Tr\u00e4ger f\u00fcr eine gute k\u00f6rperliche Leistungsf\u00e4higkeit aus. Das Deutsche Radsportabzeichen kann in den Stufen Bronze, Silber und Gold erworben werden. Die Leistungsanforderungen sind daf\u00fcr noch &hellip; <a href=\"https:\/\/www.rc03-ilbenstadt.de\/?p=4032\">Weiterlesen <span class=\"meta-nav\">&rarr;<\/span><\/a><\/p>\n","protected":false},"author":9,"featured_media":4024,"comment_status":"closed","ping_status":"closed","sticky":false,"template":"","format":"standard","meta":{"_crdt_document":"","footnotes":""},"categories":[1],"tags":[],"class_list":["post-4032","post","type-post","status-publish","format-standard","has-post-thumbnail","hentry","category-allgemein"],"_links":{"self":[{"href":"https:\/\/www.rc03-ilbenstadt.de\/index.php?rest_route=\/wp\/v2\/posts\/4032","targetHints":{"allow":["GET"]}}],"collection":[{"href":"https:\/\/www.rc03-ilbenstadt.de\/index.php?rest_route=\/wp\/v2\/posts"}],"about":[{"href":"https:\/\/www.rc03-ilbenstadt.de\/index.php?rest_route=\/wp\/v2\/types\/post"}],"author":[{"embeddable":true,"href":"https:\/\/www.rc03-ilbenstadt.de\/index.php?rest_route=\/wp\/v2\/users\/9"}],"replies":[{"embeddable":true,"href":"https:\/\/www.rc03-ilbenstadt.de\/index.php?rest_route=%2Fwp%2Fv2%2Fcomments&post=4032"}],"version-history":[{"count":5,"href":"https:\/\/www.rc03-ilbenstadt.de\/index.php?rest_route=\/wp\/v2\/posts\/4032\/revisions"}],"predecessor-version":[{"id":4054,"href":"https:\/\/www.rc03-ilbenstadt.de\/index.php?rest_route=\/wp\/v2\/posts\/4032\/revisions\/4054"}],"wp:featuredmedia":[{"embeddable":true,"href":"https:\/\/www.rc03-ilbenstadt.de\/index.php?rest_route=\/wp\/v2\/media\/4024"}],"wp:attachment":[{"href":"https:\/\/www.rc03-ilbenstadt.de\/index.php?rest_route=%2Fwp%2Fv2%2Fmedia&parent=4032"}],"wp:term":[{"taxonomy":"category","embeddable":true,"href":"https:\/\/www.rc03-ilbenstadt.de\/index.php?rest_route=%2Fwp%2Fv2%2Fcategories&post=4032"},{"taxonomy":"post_tag","embeddable":true,"href":"https:\/\/www.rc03-ilbenstadt.de\/index.php?rest_route=%2Fwp%2Fv2%2Ftags&post=4032"}],"curies":[{"name":"wp","href":"https:\/\/api.w.org\/{rel}","templated":true}]}}