{"id":4056,"date":"2015-10-14T00:42:40","date_gmt":"2015-10-13T22:42:40","guid":{"rendered":"http:\/\/www.rc03-ilbenstadt.de\/?p=4056"},"modified":"2015-10-21T16:35:20","modified_gmt":"2015-10-21T14:35:20","slug":"zur-keltenwelt-am-glaubergradwanderung-am-samstag-dem-17-oktober-2015","status":"publish","type":"post","link":"https:\/\/www.rc03-ilbenstadt.de\/?p=4056","title":{"rendered":"Zur Keltenwelt am Glauberg<br>Radwanderung am Samstag, dem 17. Oktober 2015"},"content":{"rendered":"<p>In Ilbenstadt beginnen wir unsere Zeitreise zur <a title=\"Zur Webseite &quot;www.keltenwelt-glauberg.de&quot;\" href=\"http:\/\/www.keltenwelt-glauberg.de\/\" target=\"_blank\">Keltenwelt am Glauberg<\/a>. Rund 25 Kilometer f\u00fchrt uns diese Radtour auf ruhigen Rad- und Wirtschaftswegen durch die herbstliche Landschaft der Wetterau auf den Glauberg. In der Zeit fahren wir jedoch 2500 Jahre zur\u00fcck und k\u00f6nnen am Glauberg ein Gef\u00fchl daf\u00fcr bekommen, in welcher Welt, unter welchen Bedingungen, mit welcher Kultur und mit welcher Geisteshaltung die Kelten in unserer Region siedelten. Es wird eine spannende KultTour mit Lutz.<\/p>\n<p>Auf dem Glauberg wird gerastet und es kann auf den Spuren der Kelten gewandelt werden. Das 2011 er\u00f6ffnete Museum &#8211; das <!--more-->sicher nicht zuf\u00e4llig Vergleiche zur <a href=\"http:\/\/www.himmelsscheibe-erleben.de\/links\/\" target=\"_blank\">Arche Nebra<\/a> aufkommen l\u00e4sst &#8211; offenbart uns die Welt der Kelten, der arch\u00e4ologische Park mit dem rekonstruierten Grabh\u00fcgel, den mysteri\u00f6sen Wall-Grabensystemen und fr\u00fchkeltischen Wehranlagen macht sie erlebbar.<\/p>\n<p>Der R\u00fcckweg f\u00fchrt uns \u00fcber Lindheim, Altenstadt wieder nach Assenheim und Ilbenstadt. Insgesamt werden wir 51 Kilometer auf dem Rad verbringen und dabei 310 H\u00f6henmeter bew\u00e4ltigen. Die geplante Tour haben wir auf <a href=\"http:\/\/www.bikemap.net\/de\/route\/3301480-rc03-ilbenstadt-rw-ilbenstadt-glauberg\/#\/z12\/50.29175,8.93445\/terrain\" target=\"_blank\">www.bikemap.net<\/a> eingestellt.<\/p>\n<p>Wir freuen uns, mit Ihnen\/Euch auf diese Tour zu gehen. G\u00e4ste sind willkommen.<\/p>\n<p>Wir starten um 10:00 Uhr am B\u00fcrgerhaus in Niddatal-Ilbenstadt, Hanauer Stra\u00dfe 26.<br \/>\nGegen 16:00 Uhr werden wir von dieser Tour wieder zur\u00fcck sein.<br \/>\nEs werden Kosten f\u00fcr die Besichtigung der Keltenwelt anfallen.<\/p>\n<p>&nbsp;<\/p>\n","protected":false},"excerpt":{"rendered":"<p>In Ilbenstadt beginnen wir unsere Zeitreise zur Keltenwelt am Glauberg. Rund 25 Kilometer f\u00fchrt uns diese Radtour auf ruhigen Rad- und Wirtschaftswegen durch die herbstliche Landschaft der Wetterau auf den Glauberg. In der Zeit fahren wir jedoch 2500 Jahre zur\u00fcck &hellip; <a href=\"https:\/\/www.rc03-ilbenstadt.de\/?p=4056\">Weiterlesen <span class=\"meta-nav\">&rarr;<\/span><\/a><\/p>\n","protected":false},"author":9,"featured_media":4055,"comment_status":"closed","ping_status":"closed","sticky":false,"template":"","format":"standard","meta":{"_crdt_document":"","footnotes":""},"categories":[1],"tags":[],"class_list":["post-4056","post","type-post","status-publish","format-standard","has-post-thumbnail","hentry","category-allgemein"],"_links":{"self":[{"href":"https:\/\/www.rc03-ilbenstadt.de\/index.php?rest_route=\/wp\/v2\/posts\/4056","targetHints":{"allow":["GET"]}}],"collection":[{"href":"https:\/\/www.rc03-ilbenstadt.de\/index.php?rest_route=\/wp\/v2\/posts"}],"about":[{"href":"https:\/\/www.rc03-ilbenstadt.de\/index.php?rest_route=\/wp\/v2\/types\/post"}],"author":[{"embeddable":true,"href":"https:\/\/www.rc03-ilbenstadt.de\/index.php?rest_route=\/wp\/v2\/users\/9"}],"replies":[{"embeddable":true,"href":"https:\/\/www.rc03-ilbenstadt.de\/index.php?rest_route=%2Fwp%2Fv2%2Fcomments&post=4056"}],"version-history":[{"count":5,"href":"https:\/\/www.rc03-ilbenstadt.de\/index.php?rest_route=\/wp\/v2\/posts\/4056\/revisions"}],"predecessor-version":[{"id":4065,"href":"https:\/\/www.rc03-ilbenstadt.de\/index.php?rest_route=\/wp\/v2\/posts\/4056\/revisions\/4065"}],"wp:featuredmedia":[{"embeddable":true,"href":"https:\/\/www.rc03-ilbenstadt.de\/index.php?rest_route=\/wp\/v2\/media\/4055"}],"wp:attachment":[{"href":"https:\/\/www.rc03-ilbenstadt.de\/index.php?rest_route=%2Fwp%2Fv2%2Fmedia&parent=4056"}],"wp:term":[{"taxonomy":"category","embeddable":true,"href":"https:\/\/www.rc03-ilbenstadt.de\/index.php?rest_route=%2Fwp%2Fv2%2Fcategories&post=4056"},{"taxonomy":"post_tag","embeddable":true,"href":"https:\/\/www.rc03-ilbenstadt.de\/index.php?rest_route=%2Fwp%2Fv2%2Ftags&post=4056"}],"curies":[{"name":"wp","href":"https:\/\/api.w.org\/{rel}","templated":true}]}}