{"id":4066,"date":"2015-09-27T12:23:20","date_gmt":"2015-09-27T10:23:20","guid":{"rendered":"http:\/\/www.rc03-ilbenstadt.de\/?p=4066"},"modified":"2015-10-14T16:39:29","modified_gmt":"2015-10-14T14:39:29","slug":"unser-vereinsausflug-2015schoene-stunden-in-kloster-eberbach-und-eltville","status":"publish","type":"post","link":"https:\/\/www.rc03-ilbenstadt.de\/?p=4066","title":{"rendered":"Unser Vereinsausflug 2015<br>Sch\u00f6ne Stunden in Kloster Eberbach und Eltville"},"content":{"rendered":"<p>22 Frauen und M\u00e4nner des RC 03 Ilbenstadt brachen am 26. September in den Rheingau auf. Kloster Eberbach und Eltville waren Ziel des Vereinsausfluges.\u00a0 Nach einem z\u00fcnftigen Sektfr\u00fchst\u00fcck trafen wir in dem ehemaligen Zisterzienserkloster ein, das uns mit seinem im 12. bis 14. Jahrhundert geschaffenen Ensemble in den Bann zog.<\/p>\n<p>Eine gut gelaunte F\u00fchrerin, die sprachlich ihre Herkunft aus dem Burgund nicht leugnen konnte und wollte, f\u00fchrte uns durch eines der bedeutensten Kunst- und Kulturdenkm\u00e4ler Deutschlands. Sie brachte uns die reichhaltige und wechselvolle <a href=\"https:\/\/de.wikipedia.org\/wiki\/Kloster_Eberbach\" target=\"_blank\">Geschichte des Klosters<\/a> anschaulich,\u00a0<!--more--> humorvoll und in \u00fcberraschenden Zusammenfassungen schnell n\u00e4her. Dabei fehlte auch nicht die M\u00e4r von dem Schwein, das den Kisselbach \u00fcbersprang, den M\u00f6nchen damit ein Zeichen zur Niederlassung gab und vor allem als Grundlage der Namensgebung gedient haben soll.<br \/>\nVor 1133 siedelten an der Stelle des Klosters Augustiner-Chorherren und Benediktiner, die wegen angeblicher oder tats\u00e4chlicher Zuchtlosigkeit vertrieben wurden. Der Abt Bernhard von Clairvaux sandte einen zisterziensischen Gr\u00fcndungskonvent mit Abt Rudhardt an der Spitze in den Rheingau, der vorhandene Klosteranlagen \u00fcbernahm und in der Folge ein bl\u00fchendes Klosterleben mit all seinen positiven Auspr\u00e4gungen bis hin zum wirtschaftlichen Erfolg, der vor allem im Weinanbau begr\u00fcndet lag, geschaffen hat. Begeisterung und ein ausgepr\u00e4gter Glaube f\u00fcr ein Leben mit Arbeit und Gebet, so vermittelte es unsere F\u00fchrerin anhand der Klosteranlage mit Kirche, Kreuzgang, Schlafs\u00e4len f\u00fcr M\u00f6nche und Laienbr\u00fcder, Speisesaal und Weinkeller musste schon vorhanden sein, um die spartanischen Verh\u00e4ltnisse klaglos und gerne zu ertragen.<\/p>\n<p>Nach dem kurzweiligen Rundgang ging es dann endlich in den kerzenbeleuchteten Cabinetkeller, wo wir zwischen langen Reihen von Weinf\u00e4ssern, den mit <a href=\"https:\/\/de.wikipedia.org\/wiki\/Kellertuch\" target=\"_blank\">schwarzem Schimmel (Kellertuch)<\/a> befallenen W\u00e4nden &#8211; ein Qualit\u00e4tsmerkmal guter Weinkeller! &#8211; zur Rieslingweinprobe \u00fcbergingen. Neben der Weinverkostung h\u00f6rten wir auch Geschichten aus der Verfilmung des Romans &#8222;<a href=\"https:\/\/de.wikipedia.org\/wiki\/Der_Name_der_Rose\" target=\"_blank\">Der Name der Rose<\/a>&#8222;. So sollte eine Szene, in der ein M\u00f6nch den Tod im Badezuber fand just im Cabinetkeller gedreht worden sein. Geschaudert hat uns dies nicht, dann eher noch der kolportierte Umgang mit den Weinen des Klosters durch den mit Whiskey sozialisierten schottischen Hauptdarsteller des Films Sean Connery. Eine sehr vergn\u00fcgliche Weinprobe, die leider auch mal zu Ende ging, rundete den Klosterbesuch ab, bevor es nach einem Mittagessen in der Klostergastst\u00e4tte nach Eltville ging.<\/p>\n<p><a href=\"https:\/\/de.wikipedia.org\/wiki\/Eltville_am_Rhein\" target=\"_blank\">Eltville<\/a>, die Wein, Sekt und Rosen- und seit 2006 auch Gutenbergstadt, wird erstmals schriftlich in der Lebensbeschreibung des Erzbischofs Bardo von Mainz, der 1501 verstarb, erw\u00e4hnt. Dort hie\u00df es noch Altavilla, was im Lateinischen einen h\u00f6her gelegenen Hof bezeichnet, angesichts des nahen Rheins eine nachvollziehbare Ortswahl. Die wechselvolle Geschichte l\u00e4sst sich heute noch an vielen Stellen in der gr\u00f6\u00dften Stadt des Rheingaus ablesen. Wir erkundeten auf eigene Faust die Stadt, lie\u00dfen die Kurf\u00fcrstliche Burg (1330), die katholische Pfarrkirche (1350-1440), die alte Schule (16. Jhd.), die Stadtbefestigung mit Martinstor, den Stadtturm, der ab 1753 auch als Gef\u00e4ngnis diente und den Eltzer Hof (16. Jhd.) auf uns wirken. Letztlich fanden wir an der sehenswerten Rheinpromenade bei einem guten Tropfen wieder zusammen, bevor es zur\u00fcck nach Ilbenstadt ging.<\/p>\n<p>Impressionen des Vereinsausfluges 2015:<\/p>\n<table>\n<tbody>\n<tr>\n<td><a href=\"https:\/\/www.rc03-ilbenstadt.de\/wp-content\/uploads\/2015\/07\/B-RC03-150709-040-Ausflug-KlosterEberbach-Vorfahrt-WEB.jpg\" rel=\"lightbox[4066]\"><img loading=\"lazy\" decoding=\"async\" class=\"alignleft size-thumbnail wp-image-3790\" src=\"https:\/\/www.rc03-ilbenstadt.de\/wp-content\/uploads\/2015\/07\/B-RC03-150709-040-Ausflug-KlosterEberbach-Vorfahrt-WEB-150x150.jpg\" alt=\"B-RC03-150709-040-Ausflug-KlosterEberbach-Vorfahrt-WEB\" width=\"150\" height=\"150\" \/><\/a><\/td>\n<td><a href=\"https:\/\/www.rc03-ilbenstadt.de\/wp-content\/uploads\/2015\/10\/B-RC03-08-Ausflug_2015-Kloster_Eberbach-WEB.jpg\" rel=\"lightbox[4066]\"><img loading=\"lazy\" decoding=\"async\" class=\"alignleft size-thumbnail wp-image-3974\" src=\"https:\/\/www.rc03-ilbenstadt.de\/wp-content\/uploads\/2015\/10\/B-RC03-08-Ausflug_2015-Kloster_Eberbach-WEB-150x150.jpg\" alt=\"B-RC03--08-Ausflug_2015-Kloster_Eberbach-WEB\" width=\"150\" height=\"150\" \/><\/a><\/td>\n<td><a href=\"https:\/\/www.rc03-ilbenstadt.de\/wp-content\/uploads\/2015\/10\/B-RC03-34-Ausflug_2015-Kloster_Eberbach-WEB.jpg\" rel=\"lightbox[4066]\"><img loading=\"lazy\" decoding=\"async\" class=\"alignleft size-thumbnail wp-image-3987\" src=\"https:\/\/www.rc03-ilbenstadt.de\/wp-content\/uploads\/2015\/10\/B-RC03-34-Ausflug_2015-Kloster_Eberbach-WEB-150x150.jpg\" alt=\"B-RC03--34-Ausflug_2015-Kloster_Eberbach-WEB\" width=\"150\" height=\"150\" \/><\/a><\/td>\n<\/tr>\n<tr>\n<td><a href=\"https:\/\/www.rc03-ilbenstadt.de\/wp-content\/uploads\/2015\/10\/B-RC03-23-Ausflug_2015-Kloster_Eberbach-WEB.jpg\" rel=\"lightbox[4066]\"><img loading=\"lazy\" decoding=\"async\" class=\"alignleft size-thumbnail wp-image-3982\" src=\"https:\/\/www.rc03-ilbenstadt.de\/wp-content\/uploads\/2015\/10\/B-RC03-23-Ausflug_2015-Kloster_Eberbach-WEB-150x150.jpg\" alt=\"B-RC03--23-Ausflug_2015-Kloster_Eberbach-WEB\" width=\"150\" height=\"150\" \/><\/a><\/td>\n<td><a href=\"https:\/\/www.rc03-ilbenstadt.de\/wp-content\/uploads\/2015\/10\/B-RC03-10-Ausflug_2015-Kloster_Eberbach-WEB.jpg\" rel=\"lightbox[4066]\"><img loading=\"lazy\" decoding=\"async\" class=\"alignleft size-thumbnail wp-image-3975\" src=\"https:\/\/www.rc03-ilbenstadt.de\/wp-content\/uploads\/2015\/10\/B-RC03-10-Ausflug_2015-Kloster_Eberbach-WEB-150x150.jpg\" alt=\"B-RC03--10-Ausflug_2015-Kloster_Eberbach-WEB\" width=\"150\" height=\"150\" \/><\/a><\/td>\n<td><a href=\"https:\/\/www.rc03-ilbenstadt.de\/wp-content\/uploads\/2015\/10\/B-RC03-28-Ausflug_2015-Kloster_Eberbach-WEB.jpg\" rel=\"lightbox[4066]\"><img loading=\"lazy\" decoding=\"async\" class=\"alignleft size-thumbnail wp-image-3984\" src=\"https:\/\/www.rc03-ilbenstadt.de\/wp-content\/uploads\/2015\/10\/B-RC03-28-Ausflug_2015-Kloster_Eberbach-WEB-150x150.jpg\" alt=\"B-RC03--28-Ausflug_2015-Kloster_Eberbach-WEB\" width=\"150\" height=\"150\" \/><\/a><\/td>\n<\/tr>\n<tr>\n<td><a href=\"https:\/\/www.rc03-ilbenstadt.de\/wp-content\/uploads\/2015\/10\/B-RC03-37-Ausflug_2015-Kloster_Eberbach-WEB.jpg\" rel=\"lightbox[4066]\"><img loading=\"lazy\" decoding=\"async\" class=\"alignleft size-thumbnail wp-image-3988\" src=\"https:\/\/www.rc03-ilbenstadt.de\/wp-content\/uploads\/2015\/10\/B-RC03-37-Ausflug_2015-Kloster_Eberbach-WEB-150x150.jpg\" alt=\"B-RC03--37-Ausflug_2015-Kloster_Eberbach-WEB\" width=\"150\" height=\"150\" \/><\/a><\/td>\n<td><a href=\"https:\/\/www.rc03-ilbenstadt.de\/wp-content\/uploads\/2015\/10\/B-RC03-38-Ausflug_2015-Kloster_Eberbach-WEB.jpg\" rel=\"lightbox[4066]\"><img loading=\"lazy\" decoding=\"async\" class=\"alignleft size-thumbnail wp-image-3989\" src=\"https:\/\/www.rc03-ilbenstadt.de\/wp-content\/uploads\/2015\/10\/B-RC03-38-Ausflug_2015-Kloster_Eberbach-WEB-150x150.jpg\" alt=\"B-RC03--38-Ausflug_2015-Kloster_Eberbach-WEB\" width=\"150\" height=\"150\" \/><\/a><\/td>\n<td><a href=\"https:\/\/www.rc03-ilbenstadt.de\/wp-content\/uploads\/2015\/10\/B-RC03-18-Ausflug_2015-Kloster_Eberbach-WEB.jpg\" rel=\"lightbox[4066]\"><img loading=\"lazy\" decoding=\"async\" class=\"alignleft size-thumbnail wp-image-3978\" src=\"https:\/\/www.rc03-ilbenstadt.de\/wp-content\/uploads\/2015\/10\/B-RC03-18-Ausflug_2015-Kloster_Eberbach-WEB-150x150.jpg\" alt=\"B-RC03--18-Ausflug_2015-Kloster_Eberbach-WEB\" width=\"150\" height=\"150\" \/><\/a><\/td>\n<\/tr>\n<tr>\n<td><a href=\"https:\/\/www.rc03-ilbenstadt.de\/wp-content\/uploads\/2015\/10\/B-RC03-46-Ausflug_2015-Kloster_Eberbach-WEB.jpg\" rel=\"lightbox[4066]\"><img loading=\"lazy\" decoding=\"async\" class=\"alignleft size-thumbnail wp-image-3992\" src=\"https:\/\/www.rc03-ilbenstadt.de\/wp-content\/uploads\/2015\/10\/B-RC03-46-Ausflug_2015-Kloster_Eberbach-WEB-150x150.jpg\" alt=\"B-RC03--46-Ausflug_2015-Kloster_Eberbach-WEB\" width=\"150\" height=\"150\" \/><\/a><\/td>\n<td><a href=\"https:\/\/www.rc03-ilbenstadt.de\/wp-content\/uploads\/2015\/10\/B-RC03-68-Ausflug_2015-Kloster_Eberbach-WEB.jpg\" rel=\"lightbox[4066]\"><img loading=\"lazy\" decoding=\"async\" class=\"alignleft size-thumbnail wp-image-4004\" src=\"https:\/\/www.rc03-ilbenstadt.de\/wp-content\/uploads\/2015\/10\/B-RC03-68-Ausflug_2015-Kloster_Eberbach-WEB-150x150.jpg\" alt=\"B-RC03--68-Ausflug_2015-Kloster_Eberbach-WEB\" width=\"150\" height=\"150\" \/><\/a><\/td>\n<td><\/td>\n<\/tr>\n<tr>\n<td>\u00a0<a href=\"https:\/\/www.rc03-ilbenstadt.de\/wp-content\/uploads\/2015\/10\/B-RC03-75-Ausflug_2015-Kloster_Eberbach-WEB.jpg\" rel=\"lightbox[4066]\"><img loading=\"lazy\" decoding=\"async\" class=\"alignleft size-thumbnail wp-image-4009\" src=\"https:\/\/www.rc03-ilbenstadt.de\/wp-content\/uploads\/2015\/10\/B-RC03-75-Ausflug_2015-Kloster_Eberbach-WEB-150x150.jpg\" alt=\"B-RC03--75-Ausflug_2015-Kloster_Eberbach-WEB\" width=\"150\" height=\"150\" \/><\/a><\/td>\n<td>\u00a0<a href=\"https:\/\/www.rc03-ilbenstadt.de\/wp-content\/uploads\/2015\/10\/B-RC03-56-Ausflug_2015-Kloster_Eberbach-WEB.jpg\" rel=\"lightbox[4066]\"><img loading=\"lazy\" decoding=\"async\" class=\"alignleft size-thumbnail wp-image-3996\" src=\"https:\/\/www.rc03-ilbenstadt.de\/wp-content\/uploads\/2015\/10\/B-RC03-56-Ausflug_2015-Kloster_Eberbach-WEB-150x150.jpg\" alt=\"B-RC03--56-Ausflug_2015-Kloster_Eberbach-WEB\" width=\"150\" height=\"150\" \/><\/a><\/td>\n<td>\u00a0<a href=\"https:\/\/www.rc03-ilbenstadt.de\/wp-content\/uploads\/2015\/10\/B-RC03-61-Ausflug_2015-Kloster_Eberbach-WEB.jpg\" rel=\"lightbox[4066]\"><img loading=\"lazy\" decoding=\"async\" class=\"alignleft size-thumbnail wp-image-3999\" src=\"https:\/\/www.rc03-ilbenstadt.de\/wp-content\/uploads\/2015\/10\/B-RC03-61-Ausflug_2015-Kloster_Eberbach-WEB-150x150.jpg\" alt=\"B-RC03--61-Ausflug_2015-Kloster_Eberbach-WEB\" width=\"150\" height=\"150\" \/><\/a><\/td>\n<\/tr>\n<tr>\n<td><a href=\"https:\/\/www.rc03-ilbenstadt.de\/wp-content\/uploads\/2015\/10\/B-RC03-71-Ausflug_2015-Kloster_Eberbach-WEB.jpg\" rel=\"lightbox[4066]\"><img loading=\"lazy\" decoding=\"async\" class=\"alignleft size-thumbnail wp-image-4007\" src=\"https:\/\/www.rc03-ilbenstadt.de\/wp-content\/uploads\/2015\/10\/B-RC03-71-Ausflug_2015-Kloster_Eberbach-WEB-150x150.jpg\" alt=\"B-RC03--71-Ausflug_2015-Kloster_Eberbach-WEB\" width=\"150\" height=\"150\" \/><\/a><\/td>\n<td><a href=\"https:\/\/www.rc03-ilbenstadt.de\/wp-content\/uploads\/2015\/10\/B-RC03-62-Ausflug_2015-Kloster_Eberbach-WEB.jpg\" rel=\"lightbox[4066]\"><img loading=\"lazy\" decoding=\"async\" class=\"alignleft size-thumbnail wp-image-4000\" src=\"https:\/\/www.rc03-ilbenstadt.de\/wp-content\/uploads\/2015\/10\/B-RC03-62-Ausflug_2015-Kloster_Eberbach-WEB-150x150.jpg\" alt=\"B-RC03--62-Ausflug_2015-Kloster_Eberbach-WEB\" width=\"150\" height=\"150\" \/><\/a><\/td>\n<td><a href=\"https:\/\/www.rc03-ilbenstadt.de\/wp-content\/uploads\/2015\/10\/B-RC03-79-Ausflug_2015-Kloster_Eberbach-WEB.jpg\" rel=\"lightbox[4066]\"><img loading=\"lazy\" decoding=\"async\" class=\"alignleft size-thumbnail wp-image-4010\" src=\"https:\/\/www.rc03-ilbenstadt.de\/wp-content\/uploads\/2015\/10\/B-RC03-79-Ausflug_2015-Kloster_Eberbach-WEB-150x150.jpg\" alt=\"B-RC03--79-Ausflug_2015-Kloster_Eberbach-WEB\" width=\"150\" height=\"150\" \/><\/a><\/td>\n<\/tr>\n<\/tbody>\n<\/table>\n<p>&nbsp;<\/p>\n<p>&nbsp;<\/p>\n<p>&nbsp;<\/p>\n<p>&nbsp;<\/p>\n<p>&nbsp;<\/p>\n<p>&nbsp;<\/p>\n","protected":false},"excerpt":{"rendered":"<p>22 Frauen und M\u00e4nner des RC 03 Ilbenstadt brachen am 26. September in den Rheingau auf. Kloster Eberbach und Eltville waren Ziel des Vereinsausfluges.\u00a0 Nach einem z\u00fcnftigen Sektfr\u00fchst\u00fcck trafen wir in dem ehemaligen Zisterzienserkloster ein, das uns mit seinem im &hellip; <a href=\"https:\/\/www.rc03-ilbenstadt.de\/?p=4066\">Weiterlesen <span class=\"meta-nav\">&rarr;<\/span><\/a><\/p>\n","protected":false},"author":9,"featured_media":3990,"comment_status":"closed","ping_status":"closed","sticky":false,"template":"","format":"standard","meta":{"_crdt_document":"","footnotes":""},"categories":[1],"tags":[],"class_list":["post-4066","post","type-post","status-publish","format-standard","has-post-thumbnail","hentry","category-allgemein"],"_links":{"self":[{"href":"https:\/\/www.rc03-ilbenstadt.de\/index.php?rest_route=\/wp\/v2\/posts\/4066","targetHints":{"allow":["GET"]}}],"collection":[{"href":"https:\/\/www.rc03-ilbenstadt.de\/index.php?rest_route=\/wp\/v2\/posts"}],"about":[{"href":"https:\/\/www.rc03-ilbenstadt.de\/index.php?rest_route=\/wp\/v2\/types\/post"}],"author":[{"embeddable":true,"href":"https:\/\/www.rc03-ilbenstadt.de\/index.php?rest_route=\/wp\/v2\/users\/9"}],"replies":[{"embeddable":true,"href":"https:\/\/www.rc03-ilbenstadt.de\/index.php?rest_route=%2Fwp%2Fv2%2Fcomments&post=4066"}],"version-history":[{"count":5,"href":"https:\/\/www.rc03-ilbenstadt.de\/index.php?rest_route=\/wp\/v2\/posts\/4066\/revisions"}],"predecessor-version":[{"id":4083,"href":"https:\/\/www.rc03-ilbenstadt.de\/index.php?rest_route=\/wp\/v2\/posts\/4066\/revisions\/4083"}],"wp:featuredmedia":[{"embeddable":true,"href":"https:\/\/www.rc03-ilbenstadt.de\/index.php?rest_route=\/wp\/v2\/media\/3990"}],"wp:attachment":[{"href":"https:\/\/www.rc03-ilbenstadt.de\/index.php?rest_route=%2Fwp%2Fv2%2Fmedia&parent=4066"}],"wp:term":[{"taxonomy":"category","embeddable":true,"href":"https:\/\/www.rc03-ilbenstadt.de\/index.php?rest_route=%2Fwp%2Fv2%2Fcategories&post=4066"},{"taxonomy":"post_tag","embeddable":true,"href":"https:\/\/www.rc03-ilbenstadt.de\/index.php?rest_route=%2Fwp%2Fv2%2Ftags&post=4066"}],"curies":[{"name":"wp","href":"https:\/\/api.w.org\/{rel}","templated":true}]}}