{"id":4109,"date":"2015-10-13T15:04:23","date_gmt":"2015-10-13T13:04:23","guid":{"rendered":"http:\/\/www.rc03-ilbenstadt.de\/?p=4109"},"modified":"2015-10-21T17:30:35","modified_gmt":"2015-10-21T15:30:35","slug":"radtourenfahrt-rtf-am-sonntag-dem-4-oktober-2015-in-niederdorfeldendas-rtf-saisonfinale","status":"publish","type":"post","link":"https:\/\/www.rc03-ilbenstadt.de\/?p=4109","title":{"rendered":"Radtourenfahrt (RTF) am Sonntag, dem 4. Oktober 2015 in Niederdorfelden<br>Das RTF-Saisonfinale"},"content":{"rendered":"<p>Nach einer verregneten Woche versprachen uns die Wetterfr\u00f6sche allenthalben einen aufblitzenden goldenen Oktober an diesem Wochenende. Soweit sollte es nicht kommen. Nach dem Aufstehen fiel der Blick auf eine nasse Stra\u00dfe, doch die RTF zum Saisonende rief, hatte man sein Kommen doch fest zugesagt.<\/p>\n<p>Auf der Fahrt nach Niederdorfelden trockneten dann die Stra\u00dfen weitgehend ab und so ging es bei bew\u00f6lktem Himmel und frischen 7\u00b0 Celsius auf die 79-Kilometerstrecke. Das Teilnehmerfeld war sehr \u00fcbersichtlich. Am Ende sollten es gut 350 Starterinnen und Starter gewesen sein, die sich noch auf die Strecken von 46 und 110 Kilometer verteilten.\u00a0 Um es <!--more-->vorweg zu nehmen: Wir teilten nicht das Schicksal einiger Sternfahrer aus dem Raum Frankfurt, denn hier blieb es trocken! Freude machte die Tour durch die herbstliche Wetterau; das Laub der B\u00e4ume begann sich zu verf\u00e4rben, die Felder waren weitgehend abgeerntet, die frisch gezackerten und bestellten Fl\u00e4chen verstr\u00f6mten den typischen Geruch der Erde, Halden von Zuckerr\u00fcben warteten auf die Feldrandabholung. So konnte man die Landschaft genie\u00dfen und seinen Gedanken nachh\u00e4ngen.<\/p>\n<p>An Start und Ziel warteten Kuchentheke und Grill. F\u00fcr viele, die sich au\u00dferhalb der RTF-Saison keine CTF, keine Permanenten und keine Radwanderungen g\u00f6nnen, war diese Veranstaltung auch ein Abschied \u00fcber den Winter von vielen Bekannten und Freunden. Angeregte Gespr\u00e4che waren die Folge, die vielfach in dem Versprechen endeten, sich im M\u00e4rz bei Saisonbeginn wieder zu sehen.<\/p>\n<p>Erfreulich war f\u00fcr den Ausgang des Wettbewerbes der BDR-Vereine, dass wir wieder den ersten Platz mit 20 Startern erringen konnten. So bleibt der Wanderpokal ein weiteres Jahr in Ilbenstadt. Auf den Pl\u00e4tzen folgten der VC Frankfurt (16 Starter), die RVG Hungen (14 Starter) der RC Hattersheim (13 Starter) und das Radteam Neu-Isenburg (12 Starter).<\/p>\n<p>In der jetzt zu Ende gegangenen Saison wurden &#8211; so unser Landesfachwart RTF\/CTF Rolf Feldmann &#8211; von hessischen Vereinen 65 RTF, 26 CTF und 15 Radmarathons angeboten. Dazu kamen 103 Permanente-RTF und -CTF sowie 5 Etappenfahrten. Ein reich gedeckter Tisch! Auch 2016 wird es ein gutes Angebot geben. Einen Vorgeschmack k\u00f6nnt Ihr Euch auf der kurzen <a href=\"https:\/\/www.rc03-ilbenstadt.de\/wp-content\/uploads\/2015\/10\/RTF-CTF_2016-Termine_HE-\u00dcbersicht-RC03-V1.0.pdf\" target=\"_blank\">Vorabzusammenstellung von RTF, CTF und Marathons 2016<\/a> holen. Beachtet auch die Permanenten-RTF\u00a0 mit dem Zusatz &#8222;W&#8220;, die in der Wintersaison zus\u00e4tzlich zu der Sommerfahrt absolviert und gewertet werden.<\/p>\n<p>Wir freuen uns auf die n\u00e4chste RTF-Saison, die Winterangebote 2015\/2016 und auf eine ausgiebige Ruhezeit.<\/p>\n<p>Einige Impressionen aus Niederdorfelden:<\/p>\n<table>\n<tbody>\n<tr>\n<td><a href=\"https:\/\/www.rc03-ilbenstadt.de\/wp-content\/uploads\/2015\/10\/B-RC03-RTF-151004-01-RSC_Niederdorfelden-WEB.jpg\" rel=\"lightbox[4109]\"><img loading=\"lazy\" decoding=\"async\" class=\"alignleft size-thumbnail wp-image-4012\" src=\"https:\/\/www.rc03-ilbenstadt.de\/wp-content\/uploads\/2015\/10\/B-RC03-RTF-151004-01-RSC_Niederdorfelden-WEB-150x150.jpg\" alt=\"B-RC03-RTF-151004-01-RSC_Niederdorfelden-WEB\" width=\"150\" height=\"150\" \/><\/a><\/td>\n<td><a href=\"https:\/\/www.rc03-ilbenstadt.de\/wp-content\/uploads\/2015\/10\/B-RC03-RTF-151004-03-RSC_Niederdorfelden-WEB.jpg\" rel=\"lightbox[4109]\"><img loading=\"lazy\" decoding=\"async\" class=\"alignleft size-thumbnail wp-image-4013\" src=\"https:\/\/www.rc03-ilbenstadt.de\/wp-content\/uploads\/2015\/10\/B-RC03-RTF-151004-03-RSC_Niederdorfelden-WEB-150x150.jpg\" alt=\"B-RC03-RTF-151004-03-RSC_Niederdorfelden-WEB\" width=\"150\" height=\"150\" \/><\/a><\/td>\n<td><a href=\"https:\/\/www.rc03-ilbenstadt.de\/wp-content\/uploads\/2015\/10\/B-RC03-RTF-151004-06-RSC_Niederdorfelden-WEB.jpg\" rel=\"lightbox[4109]\"><img loading=\"lazy\" decoding=\"async\" class=\"alignleft size-thumbnail wp-image-4014\" src=\"https:\/\/www.rc03-ilbenstadt.de\/wp-content\/uploads\/2015\/10\/B-RC03-RTF-151004-06-RSC_Niederdorfelden-WEB-150x150.jpg\" alt=\"B-RC03-RTF-151004-06-RSC_Niederdorfelden-WEB\" width=\"150\" height=\"150\" \/><\/a><\/td>\n<\/tr>\n<tr>\n<td><a href=\"https:\/\/www.rc03-ilbenstadt.de\/wp-content\/uploads\/2015\/10\/B-RC03-RTF-151004-07-RSC_Niederdorfelden-WEB.jpg\" rel=\"lightbox[4109]\"><img loading=\"lazy\" decoding=\"async\" class=\"alignleft size-thumbnail wp-image-4015\" src=\"https:\/\/www.rc03-ilbenstadt.de\/wp-content\/uploads\/2015\/10\/B-RC03-RTF-151004-07-RSC_Niederdorfelden-WEB-150x150.jpg\" alt=\"B-RC03-RTF-151004-07-RSC_Niederdorfelden-WEB\" width=\"150\" height=\"150\" \/><\/a><\/td>\n<td><a href=\"https:\/\/www.rc03-ilbenstadt.de\/wp-content\/uploads\/2015\/10\/B-RC03-RTF-151004-08-RSC_Niederdorfelden-WEB.jpg\" rel=\"lightbox[4109]\"><img loading=\"lazy\" decoding=\"async\" class=\"alignleft size-thumbnail wp-image-4016\" src=\"https:\/\/www.rc03-ilbenstadt.de\/wp-content\/uploads\/2015\/10\/B-RC03-RTF-151004-08-RSC_Niederdorfelden-WEB-150x150.jpg\" alt=\"B-RC03-RTF-151004-08-RSC_Niederdorfelden-WEB\" width=\"150\" height=\"150\" \/><\/a><\/td>\n<td><a href=\"https:\/\/www.rc03-ilbenstadt.de\/wp-content\/uploads\/2015\/10\/B-RC03-RTF-151004-12-RSC_Niederdorfelden-WEB.jpg\" rel=\"lightbox[4109]\"><img loading=\"lazy\" decoding=\"async\" class=\"alignleft size-thumbnail wp-image-4017\" src=\"https:\/\/www.rc03-ilbenstadt.de\/wp-content\/uploads\/2015\/10\/B-RC03-RTF-151004-12-RSC_Niederdorfelden-WEB-150x150.jpg\" alt=\"B-RC03-RTF-151004-12-RSC_Niederdorfelden-WEB\" width=\"150\" height=\"150\" \/><\/a><\/td>\n<\/tr>\n<tr>\n<td><a href=\"https:\/\/www.rc03-ilbenstadt.de\/wp-content\/uploads\/2015\/10\/B-RC03-RTF-151004-19-RSC_Niederdorfelden-WEB.jpg\" rel=\"lightbox[4109]\"><img loading=\"lazy\" decoding=\"async\" class=\"alignleft size-thumbnail wp-image-4021\" src=\"https:\/\/www.rc03-ilbenstadt.de\/wp-content\/uploads\/2015\/10\/B-RC03-RTF-151004-19-RSC_Niederdorfelden-WEB-150x150.jpg\" alt=\"B-RC03-RTF-151004-19-RSC_Niederdorfelden-WEB\" width=\"150\" height=\"150\" \/><\/a><\/td>\n<td><a href=\"https:\/\/www.rc03-ilbenstadt.de\/wp-content\/uploads\/2015\/10\/B-RC03-RTF-151004-21-RSC_Niederdorfelden-WEB.jpg\" rel=\"lightbox[4109]\"><img loading=\"lazy\" decoding=\"async\" class=\"alignleft size-thumbnail wp-image-4022\" src=\"https:\/\/www.rc03-ilbenstadt.de\/wp-content\/uploads\/2015\/10\/B-RC03-RTF-151004-21-RSC_Niederdorfelden-WEB-150x150.jpg\" alt=\"B-RC03-RTF-151004-21-RSC_Niederdorfelden-WEB\" width=\"150\" height=\"150\" \/><\/a><\/td>\n<td><\/td>\n<\/tr>\n<\/tbody>\n<\/table>\n","protected":false},"excerpt":{"rendered":"<p>Nach einer verregneten Woche versprachen uns die Wetterfr\u00f6sche allenthalben einen aufblitzenden goldenen Oktober an diesem Wochenende. Soweit sollte es nicht kommen. Nach dem Aufstehen fiel der Blick auf eine nasse Stra\u00dfe, doch die RTF zum Saisonende rief, hatte man sein &hellip; <a href=\"https:\/\/www.rc03-ilbenstadt.de\/?p=4109\">Weiterlesen <span class=\"meta-nav\">&rarr;<\/span><\/a><\/p>\n","protected":false},"author":9,"featured_media":4022,"comment_status":"closed","ping_status":"closed","sticky":false,"template":"","format":"standard","meta":{"_crdt_document":"","footnotes":""},"categories":[1],"tags":[],"class_list":["post-4109","post","type-post","status-publish","format-standard","has-post-thumbnail","hentry","category-allgemein"],"_links":{"self":[{"href":"https:\/\/www.rc03-ilbenstadt.de\/index.php?rest_route=\/wp\/v2\/posts\/4109","targetHints":{"allow":["GET"]}}],"collection":[{"href":"https:\/\/www.rc03-ilbenstadt.de\/index.php?rest_route=\/wp\/v2\/posts"}],"about":[{"href":"https:\/\/www.rc03-ilbenstadt.de\/index.php?rest_route=\/wp\/v2\/types\/post"}],"author":[{"embeddable":true,"href":"https:\/\/www.rc03-ilbenstadt.de\/index.php?rest_route=\/wp\/v2\/users\/9"}],"replies":[{"embeddable":true,"href":"https:\/\/www.rc03-ilbenstadt.de\/index.php?rest_route=%2Fwp%2Fv2%2Fcomments&post=4109"}],"version-history":[{"count":5,"href":"https:\/\/www.rc03-ilbenstadt.de\/index.php?rest_route=\/wp\/v2\/posts\/4109\/revisions"}],"predecessor-version":[{"id":4141,"href":"https:\/\/www.rc03-ilbenstadt.de\/index.php?rest_route=\/wp\/v2\/posts\/4109\/revisions\/4141"}],"wp:featuredmedia":[{"embeddable":true,"href":"https:\/\/www.rc03-ilbenstadt.de\/index.php?rest_route=\/wp\/v2\/media\/4022"}],"wp:attachment":[{"href":"https:\/\/www.rc03-ilbenstadt.de\/index.php?rest_route=%2Fwp%2Fv2%2Fmedia&parent=4109"}],"wp:term":[{"taxonomy":"category","embeddable":true,"href":"https:\/\/www.rc03-ilbenstadt.de\/index.php?rest_route=%2Fwp%2Fv2%2Fcategories&post=4109"},{"taxonomy":"post_tag","embeddable":true,"href":"https:\/\/www.rc03-ilbenstadt.de\/index.php?rest_route=%2Fwp%2Fv2%2Ftags&post=4109"}],"curies":[{"name":"wp","href":"https:\/\/api.w.org\/{rel}","templated":true}]}}