{"id":4776,"date":"2016-07-23T08:09:47","date_gmt":"2016-07-23T06:09:47","guid":{"rendered":"http:\/\/www.rc03-ilbenstadt.de\/?p=4776"},"modified":"2016-07-23T08:52:01","modified_gmt":"2016-07-23T06:52:01","slug":"wetterbedingte-absageder-radwanderung-hungen-gruenberg-lich-hungenam-heutigen-samstag-dem-23-juli-2016","status":"publish","type":"post","link":"https:\/\/www.rc03-ilbenstadt.de\/?p=4776","title":{"rendered":"Wetterbedingte Absage<br>der Radwanderung mit Start in Hungen<br>am heutigen Samstag, dem 23. Juli 2016"},"content":{"rendered":"<p>Bis zuletzt haben wir die Hoffnung nicht aufgegeben und haben auf g\u00fcnstige Wetterbedingungen im Zeitfenster f\u00fcr unsere Radtour gehofft. Doch Waschk\u00fcchenwetter mit Gewittereinlagen samt Starkregen, die der HR-Meteorologe Ingo Bertram schon f\u00fcr den Vormittag vorhersagt, haben uns veranlasst, die Tour abzusagen.<\/p>\n<p>Wir hoffen auf\u00a0 Verst\u00e4ndnis, dass wir das Risiko &#8222;Gewitterfahrt&#8220; nicht mit einer Gruppe eingehen. So setzen wir beim n\u00e4chsten Termin auf angenehme Rahmenbedingungen und w\u00fcnschen uns bei der Terminsuche eine gl\u00fcckliche Hand. Der neue Termin folgt in K\u00fcrze.<\/p>\n<p>Lutz Delling<br \/>\nRadwanderfachwart<\/p>\n","protected":false},"excerpt":{"rendered":"<p>Bis zuletzt haben wir die Hoffnung nicht aufgegeben und haben auf g\u00fcnstige Wetterbedingungen im Zeitfenster f\u00fcr unsere Radtour gehofft. Doch Waschk\u00fcchenwetter mit Gewittereinlagen samt Starkregen, die der HR-Meteorologe Ingo Bertram schon f\u00fcr den Vormittag vorhersagt, haben uns veranlasst, die Tour &hellip; <a href=\"https:\/\/www.rc03-ilbenstadt.de\/?p=4776\">Weiterlesen <span class=\"meta-nav\">&rarr;<\/span><\/a><\/p>\n","protected":false},"author":9,"featured_media":0,"comment_status":"closed","ping_status":"closed","sticky":false,"template":"","format":"standard","meta":{"_crdt_document":"","footnotes":""},"categories":[1],"tags":[],"class_list":["post-4776","post","type-post","status-publish","format-standard","hentry","category-allgemein"],"_links":{"self":[{"href":"https:\/\/www.rc03-ilbenstadt.de\/index.php?rest_route=\/wp\/v2\/posts\/4776","targetHints":{"allow":["GET"]}}],"collection":[{"href":"https:\/\/www.rc03-ilbenstadt.de\/index.php?rest_route=\/wp\/v2\/posts"}],"about":[{"href":"https:\/\/www.rc03-ilbenstadt.de\/index.php?rest_route=\/wp\/v2\/types\/post"}],"author":[{"embeddable":true,"href":"https:\/\/www.rc03-ilbenstadt.de\/index.php?rest_route=\/wp\/v2\/users\/9"}],"replies":[{"embeddable":true,"href":"https:\/\/www.rc03-ilbenstadt.de\/index.php?rest_route=%2Fwp%2Fv2%2Fcomments&post=4776"}],"version-history":[{"count":5,"href":"https:\/\/www.rc03-ilbenstadt.de\/index.php?rest_route=\/wp\/v2\/posts\/4776\/revisions"}],"predecessor-version":[{"id":4782,"href":"https:\/\/www.rc03-ilbenstadt.de\/index.php?rest_route=\/wp\/v2\/posts\/4776\/revisions\/4782"}],"wp:attachment":[{"href":"https:\/\/www.rc03-ilbenstadt.de\/index.php?rest_route=%2Fwp%2Fv2%2Fmedia&parent=4776"}],"wp:term":[{"taxonomy":"category","embeddable":true,"href":"https:\/\/www.rc03-ilbenstadt.de\/index.php?rest_route=%2Fwp%2Fv2%2Fcategories&post=4776"},{"taxonomy":"post_tag","embeddable":true,"href":"https:\/\/www.rc03-ilbenstadt.de\/index.php?rest_route=%2Fwp%2Fv2%2Ftags&post=4776"}],"curies":[{"name":"wp","href":"https:\/\/api.w.org\/{rel}","templated":true}]}}