{"id":4824,"date":"2016-09-08T18:23:09","date_gmt":"2016-09-08T16:23:09","guid":{"rendered":"http:\/\/www.rc03-ilbenstadt.de\/?p=4824"},"modified":"2016-09-10T20:58:41","modified_gmt":"2016-09-10T18:58:41","slug":"kommen-sie-zur-radtourenfahrt-rtf-rund-um-ilbenstadt-mit-familien-und-trimmtouram-sonntag-dem-11-septemberdie-herbsttour-im-spaetsommmer-2016","status":"publish","type":"post","link":"https:\/\/www.rc03-ilbenstadt.de\/?p=4824","title":{"rendered":"Kommen Sie zur Radtourenfahrt (RTF) &#8222;Rund um Ilbenstadt&#8220; mit Familien- und Trimmtour<br>am Sonntag, dem 11.September<br>Die Herbsttour im Sp\u00e4tsommmer 2016!"},"content":{"rendered":"<p>Wenn wir w\u00fcssten, was wir in diesem Jahr alles richtig gemacht haben, um am Sonntag ein sp\u00e4tsommerlich warmes und trockenes Wetter zu unserer Versanstaltung bieten zu k\u00f6nnen, w\u00fcrden wir dies j\u00e4hrlich wiederholen. Heute k\u00f6nnen wir zu unserer RTF, sowie der Familien- und Trimmtour, guten Gewissens eine tolle Fahrt durch die schon herbstlich gepr\u00e4gte Wetterau und den zu dieser Jahreszeit unvergleichlich sch\u00f6nen Vogelsberg versprechen. Wir sind ger\u00fcstet!<\/p>\n<p>Sie werden auf sch\u00f6nen Touren 42, 75, 114 oder 155 Kilometer Landschaftsgenuss pur haben. Der unterk\u00fchlte<!--more--> und feuchte Saisonbeginn wird dar\u00fcber in Vergessenheit geraten. An sechs Kontrollstellen gibt es Obst, Geb\u00e4ck und Getr\u00e4nke. Unser Streckenservice garantiert eine gut beschilderte Strecke und ist auch f\u00fcr die Pannenhilfe ger\u00fcstet. An Start und Ziel wird wie immer f\u00fcr das leibliche Wohl gesorgt. Hier ist mit Kuchentheke, Grill und Getr\u00e4nken f\u00fcr alle etwas dabei und gibt den Rahmen f\u00fcr einen geselligen Tourenabschluss.<\/p>\n<p>Ab 7 Uhr kann in Niddatal-Ilbenstadt an der Gymnastikhalle gestartet werden. Unsere Trimmfahrerinnen und Trimmfahrer k\u00f6nnen ab 8 Uhr auf die Strecke gehen, die sie auf gut befestigten Wegen 18 Kilometer durch die Flusslandschaft der Nidda und die Feldgemarkung im Umfeld Ilbenstadts f\u00fchren wird.<\/p>\n<p><strong>N\u00e4here Informationen erhalten Sie unter den nachfolgenden Links:<\/strong><br \/>\n<a href=\"https:\/\/www.rc03-ilbenstadt.de\/?page_id=4402\" target=\"_blank\">Radtourenfahrt (RTF)<\/a><br \/>\n<a href=\"https:\/\/www.rc03-ilbenstadt.de\/?page_id=4814\" target=\"_blank\">Familien- und Trimmtour<\/a><\/p>\n<p>Wir weisen noch auf die rege Stra\u00dfenbaut\u00e4tigkeit im Kreis hin. Diese haben auf die Anfahrt nach Ilbenstadt und auf unsere Streckenf\u00fchrung Einfluss. Bitte haben Sie Verst\u00e4ndnis, dass hier und da einige Kilometer mehr zu fahren sind. Diese sind umleitungsbedingt. K\u00fcrzere Strecken sind wegen der Stra\u00dfenbeschaffenheit und\/oder der Verkehrssicherheit nicht in Frage gekommen. Wir wollen sie alle wieder gesund im Ziel begr\u00fc\u00dfen.<\/p>\n<p>Wir laden Sie zu unseren Sp\u00e4tsommertouren nach Ilbenstadt ein.<br \/>\nGastfahrerinnen und -fahrer sind herzlich willkommen.<br \/>\nErfahren sie die Wetterau in der gro\u00dfen Radtourengemeinde!<\/p>\n<p>Ihr RC 03 Ilbenstadt<\/p>\n<p>&nbsp;<\/p>\n<p><span style=\"font-size: 14pt; color: #3366ff;\"><strong><span style=\"font-size: 18pt;\">Anfahrt nach Ilbenstadt<\/span><\/strong><\/span><span style=\"background-color: #3366ff; font-size: 14pt;\"><strong><br \/>\n<\/strong><\/span><\/p>\n<p>Die Anfahrt nach Ilbenstadt ist durch Baustellen im Umfeld vielefach ge\u00e4ndert. Die Verbindung von Nieder-W\u00f6llstadt nach Ilbenstadt ist gesperrt, ebenso die Ortsdurchfahrt in Burg-Gr\u00e4fenrode.<br \/>\nAnfahrt aus Richtung S\u00fcden:<br \/>\nDie B 3 in Richtung Karben verlassen. Am n\u00f6rdlichen Ortsausgang bitte der Umleitungsbeschilderung \u00fcber Nidderau und Kaichen nach Ilbenstadt folgen.<br \/>\nBei Anfahrt \u00fcber die A 5 muss \u00fcber Friedberg gefahren werden. Hier der B 275 folgen und kurz hinter dem Ortsausgang Friedberg in Richtung Ossenheim rechts auf die L 3351 nach Bruchenbr\u00fccken abbiegen und weiter nach Ilbenstadt fahren.<br \/>\nBei Anfahrt aus Richtung Norden:<br \/>\nNur \u00fcber Friedberg f\u00fchrt der Weg nach Ilbenstadt. Am s\u00fcd\u00f6stlichen Ortsausgang von der B 275 auf die L 3351 nach Bruchenbr\u00fccken abbiegen und weiter nach Ilbenstadt fahren. Bei Anfahrt \u00fcber Friedberg-Ossenheim entsprechend links auf die L 3351 abbiegen.<\/p>\n<p>F\u00fcr Sternfahrer gelten diese Hinweise analog, doch bieten sich hier einige Radwege an. Aus Richtung S\u00fcden kann ab Okarben der Niddaradweg genutzt werden.<\/p>\n<p>&nbsp;<\/p>\n<p><span style=\"font-size: 14pt; color: #3366ff;\"><strong><span style=\"font-size: 18pt;\">Das Anmeldesystem<\/span> scan&amp;bike<\/strong><\/span><span style=\"background-color: #3366ff; font-size: 14pt;\"><strong><br \/>\n<\/strong><\/span><\/p>\n<p>Wir setzen auch in dieser Veranstaltung das elektronische Anmeldesystem scan&amp;bike ein, das wir erstmals in Hessen zu unserer Fr\u00fchjahrstour genutzt haben. Es bietet f\u00fcr Teilnehmer und Veranstalter Vorteile. Warteschlangen geh\u00f6ren der Vergangenheit an, Startkarten- und Startnummerndruck \u2013 letztere f\u00fcr Teilnehmer ohne Wertungskarte \u2013 erfolgen ebenso automatisiert, wie das Anlegen einer Starterliste mit statistischer Auswertung. Der Datenschutz wird gew\u00e4hrleistet; eine kommerzielle Datennutzung ist ausgeschlossen.<\/p>\n<p>Holen Sie schnell und unkompliziert Ihren QR-Code auf der Internetseite <a title=\"Holen Sie sich hier Ihren QR-Code!\" href=\"http:\/\/scan.bike\" target=\"_blank\">www.scan.bike<\/a>. Testen Sie das System bei unserer Veranstaltung. Das System hat sich nach den ersten Versuchen in 2014 und 2015 in Hessen mittlerweile als Standard etabliert. Ihr QR-Code gilt bei allen Veranstaltungen mit scan&amp;bike in 2016.\u00a0 Auf Wunsch k\u00f6nnen Sie Ihre Leistungen in einer Rangliste bei scan&amp;bike \u00f6ffentlich machen \u2013 Konkurrenz ist das Salz in der Suppe! Fragen beantworten wir Ihnen gerne.<br \/>\nWenn Sie noch keinen QR-Code haben oder sich in der digitalen Welt nicht heimisch f\u00fchlen, gibt es noch\u00a0 das traditionelle Anmeldesystem, das wir selbstverst\u00e4ndlich parallel betreiben.<\/p>\n<p><a href=\"https:\/\/www.rc03-ilbenstadt.de\/wp-content\/uploads\/2015\/03\/scanbike-Logo_rechts-high-95px.jpg\" rel=\"lightbox[4824]\"><img loading=\"lazy\" decoding=\"async\" class=\"alignleft size-full wp-image-3511\" src=\"https:\/\/www.rc03-ilbenstadt.de\/wp-content\/uploads\/2015\/03\/scanbike-Logo_rechts-high-95px.jpg\" alt=\"scan&amp;bike-Logo_rechts-high-95px\" width=\"114\" height=\"95\" \/><\/a><span style=\"font-size: 8pt;\">QR-Code\u00ae\u00a0\u00a0 = eingetragenes Warenzeichen der Denso Wave Incorporated<br \/>\nscan&amp;bike\u00ae = eingetragenes Warenzeichen der J\u00f6rg Homann EDV-Beratung<\/span><\/p>\n<div class=\"single-entry-details\"><\/div>\n","protected":false},"excerpt":{"rendered":"<p>Wenn wir w\u00fcssten, was wir in diesem Jahr alles richtig gemacht haben, um am Sonntag ein sp\u00e4tsommerlich warmes und trockenes Wetter zu unserer Versanstaltung bieten zu k\u00f6nnen, w\u00fcrden wir dies j\u00e4hrlich wiederholen. Heute k\u00f6nnen wir zu unserer RTF, sowie der &hellip; <a href=\"https:\/\/www.rc03-ilbenstadt.de\/?p=4824\">Weiterlesen <span class=\"meta-nav\">&rarr;<\/span><\/a><\/p>\n","protected":false},"author":9,"featured_media":4822,"comment_status":"closed","ping_status":"closed","sticky":false,"template":"","format":"standard","meta":{"_crdt_document":"","footnotes":""},"categories":[1],"tags":[],"class_list":["post-4824","post","type-post","status-publish","format-standard","has-post-thumbnail","hentry","category-allgemein"],"_links":{"self":[{"href":"https:\/\/www.rc03-ilbenstadt.de\/index.php?rest_route=\/wp\/v2\/posts\/4824","targetHints":{"allow":["GET"]}}],"collection":[{"href":"https:\/\/www.rc03-ilbenstadt.de\/index.php?rest_route=\/wp\/v2\/posts"}],"about":[{"href":"https:\/\/www.rc03-ilbenstadt.de\/index.php?rest_route=\/wp\/v2\/types\/post"}],"author":[{"embeddable":true,"href":"https:\/\/www.rc03-ilbenstadt.de\/index.php?rest_route=\/wp\/v2\/users\/9"}],"replies":[{"embeddable":true,"href":"https:\/\/www.rc03-ilbenstadt.de\/index.php?rest_route=%2Fwp%2Fv2%2Fcomments&post=4824"}],"version-history":[{"count":5,"href":"https:\/\/www.rc03-ilbenstadt.de\/index.php?rest_route=\/wp\/v2\/posts\/4824\/revisions"}],"predecessor-version":[{"id":4840,"href":"https:\/\/www.rc03-ilbenstadt.de\/index.php?rest_route=\/wp\/v2\/posts\/4824\/revisions\/4840"}],"wp:featuredmedia":[{"embeddable":true,"href":"https:\/\/www.rc03-ilbenstadt.de\/index.php?rest_route=\/wp\/v2\/media\/4822"}],"wp:attachment":[{"href":"https:\/\/www.rc03-ilbenstadt.de\/index.php?rest_route=%2Fwp%2Fv2%2Fmedia&parent=4824"}],"wp:term":[{"taxonomy":"category","embeddable":true,"href":"https:\/\/www.rc03-ilbenstadt.de\/index.php?rest_route=%2Fwp%2Fv2%2Fcategories&post=4824"},{"taxonomy":"post_tag","embeddable":true,"href":"https:\/\/www.rc03-ilbenstadt.de\/index.php?rest_route=%2Fwp%2Fv2%2Ftags&post=4824"}],"curies":[{"name":"wp","href":"https:\/\/api.w.org\/{rel}","templated":true}]}}