{"id":4843,"date":"2016-09-16T17:26:32","date_gmt":"2016-09-16T15:26:32","guid":{"rendered":"http:\/\/www.rc03-ilbenstadt.de\/?p=4843"},"modified":"2016-09-29T19:07:30","modified_gmt":"2016-09-29T17:07:30","slug":"rund-um-ilbenstadt-die-radtourenfahrt-rtf-im-herbst-2016666-teilnehmer-bei-hochsommerlichen-temperaturen-am-start","status":"publish","type":"post","link":"https:\/\/www.rc03-ilbenstadt.de\/?p=4843","title":{"rendered":"&#8222;Rund um Ilbenstadt&#8220;<br>Die Radtourenfahrt (RTF) im Herbst 2016<br>666 Teilnehmer bei hochsommerlichen Temperaturen am Start"},"content":{"rendered":"<p>Tolles, hochsommerliches Wetter erwartete die Sportlerinnen und Sportler zur Herbsttour des RC 03 Ilbenstadt. Die bereits herbstlich gepr\u00e4gte H\u00fcgellandschaft der Wetterau, mit vielen abgeernteten Feldern, der beginnenden Gelb-, Braun- und Rotf\u00e4rbung der Bl\u00e4tter, die teilweise auch der langen Trockenheit geschuldet sein wird, bot den Radsportlerinnen und Radsportlern den Rahmen, der die Sportaus\u00fcbung zum Genuss macht und die Gedanken befl\u00fcgelt. Durch die Wetterau f\u00fchrten die Touren mit 42, 75 und 114 Kilometern L\u00e4nge. Wer die 156 Kilometerstrecke unter<!--more--> die R\u00e4der nahm, wurde von der atemberaubenden Landschaft des Vogelsberges zus\u00e4tzlich gefangen genommen. Nat\u00fcrlich lag hier die Verpflegungs- und Kontrollstelle auf dem h\u00f6chsten Punkt der Tour, dem Taufsteinparkplatz. Von unseren 666 Teilnehmern haben sich 60 auf diese Runde gewagt und konnten stolz im Ziel von dieser tollen Tour mit rund 1.800 H\u00f6henmetern berichten. Die Organisation, freundliche Helfer, die Streckenf\u00fchrung \u00fcber verkehrsarme Stra\u00dfen und durch tolle Landschaften, die Ausschilderung, sowie die Verpflegung an den sechs Kontrollstellen\u00a0 wurden allseits gelobt. Ein Erfolg f\u00fcr unsere 40 Helferinnen und Helfer!<br \/>\nAllein an den Kontrollstellen wurden insgesamt rund 600 l Getr\u00e4nke (Tee, Wasser und Apfelsaftschorle), 281 kg Bananen und 30 kg Geb\u00e4ck vorgehalten. Auch Sp\u00e4tstarter wurden ausreichend verpflegt.<\/p>\n<p>Eine Familien- und Trimmtour \u00fcber 18 Kilometer rundete das Angebot ab. Hier waren fast ausschlie\u00dflich Mitglieder des Turnvereines und der Freiwilligen Feuerwehr aus Ilbenstadt unterwegs, die auf gut ausgebauten Wegen zwischen Ilbenstadt, Karben und W\u00f6llstadt, durch die herbstliche Flur unterwegs waren. Am Ludwigsbrunnen wurden Getr\u00e4nke, Bananen und Geb\u00e4ck gereicht, eine willkommene St\u00e4rkung f\u00fcr den R\u00fcckweg.<\/p>\n<p>An Start und Ziel konnten in geselliger Runde die Speicher wieder gef\u00fcllt werden. Kaffee und Kuchen, Getr\u00e4nke, Grillw\u00fcrstchen, Steaks, Kartoffelpuffer mit Apfelmus wurden gern angenommen.<\/p>\n<p>Bei der Siegerehrung der BDR-Vereine hatten die Radsportler des RV Germania Hungen mit 18 Startern die Nase vorn. Sie h\u00e4tten den Siegerpokal und den Wanderpokal der <strong>Stadt Niddatal<\/strong> aus den H\u00e4nden des B\u00fcrgermeisters, Herrn Dr. Bernhard Hertel, in Empfang nehmen k\u00f6nnen. Da sie schon wieder auf dem Rad in Richtung Hungen unterwegs waren, m\u00fcssen wir diese Ehrung nachreichen. Auf den Pl\u00e4tzen folgten der RV Ober-M\u00f6rlen (12 Starter), der RTC Sandhasen-W\u00f6lfersheim (12 Starter), das Radteam Neu-Isenburg (10 Starter) und der RV Germania Nieder-Weisel (9 Starter).<\/p>\n<p>Bei der Familien- und Trimmtour hatte der Turnverein mit insgesamt 26 M\u00e4nner, Frauen und Kindern die Spitze eingenommen. Sie konnten den Siegerpokal und den Wanderpokal der Firma <a title=\"TRADECONNECTIONKREBS\" href=\"http:\/\/www.tc-krebs.de\/#\" target=\"_blank\"><strong><span style=\"color: #000000;\">TRADE<\/span><span style=\"color: #808080;\">CONNECTION<\/span><span style=\"color: #000000;\">KREBS<\/span><\/strong><\/a> \u2013 <span style=\"color: #808080;\">DIGITALE<\/span> <strong><span style=\"color: #000000;\">MEDIENGESTALTUNG<\/span><\/strong> <span style=\"color: #808080;\">UND<\/span> <span style=\"color: #000000;\"><strong>WERBUNG <\/strong><span style=\"color: #808080;\">entgegennehmen.<\/span><br \/>\n<span style=\"color: #808080;\"> Den zweiten Platz erreichte die Freiwillige Feuerwehr mit 21 Frauen, M\u00e4nnern und Kindern. Zur Erinnerung an diese Tour und zur W\u00fcrdigung der erbrachten Leistungen erhielten alle Kinder Medaillen.<\/span><\/span><\/p>\n<p><span style=\"color: #808080;\">Die Siegerehrung wurde von dem neuen Fachwarteteam RTF\/CTF Michael Schneider und Oliver Witt, die 2016 in dieses Amt eingef\u00fchrt wurden, vorbereitet und durchgef\u00fchrt. Der B\u00fcrgermeister, Herr Dr. Bernhard Hertel und der Fachbereichsleiter Kommunikation und Sport, Herr Wilhelm Schr\u00f6der wirkten mit und \u00fcberbrachten die Gl\u00fcckw\u00fcnsche der Stadt Niddatal und des RC 03 Ilbenstadt.<\/span><\/p>\n<p><span style=\"color: #808080;\">Impressionen rund um RTF und Familientour:<\/span><\/p>\n<table>\n<tbody>\n<tr style=\"height: 166px;\">\n<td style=\"height: 166px;\"><a href=\"https:\/\/www.rc03-ilbenstadt.de\/wp-content\/uploads\/2016\/09\/2016-0911-P1000071-RTF-Ilbenstadt-Ziel-Siegerehrung-Zuschn-WEB.jpg\" rel=\"lightbox[4843]\"><img loading=\"lazy\" decoding=\"async\" class=\"alignleft size-thumbnail wp-image-4875\" src=\"https:\/\/www.rc03-ilbenstadt.de\/wp-content\/uploads\/2016\/09\/2016-0911-P1000071-RTF-Ilbenstadt-Ziel-Siegerehrung-Zuschn-WEB-150x150.jpg\" alt=\"2016-0911-p1000071-rtf-ilbenstadt-ziel-siegerehrung-zuschn-web\" width=\"150\" height=\"150\" \/><\/a><\/td>\n<td style=\"height: 166px;\"><a href=\"https:\/\/www.rc03-ilbenstadt.de\/wp-content\/uploads\/2016\/09\/B-RC03-RTF_9_2016-RC03_Ilbenstadt13-Bilder_HeikeReinelt-WEB.jpg\" rel=\"lightbox[4843]\"><img loading=\"lazy\" decoding=\"async\" class=\"alignleft size-thumbnail wp-image-4876\" src=\"https:\/\/www.rc03-ilbenstadt.de\/wp-content\/uploads\/2016\/09\/B-RC03-RTF_9_2016-RC03_Ilbenstadt13-Bilder_HeikeReinelt-WEB-150x150.jpg\" alt=\"b-rc03-rtf_9_2016-rc03_ilbenstadt13-bilder_heikereinelt-web\" width=\"150\" height=\"150\" \/><\/a><\/td>\n<td style=\"height: 166px;\"><a href=\"https:\/\/www.rc03-ilbenstadt.de\/wp-content\/uploads\/2016\/09\/B-RC03-RTF_9_2016-RC03_Ilbenstadt15-Bilder_HeikeReinelt-WEB.jpg\" rel=\"lightbox[4843]\"><img loading=\"lazy\" decoding=\"async\" class=\"alignleft size-thumbnail wp-image-4877\" src=\"https:\/\/www.rc03-ilbenstadt.de\/wp-content\/uploads\/2016\/09\/B-RC03-RTF_9_2016-RC03_Ilbenstadt15-Bilder_HeikeReinelt-WEB-150x150.jpg\" alt=\"b-rc03-rtf_9_2016-rc03_ilbenstadt15-bilder_heikereinelt-web\" width=\"150\" height=\"150\" \/><\/a><\/td>\n<\/tr>\n<tr style=\"height: 48px;\">\n<td style=\"height: 48px;\"><span style=\"font-size: 10px;\">\u00a0Siegerehrung<br \/>\nBild: EvaPeter<br \/>\n<\/span><\/td>\n<td style=\"height: 48px;\"><span style=\"font-size: 10px;\">Siegerehrung<\/span><br \/>\n<span style=\"font-size: 10px;\">Bild: Heike Reinelt<\/span><\/td>\n<td style=\"height: 48px;\"><span style=\"font-size: 10px;\">\u00a0Morgenstimmung an der Wetter<br \/>\nBild: Heike Reinelt<\/span><\/td>\n<\/tr>\n<tr style=\"height: 166px;\">\n<td style=\"height: 166px;\">\u00a0<a href=\"https:\/\/www.rc03-ilbenstadt.de\/wp-content\/uploads\/2016\/09\/B-RC03-RTF_9_2016-RC03_Ilbenstadt17-Bilder_HeikeReinelt-WEB.jpg\" rel=\"lightbox[4843]\"><img loading=\"lazy\" decoding=\"async\" class=\"alignleft size-thumbnail wp-image-4878\" src=\"https:\/\/www.rc03-ilbenstadt.de\/wp-content\/uploads\/2016\/09\/B-RC03-RTF_9_2016-RC03_Ilbenstadt17-Bilder_HeikeReinelt-WEB-150x150.jpg\" alt=\"b-rc03-rtf_9_2016-rc03_ilbenstadt17-bilder_heikereinelt-web\" width=\"150\" height=\"150\" \/><\/a><\/td>\n<td style=\"height: 166px;\">\u00a0<a href=\"https:\/\/www.rc03-ilbenstadt.de\/wp-content\/uploads\/2016\/09\/B-RC03-RTF_9_2016-RC03_Ilbenstadt19-B-OlliWitt-WEB.jpg\" rel=\"lightbox[4843]\"><img loading=\"lazy\" decoding=\"async\" class=\"alignleft size-thumbnail wp-image-4879\" src=\"https:\/\/www.rc03-ilbenstadt.de\/wp-content\/uploads\/2016\/09\/B-RC03-RTF_9_2016-RC03_Ilbenstadt19-B-OlliWitt-WEB-150x150.jpg\" alt=\"b-rc03-rtf_9_2016-rc03_ilbenstadt19-b-olliwitt-web\" width=\"150\" height=\"150\" \/><\/a><\/td>\n<td style=\"height: 166px;\">\u00a0<a href=\"https:\/\/www.rc03-ilbenstadt.de\/wp-content\/uploads\/2016\/09\/B-RC03-RTF_9_2016-RC03_Ilbenstadt22-B-OlliWitt-WEB.jpg\" rel=\"lightbox[4843]\"><img loading=\"lazy\" decoding=\"async\" class=\"alignleft size-thumbnail wp-image-4880\" src=\"https:\/\/www.rc03-ilbenstadt.de\/wp-content\/uploads\/2016\/09\/B-RC03-RTF_9_2016-RC03_Ilbenstadt22-B-OlliWitt-WEB-150x150.jpg\" alt=\"b-rc03-rtf_9_2016-rc03_ilbenstadt22-b-olliwitt-web\" width=\"150\" height=\"150\" \/><\/a><\/td>\n<\/tr>\n<tr style=\"height: 48px;\">\n<td style=\"height: 48px;\"><span style=\"font-size: 10px;\">\u00a0Der Tag beginnt &#8230;<br \/>\nBild: Heike Reinelt<\/span><\/td>\n<td style=\"height: 48px;\"><span style=\"font-size: 10px;\">\u00a0Die Anmeldung<br \/>\nBild: Olli Witt<\/span><\/td>\n<td style=\"height: 48px;\"><span style=\"font-size: 10px;\">Morgens am Startstempel<\/span><br \/>\n<span style=\"font-size: 10px;\">Bild: Olli Witt<\/span><\/td>\n<\/tr>\n<tr style=\"height: 166px;\">\n<td style=\"height: 166px;\">\u00a0<a href=\"https:\/\/www.rc03-ilbenstadt.de\/wp-content\/uploads\/2016\/09\/B-RC03-RTF_9_2016-RC03_Ilbenstadt24-B-OlliWitt-WEB.jpg\" rel=\"lightbox[4843]\"><img loading=\"lazy\" decoding=\"async\" class=\"alignleft size-thumbnail wp-image-4881\" src=\"https:\/\/www.rc03-ilbenstadt.de\/wp-content\/uploads\/2016\/09\/B-RC03-RTF_9_2016-RC03_Ilbenstadt24-B-OlliWitt-WEB-150x150.jpg\" alt=\"b-rc03-rtf_9_2016-rc03_ilbenstadt24-b-olliwitt-web\" width=\"150\" height=\"150\" \/><\/a><\/td>\n<td style=\"height: 166px;\">\u00a0<a href=\"https:\/\/www.rc03-ilbenstadt.de\/wp-content\/uploads\/2016\/09\/B-RC03-RTF_9_2016-RC03_Ilbenstadt26-B-OlliWitt-WEB.jpg\" rel=\"lightbox[4843]\"><img loading=\"lazy\" decoding=\"async\" class=\"alignleft size-thumbnail wp-image-4882\" src=\"https:\/\/www.rc03-ilbenstadt.de\/wp-content\/uploads\/2016\/09\/B-RC03-RTF_9_2016-RC03_Ilbenstadt26-B-OlliWitt-WEB-150x150.jpg\" alt=\"b-rc03-rtf_9_2016-rc03_ilbenstadt26-b-olliwitt-web\" width=\"150\" height=\"150\" \/><\/a><\/td>\n<td style=\"height: 166px;\">\u00a0<a href=\"https:\/\/www.rc03-ilbenstadt.de\/wp-content\/uploads\/2016\/09\/B-RC03-RTF_9_2016-RC03_Ilbenstadt01-WEB.jpg\" rel=\"lightbox[4843]\"><img loading=\"lazy\" decoding=\"async\" class=\"alignleft size-thumbnail wp-image-4884\" src=\"https:\/\/www.rc03-ilbenstadt.de\/wp-content\/uploads\/2016\/09\/B-RC03-RTF_9_2016-RC03_Ilbenstadt01-WEB-150x150.jpg\" alt=\"b-rc03-rtf_9_2016-rc03_ilbenstadt01-web\" width=\"150\" height=\"150\" \/><\/a><\/td>\n<\/tr>\n<tr style=\"height: 24px;\">\n<td style=\"height: 24px;\"><span style=\"font-size: 10px;\">\u00a0Die Sandhasen am Start<br \/>\nBild: Olli Witt<\/span><\/td>\n<td style=\"height: 24px;\"><span style=\"font-size: 10px;\">\u00a0Morgendliche Ruhe am Zelt<br \/>\nBild: Olli Witt<\/span><\/td>\n<td style=\"height: 24px;\"><span style=\"font-size: 10px;\">Turnverein und Feuerwehr<\/span><br \/>\n<span style=\"font-size: 10px;\">vor der Abfahrt<\/span><\/td>\n<\/tr>\n<tr style=\"height: 166px;\">\n<td style=\"height: 166px;\">\u00a0<a href=\"https:\/\/www.rc03-ilbenstadt.de\/wp-content\/uploads\/2016\/09\/B-RC03-RTF_9_2016-RC03_Ilbenstadt19-Bilder_HeikeReinelt.jpg\" rel=\"lightbox[4843]\"><img loading=\"lazy\" decoding=\"async\" class=\"alignleft size-thumbnail wp-image-4909\" src=\"https:\/\/www.rc03-ilbenstadt.de\/wp-content\/uploads\/2016\/09\/B-RC03-RTF_9_2016-RC03_Ilbenstadt19-Bilder_HeikeReinelt-150x150.jpg\" alt=\"b-rc03-rtf_9_2016-rc03_ilbenstadt19-bilder_heikereinelt\" width=\"150\" height=\"150\" \/><\/a><\/td>\n<td style=\"height: 166px;\">\u00a0<a href=\"https:\/\/www.rc03-ilbenstadt.de\/wp-content\/uploads\/2016\/09\/2016-0911-DSCN3253-RTF-Ilbenstadt-hin-K-Bleichenbach-WEB.jpg\" rel=\"lightbox[4843]\"><img loading=\"lazy\" decoding=\"async\" class=\"alignleft size-thumbnail wp-image-4872\" src=\"https:\/\/www.rc03-ilbenstadt.de\/wp-content\/uploads\/2016\/09\/2016-0911-DSCN3253-RTF-Ilbenstadt-hin-K-Bleichenbach-WEB-150x150.jpg\" alt=\"2016-0911-dscn3253-rtf-ilbenstadt-hin-k-bleichenbach-web\" width=\"150\" height=\"150\" \/><\/a><\/td>\n<td style=\"height: 166px;\">\u00a0<a href=\"https:\/\/www.rc03-ilbenstadt.de\/wp-content\/uploads\/2016\/09\/2016-0911-DSCN3229-RTF-Ilbenstadt-hin-K-Nieder-Seemen-WEB.jpg\" rel=\"lightbox[4843]\"><img loading=\"lazy\" decoding=\"async\" class=\"alignleft size-thumbnail wp-image-4870\" src=\"https:\/\/www.rc03-ilbenstadt.de\/wp-content\/uploads\/2016\/09\/2016-0911-DSCN3229-RTF-Ilbenstadt-hin-K-Nieder-Seemen-WEB-150x150.jpg\" alt=\"2016-0911-dscn3229-rtf-ilbenstadt-hin-k-nieder-seemen-web\" width=\"150\" height=\"150\" \/><\/a><\/td>\n<\/tr>\n<tr style=\"height: 24px;\">\n<td style=\"height: 24px;\"><span style=\"font-size: 10px;\">\u00a0Kontrollstelle in Bingenheim<br \/>\nBilder: Heike Reinelt<br \/>\n<\/span><\/td>\n<td style=\"height: 24px;\"><span style=\"font-size: 10px;\">Zur Kontrollstelle in Bleichenbach<br \/>\nBilder: EvaPeter<br \/>\n<\/span><\/td>\n<td style=\"height: 24px;\"><span style=\"font-size: 10px;\">Kontrollestelle bei Nieder-Seemen<br \/>\nBilder: EvaPeter<br \/>\n<\/span><\/td>\n<\/tr>\n<tr style=\"height: 24px;\">\n<td style=\"height: 24px;\"><span style=\"font-size: 10px;\"><a href=\"https:\/\/www.rc03-ilbenstadt.de\/wp-content\/uploads\/2016\/09\/2016-0911-DSCN3244-RTF-Ilbenstadt-hin-Eva-Zur-Bergziege-WEB-e1474041965264.jpg\" rel=\"lightbox[4843]\"><img loading=\"lazy\" decoding=\"async\" class=\"alignleft size-thumbnail wp-image-4871\" src=\"https:\/\/www.rc03-ilbenstadt.de\/wp-content\/uploads\/2016\/09\/2016-0911-DSCN3244-RTF-Ilbenstadt-hin-Eva-Zur-Bergziege-WEB-e1474041965264-150x150.jpg\" alt=\"2016-0911-dscn3244-rtf-ilbenstadt-hin-eva-zur-bergziege-web\" width=\"150\" height=\"150\" \/><\/a><\/span><\/td>\n<td style=\"height: 24px;\"><\/td>\n<td style=\"height: 24px;\"><\/td>\n<\/tr>\n<tr style=\"height: 24px;\">\n<td style=\"height: 24px;\"><span style=\"font-size: 10px;\">Ohne Worte &#8230;<br \/>\nBilder: EvaPeter<\/span><\/td>\n<td style=\"height: 24px;\"><\/td>\n<td style=\"height: 24px;\"><\/td>\n<\/tr>\n<tr style=\"height: 24px;\">\n<td style=\"height: 24px;\"><span style=\"font-size: 10px;\"><a href=\"https:\/\/www.rc03-ilbenstadt.de\/wp-content\/uploads\/2016\/09\/2016-0911-DSCN3263-RTF-Ilbenstadt-hin-WEB.jpg\" rel=\"lightbox[4843]\"><img loading=\"lazy\" decoding=\"async\" class=\"alignleft size-thumbnail wp-image-4873\" src=\"https:\/\/www.rc03-ilbenstadt.de\/wp-content\/uploads\/2016\/09\/2016-0911-DSCN3263-RTF-Ilbenstadt-hin-WEB-150x150.jpg\" alt=\"2016-0911-dscn3263-rtf-ilbenstadt-hin-web\" width=\"150\" height=\"150\" \/><\/a><\/span><\/td>\n<td style=\"height: 24px;\"><a href=\"https:\/\/www.rc03-ilbenstadt.de\/wp-content\/uploads\/2016\/09\/2016-0911-DSCN3274-RTF-Ilbenstadt-Ziel-1-WEB.jpg\" rel=\"lightbox[4843]\"><img loading=\"lazy\" decoding=\"async\" class=\"alignleft size-thumbnail wp-image-4874\" src=\"https:\/\/www.rc03-ilbenstadt.de\/wp-content\/uploads\/2016\/09\/2016-0911-DSCN3274-RTF-Ilbenstadt-Ziel-1-WEB-150x150.jpg\" alt=\"2016-0911-dscn3274-rtf-ilbenstadt-ziel-1-web\" width=\"150\" height=\"150\" \/><\/a><\/td>\n<td style=\"height: 24px;\"><span style=\"font-size: 10px;\"><a href=\"https:\/\/www.rc03-ilbenstadt.de\/wp-content\/uploads\/2016\/09\/B-RC03-RTF_9_2016-RC03_Ilbenstadt04-WEB.jpg\" rel=\"lightbox[4843]\"><img loading=\"lazy\" decoding=\"async\" class=\"alignleft size-thumbnail wp-image-4885\" src=\"https:\/\/www.rc03-ilbenstadt.de\/wp-content\/uploads\/2016\/09\/B-RC03-RTF_9_2016-RC03_Ilbenstadt04-WEB-150x150.jpg\" alt=\"b-rc03-rtf_9_2016-rc03_ilbenstadt04-web\" width=\"150\" height=\"150\" \/><\/a><\/span><\/td>\n<\/tr>\n<tr style=\"height: 24px;\">\n<td style=\"height: 24px;\"><span style=\"font-size: 10px;\">Am Stammheimer Kreuz<br \/>\nBilder: EvaPeter<\/span><\/td>\n<td style=\"height: 24px;\"><span style=\"font-size: 10px;\">Am Ziel<br \/>\nBilder: EvaPeter<\/span><\/td>\n<td style=\"height: 24px;\"><span style=\"font-size: 10px;\">Geselliger Abschluss<\/span><\/td>\n<\/tr>\n<\/tbody>\n<\/table>\n<p>Danke an Eva, Olli und Heike f\u00fcr die Bilder!<\/p>\n","protected":false},"excerpt":{"rendered":"<p>Tolles, hochsommerliches Wetter erwartete die Sportlerinnen und Sportler zur Herbsttour des RC 03 Ilbenstadt. Die bereits herbstlich gepr\u00e4gte H\u00fcgellandschaft der Wetterau, mit vielen abgeernteten Feldern, der beginnenden Gelb-, Braun- und Rotf\u00e4rbung der Bl\u00e4tter, die teilweise auch der langen Trockenheit geschuldet &hellip; <a href=\"https:\/\/www.rc03-ilbenstadt.de\/?p=4843\">Weiterlesen <span class=\"meta-nav\">&rarr;<\/span><\/a><\/p>\n","protected":false},"author":9,"featured_media":4822,"comment_status":"closed","ping_status":"closed","sticky":false,"template":"","format":"standard","meta":{"_crdt_document":"","footnotes":""},"categories":[1],"tags":[],"class_list":["post-4843","post","type-post","status-publish","format-standard","has-post-thumbnail","hentry","category-allgemein"],"_links":{"self":[{"href":"https:\/\/www.rc03-ilbenstadt.de\/index.php?rest_route=\/wp\/v2\/posts\/4843","targetHints":{"allow":["GET"]}}],"collection":[{"href":"https:\/\/www.rc03-ilbenstadt.de\/index.php?rest_route=\/wp\/v2\/posts"}],"about":[{"href":"https:\/\/www.rc03-ilbenstadt.de\/index.php?rest_route=\/wp\/v2\/types\/post"}],"author":[{"embeddable":true,"href":"https:\/\/www.rc03-ilbenstadt.de\/index.php?rest_route=\/wp\/v2\/users\/9"}],"replies":[{"embeddable":true,"href":"https:\/\/www.rc03-ilbenstadt.de\/index.php?rest_route=%2Fwp%2Fv2%2Fcomments&post=4843"}],"version-history":[{"count":5,"href":"https:\/\/www.rc03-ilbenstadt.de\/index.php?rest_route=\/wp\/v2\/posts\/4843\/revisions"}],"predecessor-version":[{"id":4952,"href":"https:\/\/www.rc03-ilbenstadt.de\/index.php?rest_route=\/wp\/v2\/posts\/4843\/revisions\/4952"}],"wp:featuredmedia":[{"embeddable":true,"href":"https:\/\/www.rc03-ilbenstadt.de\/index.php?rest_route=\/wp\/v2\/media\/4822"}],"wp:attachment":[{"href":"https:\/\/www.rc03-ilbenstadt.de\/index.php?rest_route=%2Fwp%2Fv2%2Fmedia&parent=4843"}],"wp:term":[{"taxonomy":"category","embeddable":true,"href":"https:\/\/www.rc03-ilbenstadt.de\/index.php?rest_route=%2Fwp%2Fv2%2Fcategories&post=4843"},{"taxonomy":"post_tag","embeddable":true,"href":"https:\/\/www.rc03-ilbenstadt.de\/index.php?rest_route=%2Fwp%2Fv2%2Ftags&post=4843"}],"curies":[{"name":"wp","href":"https:\/\/api.w.org\/{rel}","templated":true}]}}