{"id":4901,"date":"2016-09-22T12:10:15","date_gmt":"2016-09-22T10:10:15","guid":{"rendered":"http:\/\/www.rc03-ilbenstadt.de\/?p=4901"},"modified":"2016-09-27T18:57:55","modified_gmt":"2016-09-27T16:57:55","slug":"aaa","status":"publish","type":"post","link":"https:\/\/www.rc03-ilbenstadt.de\/?p=4901","title":{"rendered":"Deutsches Radsportabzeichen<br>Zeitfahren am 3. Oktober 2016 in Weckesheim"},"content":{"rendered":"<p>Liebe Radsportlerinnen und Radsportler,<\/p>\n<p>auch in diesem Jahr nehmen wir das Zeitfahren f\u00fcr das Deutsche Radsportabzeichen ab. Dazu laden wir f\u00fcr<\/p>\n<p>Montag, den 3. Oktober 2016 von 09:00 Uhr bis 10:00 Uhr (Startfenster)<br \/>\nin 61203 Reichelsheim, Borngasse 18<\/p>\n<p>ein. Der Rundkurs f\u00fcr Erwachsene (10 Kilometer) ist<!--more--> ausgeschildert. Er muss zweimal durchfahren werden. F\u00fcr Jugendliche ist eine 5-Kilometerstrecke vorbereitet.<br \/>\nWir k\u00f6nnen keine abgesperrte Strecke anbieten und f\u00fchren das Zeitfahren im \u00f6ffentlichen Verkehrsraum durch. Eine Genehmigung zur Durchf\u00fchrung des Zeitfahrens im \u00f6ffentlichen Verkehrsraum wurde durch die Stra\u00dfenverkehrsbeh\u00f6rde des Wetteraukreises erteilt.<br \/>\nDie Streckenskizzen sind am Ende des Artikels eingef\u00fcgt und sind mit www.bikemap.net verlinkt.<\/p>\n<p>Wir weisen ausdr\u00fccklich darauf hin, dass jede Teilnehmerin\/jeder Teilnehmer nach der Allgemeinen StVO zu fahren hat. Die Versicherung gegen Unfall und Haftpflicht ist Sache des Teilnehmers. Der Veranstalter \u00fcbernimmt keine Haftung. Nachrangig zum eigenen Versicherungsschutz sind Vereinsmitglieder \u00fcber den Landessportbund Hessen abgesichert; Nichtmitglieder sind \u00fcber eine Sportversicherung den Vereinsmitgliedern im Wesentlichen gleichgestellt.<\/p>\n<p>Das Tragen eines Kopfschutzes ist Pflicht. R\u00fcckennummern sind sichtbar zu tragen. Sie sind am Start erh\u00e4ltlich.<br \/>\nDen Weisungen von Streckenposten ist Folge zu leisten.<\/p>\n<p>\u00dcber die <a href=\"http:\/\/breitensport.rad-net.de\/breitensportarten\/radsportabzeichen\/bedingungen.html\" target=\"_blank\">Bedingungen des Radsportabzeichens<\/a> informiert der Bund Deutscher Radfahrer. Unser Pr\u00fcfer Michael Hammann wird Ihre Leistung abnehmen und bescheinigen. R\u00fcckfragen zu dieser Veranstaltung bitten wir per E-Mail an die Gesch\u00e4ftsstelle zu richten.<\/p>\n<p>Wir w\u00fcnschen Ihnen viel Erfolg<\/p>\n<p>Ihr<br \/>\nRC 03 Ilbenstadt<\/p>\n<p>Die 20-Kilometerstrecke (2 x 10 km):<br \/>\n<iframe loading=\"lazy\" src=\"https:\/\/www.bikemap.net\/de\/route\/3789916-rc03-ilbenstadt-dra_zeitfahren_20km\/widget\/?width=640&amp;extended=1&amp;distance_markers=1&amp;height=480&amp;unit=metric\" width=\"640\" height=\"628\" frameborder=\"0\" marginwidth=\"0\" marginheight=\"0\" scrolling=\"no\"> <\/iframe><\/p>\n<p>Die 5-Kilometerstrecke f\u00fcr Jugendliche:<br \/>\n<iframe loading=\"lazy\" src=\"https:\/\/www.bikemap.net\/de\/route\/3292120-rc03-ilbenstadt_dra_zeitfahren_5km\/widget\/?width=640&amp;height=480&amp;unit=metric\" width=\"640\" height=\"480\" frameborder=\"0\" marginwidth=\"0\" marginheight=\"0\" scrolling=\"no\"> <\/iframe><\/p>\n","protected":false},"excerpt":{"rendered":"<p>Liebe Radsportlerinnen und Radsportler, auch in diesem Jahr nehmen wir das Zeitfahren f\u00fcr das Deutsche Radsportabzeichen ab. Dazu laden wir f\u00fcr Montag, den 3. Oktober 2016 von 09:00 Uhr bis 10:00 Uhr (Startfenster) in 61203 Reichelsheim, Borngasse 18 ein. Der &hellip; <a href=\"https:\/\/www.rc03-ilbenstadt.de\/?p=4901\">Weiterlesen <span class=\"meta-nav\">&rarr;<\/span><\/a><\/p>\n","protected":false},"author":9,"featured_media":4024,"comment_status":"closed","ping_status":"closed","sticky":false,"template":"","format":"standard","meta":{"_crdt_document":"","footnotes":""},"categories":[1],"tags":[],"class_list":["post-4901","post","type-post","status-publish","format-standard","has-post-thumbnail","hentry","category-allgemein"],"_links":{"self":[{"href":"https:\/\/www.rc03-ilbenstadt.de\/index.php?rest_route=\/wp\/v2\/posts\/4901","targetHints":{"allow":["GET"]}}],"collection":[{"href":"https:\/\/www.rc03-ilbenstadt.de\/index.php?rest_route=\/wp\/v2\/posts"}],"about":[{"href":"https:\/\/www.rc03-ilbenstadt.de\/index.php?rest_route=\/wp\/v2\/types\/post"}],"author":[{"embeddable":true,"href":"https:\/\/www.rc03-ilbenstadt.de\/index.php?rest_route=\/wp\/v2\/users\/9"}],"replies":[{"embeddable":true,"href":"https:\/\/www.rc03-ilbenstadt.de\/index.php?rest_route=%2Fwp%2Fv2%2Fcomments&post=4901"}],"version-history":[{"count":5,"href":"https:\/\/www.rc03-ilbenstadt.de\/index.php?rest_route=\/wp\/v2\/posts\/4901\/revisions"}],"predecessor-version":[{"id":4913,"href":"https:\/\/www.rc03-ilbenstadt.de\/index.php?rest_route=\/wp\/v2\/posts\/4901\/revisions\/4913"}],"wp:featuredmedia":[{"embeddable":true,"href":"https:\/\/www.rc03-ilbenstadt.de\/index.php?rest_route=\/wp\/v2\/media\/4024"}],"wp:attachment":[{"href":"https:\/\/www.rc03-ilbenstadt.de\/index.php?rest_route=%2Fwp%2Fv2%2Fmedia&parent=4901"}],"wp:term":[{"taxonomy":"category","embeddable":true,"href":"https:\/\/www.rc03-ilbenstadt.de\/index.php?rest_route=%2Fwp%2Fv2%2Fcategories&post=4901"},{"taxonomy":"post_tag","embeddable":true,"href":"https:\/\/www.rc03-ilbenstadt.de\/index.php?rest_route=%2Fwp%2Fv2%2Ftags&post=4901"}],"curies":[{"name":"wp","href":"https:\/\/api.w.org\/{rel}","templated":true}]}}