{"id":4975,"date":"2016-10-11T07:36:29","date_gmt":"2016-10-11T05:36:29","guid":{"rendered":"http:\/\/www.rc03-ilbenstadt.de\/?p=4975"},"modified":"2016-10-11T18:00:05","modified_gmt":"2016-10-11T16:00:05","slug":"deutsches-radsportabzeichenerfolgreiches-zeitfahren-in-der-wetterau","status":"publish","type":"post","link":"https:\/\/www.rc03-ilbenstadt.de\/?p=4975","title":{"rendered":"Deutsches Radsportabzeichen<br>Erfolgreiches Zeitfahren in der Wetterau"},"content":{"rendered":"<p>Unter dem Motto &#8222;Nur Du bist Gewinner im Kampf gegen die Uhr!&#8220; gingen am 3. Oktober 27 Sportlerinnen und Sportler auf die 10-Kilometerrunde, die zweimal zu durchfahren war. Eine Jugendliche startete \u00fcber 5 Kilometer.<\/p>\n<p>Es galt das Zeitfahren zum Erwerb des Deutschen Radsportabzeichens (DRA) zu absolvieren. Im <!--more-->Minutentakt wurde in Weckesheim gestartet und der Rundkurs \u00fcber Echzell, Heuchelheim und Reichelsheim wurde unter die R\u00e4der genommen. Unter den aufmerksamen Blicken des Pr\u00fcfers Michael Hammann und seines Zeitnehmers Hans Sch\u00f6niger zeigten die Teilnehmer bei gutem Radfahrwetter und gerade noch m\u00e4\u00dfigem Wind, durchweg gute Leistungen. Die Zeiten lagen zwischen sportlich ambitionierten 32 Minuten und guten 52 Minuten. Die Leistungsanforderungen sind nach Altersgruppen differenziert und hier gefahrene Zeiten sind pers\u00f6nliche Erfolge! Das DRA wird in Bronze, Silber oder Gold verliehen, es ist ein radsportliches Pendant zum Deutschen Sportabzeichen und zeichnet die Tr\u00e4gerin\/den Tr\u00e4ger f\u00fcr eine gute Leistungsf\u00e4higkeit aus.<\/p>\n<p>Zum Zeitfahren in die Wetterau reisten Radlerinnen und Radler aus R\u00fcsselsheim, Frankfurt, der Wetterau und dem Kreis Gie\u00dfen an. Der RC 03 Ilbenstadt dankt f\u00fcr die Teilnahme und f\u00fcr Spenden, die Genehmigungsgeb\u00fchren ertr\u00e4glicher gestalteten.<\/p>\n<p>Zwei Teilnehmer brachen das Zeitfahren zugunsten einer Hilfeleistung f\u00fcr eine gest\u00fcrzte Radlerin ab. Wir w\u00fcnschen der verletzten Heike R. von hier aus nochmals eine gute Besserung.<\/p>\n<p>F\u00fcr 2017 hei\u00dft es wieder am 3. Oktober &#8222;Start frei&#8220; zum Zeitfahren in der Wetterau. Jedermann ist eingeladen. Informationen zum DRA gibt es beim <a href=\"http:\/\/www.radsportabzeichen.de\" target=\"_blank\">Bund Deutscher Radfahrer<\/a>. Training und Abnahme sind beim <a href=\"https:\/\/www.rc03-ilbenstadt.de\" target=\"_blank\">RC 03 Ilbenstadt<\/a> und grunds\u00e4tzlich bei allen <a href=\"http:\/\/www.rsb-taunus-wetterau.de\/\" target=\"_blank\">radsporttreibenden Vereinen<\/a> m\u00f6glich. Macht mit!<\/p>\n<p>Impressionen vom Wetterauer Zeitfahren:<\/p>\n<table>\n<tbody>\n<tr>\n<td><a href=\"https:\/\/www.rc03-ilbenstadt.de\/wp-content\/uploads\/2016\/10\/B-RC03-161003-DRA_Weckesheim-29-WEB.jpg\" rel=\"lightbox[4975]\"><img loading=\"lazy\" decoding=\"async\" class=\"alignleft size-thumbnail wp-image-4973\" src=\"https:\/\/www.rc03-ilbenstadt.de\/wp-content\/uploads\/2016\/10\/B-RC03-161003-DRA_Weckesheim-29-WEB-150x150.jpg\" alt=\"b-rc03-161003-dra_weckesheim-29-web\" width=\"150\" height=\"150\" \/><\/a><\/td>\n<td><a href=\"https:\/\/www.rc03-ilbenstadt.de\/wp-content\/uploads\/2016\/10\/B-RC03-161003-DRA_Weckesheim-03-WEB.jpg\" rel=\"lightbox[4975]\"><img loading=\"lazy\" decoding=\"async\" class=\"alignleft size-thumbnail wp-image-4962\" src=\"https:\/\/www.rc03-ilbenstadt.de\/wp-content\/uploads\/2016\/10\/B-RC03-161003-DRA_Weckesheim-03-WEB-150x150.jpg\" alt=\"b-rc03-161003-dra_weckesheim-03-web\" width=\"150\" height=\"150\" \/><\/a><\/td>\n<td><a href=\"https:\/\/www.rc03-ilbenstadt.de\/wp-content\/uploads\/2016\/10\/B-RC03-161003-DRA_Weckesheim-04-WEB.jpg\" rel=\"lightbox[4975]\"><img loading=\"lazy\" decoding=\"async\" class=\"alignleft size-thumbnail wp-image-4961\" src=\"https:\/\/www.rc03-ilbenstadt.de\/wp-content\/uploads\/2016\/10\/B-RC03-161003-DRA_Weckesheim-04-WEB-150x150.jpg\" alt=\"b-rc03-161003-dra_weckesheim-04-web\" width=\"150\" height=\"150\" \/><\/a><\/td>\n<\/tr>\n<tr>\n<td><a href=\"https:\/\/www.rc03-ilbenstadt.de\/wp-content\/uploads\/2016\/10\/B-RC03-161003-DRA_Weckesheim-26-WEB-1.jpg\" rel=\"lightbox[4975]\"><img loading=\"lazy\" decoding=\"async\" class=\"alignleft size-thumbnail wp-image-4984\" src=\"https:\/\/www.rc03-ilbenstadt.de\/wp-content\/uploads\/2016\/10\/B-RC03-161003-DRA_Weckesheim-26-WEB-1-150x150.jpg\" alt=\"b-rc03-161003-dra_weckesheim-26-web\" width=\"150\" height=\"150\" \/><\/a><\/td>\n<td><a href=\"https:\/\/www.rc03-ilbenstadt.de\/wp-content\/uploads\/2016\/10\/B-RC03-161003-DRA_Weckesheim-21-WEB.jpg\" rel=\"lightbox[4975]\"><img loading=\"lazy\" decoding=\"async\" class=\"alignleft size-thumbnail wp-image-4981\" src=\"https:\/\/www.rc03-ilbenstadt.de\/wp-content\/uploads\/2016\/10\/B-RC03-161003-DRA_Weckesheim-21-WEB-150x150.jpg\" alt=\"b-rc03-161003-dra_weckesheim-21-web\" width=\"150\" height=\"150\" \/><\/a><\/td>\n<td><a href=\"https:\/\/www.rc03-ilbenstadt.de\/wp-content\/uploads\/2016\/10\/B-RC03-161003-DRA_Weckesheim-24-WEB.jpg\" rel=\"lightbox[4975]\"><img loading=\"lazy\" decoding=\"async\" class=\"alignleft size-thumbnail wp-image-4971\" src=\"https:\/\/www.rc03-ilbenstadt.de\/wp-content\/uploads\/2016\/10\/B-RC03-161003-DRA_Weckesheim-24-WEB-150x150.jpg\" alt=\"b-rc03-161003-dra_weckesheim-24-web\" width=\"150\" height=\"150\" \/><\/a><\/td>\n<\/tr>\n<tr>\n<td><a href=\"https:\/\/www.rc03-ilbenstadt.de\/wp-content\/uploads\/2016\/10\/B-RC03-161003-DRA_Weckesheim-17-WEB.jpg\" rel=\"lightbox[4975]\"><img loading=\"lazy\" decoding=\"async\" class=\"alignleft size-thumbnail wp-image-4967\" src=\"https:\/\/www.rc03-ilbenstadt.de\/wp-content\/uploads\/2016\/10\/B-RC03-161003-DRA_Weckesheim-17-WEB-150x150.jpg\" alt=\"b-rc03-161003-dra_weckesheim-17-web\" width=\"150\" height=\"150\" \/><\/a><\/td>\n<td><a href=\"https:\/\/www.rc03-ilbenstadt.de\/wp-content\/uploads\/2016\/10\/B-RC03-161003-DRA_Weckesheim-16-WEB.jpg\" rel=\"lightbox[4975]\"><img loading=\"lazy\" decoding=\"async\" class=\"alignleft size-thumbnail wp-image-4966\" src=\"https:\/\/www.rc03-ilbenstadt.de\/wp-content\/uploads\/2016\/10\/B-RC03-161003-DRA_Weckesheim-16-WEB-150x150.jpg\" alt=\"b-rc03-161003-dra_weckesheim-16-web\" width=\"150\" height=\"150\" \/><\/a><\/td>\n<td><a href=\"https:\/\/www.rc03-ilbenstadt.de\/wp-content\/uploads\/2016\/10\/B-RC03-161003-DRA_Weckesheim-11-WEB.jpg\" rel=\"lightbox[4975]\"><img loading=\"lazy\" decoding=\"async\" class=\"alignleft size-thumbnail wp-image-4964\" src=\"https:\/\/www.rc03-ilbenstadt.de\/wp-content\/uploads\/2016\/10\/B-RC03-161003-DRA_Weckesheim-11-WEB-150x150.jpg\" alt=\"b-rc03-161003-dra_weckesheim-11-web\" width=\"150\" height=\"150\" \/><\/a><\/td>\n<\/tr>\n<\/tbody>\n<\/table>\n","protected":false},"excerpt":{"rendered":"<p>Unter dem Motto &#8222;Nur Du bist Gewinner im Kampf gegen die Uhr!&#8220; gingen am 3. Oktober 27 Sportlerinnen und Sportler auf die 10-Kilometerrunde, die zweimal zu durchfahren war. Eine Jugendliche startete \u00fcber 5 Kilometer. Es galt das Zeitfahren zum Erwerb &hellip; <a href=\"https:\/\/www.rc03-ilbenstadt.de\/?p=4975\">Weiterlesen <span class=\"meta-nav\">&rarr;<\/span><\/a><\/p>\n","protected":false},"author":9,"featured_media":4024,"comment_status":"closed","ping_status":"closed","sticky":false,"template":"","format":"standard","meta":{"_crdt_document":"","footnotes":""},"categories":[1],"tags":[],"class_list":["post-4975","post","type-post","status-publish","format-standard","has-post-thumbnail","hentry","category-allgemein"],"_links":{"self":[{"href":"https:\/\/www.rc03-ilbenstadt.de\/index.php?rest_route=\/wp\/v2\/posts\/4975","targetHints":{"allow":["GET"]}}],"collection":[{"href":"https:\/\/www.rc03-ilbenstadt.de\/index.php?rest_route=\/wp\/v2\/posts"}],"about":[{"href":"https:\/\/www.rc03-ilbenstadt.de\/index.php?rest_route=\/wp\/v2\/types\/post"}],"author":[{"embeddable":true,"href":"https:\/\/www.rc03-ilbenstadt.de\/index.php?rest_route=\/wp\/v2\/users\/9"}],"replies":[{"embeddable":true,"href":"https:\/\/www.rc03-ilbenstadt.de\/index.php?rest_route=%2Fwp%2Fv2%2Fcomments&post=4975"}],"version-history":[{"count":5,"href":"https:\/\/www.rc03-ilbenstadt.de\/index.php?rest_route=\/wp\/v2\/posts\/4975\/revisions"}],"predecessor-version":[{"id":4989,"href":"https:\/\/www.rc03-ilbenstadt.de\/index.php?rest_route=\/wp\/v2\/posts\/4975\/revisions\/4989"}],"wp:featuredmedia":[{"embeddable":true,"href":"https:\/\/www.rc03-ilbenstadt.de\/index.php?rest_route=\/wp\/v2\/media\/4024"}],"wp:attachment":[{"href":"https:\/\/www.rc03-ilbenstadt.de\/index.php?rest_route=%2Fwp%2Fv2%2Fmedia&parent=4975"}],"wp:term":[{"taxonomy":"category","embeddable":true,"href":"https:\/\/www.rc03-ilbenstadt.de\/index.php?rest_route=%2Fwp%2Fv2%2Fcategories&post=4975"},{"taxonomy":"post_tag","embeddable":true,"href":"https:\/\/www.rc03-ilbenstadt.de\/index.php?rest_route=%2Fwp%2Fv2%2Ftags&post=4975"}],"curies":[{"name":"wp","href":"https:\/\/api.w.org\/{rel}","templated":true}]}}