{"id":4997,"date":"2016-11-13T14:02:55","date_gmt":"2016-11-13T13:02:55","guid":{"rendered":"http:\/\/www.rc03-ilbenstadt.de\/?p=4997"},"modified":"2016-11-13T14:23:03","modified_gmt":"2016-11-13T13:23:03","slug":"einladung-zur-saisonabschlussfeier-des-rc-03-ilbenstadtam-samstag-dem-19-november-2016","status":"publish","type":"post","link":"https:\/\/www.rc03-ilbenstadt.de\/?p=4997","title":{"rendered":"Einladung zur Saisonabschlussfeier<br>des RC 03 Ilbenstadt<br>am Samstag, dem 19. November 2016"},"content":{"rendered":"<div class=\"single-entry-content\">\n<p>Am Samstag beginnt unsere Saisonabschlussfeier um 19:30 Uhr mit einem Sektempfang im B\u00fcrgerhaus Ilbenstadt. Mitglieder und Freunde des Vereins sind herzlich eingeladen. Helmut R\u00fchl wird durch den Abend f\u00fchren, dessen H\u00f6hepunkt die Ehrungen unserer Sportlerinnen und Sportler f\u00fcr die gezeigten Leistungen im Radtouren- (RTF) und Countrytourenfahren (CTF) sowie des Radwanderns sind. Dazwischen erleben wir humorvolle Beitr\u00e4ge unseres Moderators und auch radsportliche Darbietungen.<\/p>\n<p>Wir erwarten unsere Mitglieder und G\u00e4ste im<!--more--><\/p>\n<p>liebevoll dekorierten und mit angepasster Beleuchtung gem\u00fctlich gestalteten B\u00fcrgerhaus in Ilbenstadt zu einem fr\u00f6hlichen Abend, der neben den Ehrungen unserer Sportlerinnen und Sportler Unterhaltung, viel Raum f\u00fcr <span id=\"more-4174\"><\/span>pers\u00f6nliche Gespr\u00e4che rund um den Radsport und vielem mehr bietet.<\/p>\n<p>Wir freuen uns besonders, dass auch in diesem Jahr die Mitglieder und G\u00e4ste der Bundes-Ehren-Gilde aus dem Kreis Mittelhessen mit uns die Sportlerehrung und den Saisonabschluss feiern.<\/p>\n<p>Am Sonntag, dem 20. November geht es fast nahtlos mit der n\u00e4chsten <strong>Sportlerehrung im Radsportbezirk Taunus-Wetterau<\/strong> weiter. Die Bezirksfachwarte Manfred Reinelt (Radwandern) und Daniel Reinelt (RTF\/CTF) laden dazu um 14:30 Uhr in das B\u00fcrgerhaus von Nieder-Florstadt, Freiherr-von-Stein-Stra\u00dfe 1 ein. Die zu ehrenden Sportlerinnen und Sportler haben bereits eine pers\u00f6nliche Einladung erhalten. Wer an der feierlichen Ehrung mit kurzweiligem Programm teilnehmen m\u00f6chte, wird m\u00f6glichst um eine Voranmeldung bis zum 17. November \u00fcber seinen Radsportverein gebeten. Auch hier freuen wir uns, dass der Radsportbezirk dem Breitensport die Aufmerksamkeit erweist, die den Aktivit\u00e4ten und den hier gezeigten Leistungen gerecht wird.<\/p>\n<p>Euer\/Ihr<br \/>\nRC 03 Ilbenstadt<\/p>\n<\/div>\n","protected":false},"excerpt":{"rendered":"<p>Am Samstag beginnt unsere Saisonabschlussfeier um 19:30 Uhr mit einem Sektempfang im B\u00fcrgerhaus Ilbenstadt. Mitglieder und Freunde des Vereins sind herzlich eingeladen. Helmut R\u00fchl wird durch den Abend f\u00fchren, dessen H\u00f6hepunkt die Ehrungen unserer Sportlerinnen und Sportler f\u00fcr die gezeigten &hellip; <a href=\"https:\/\/www.rc03-ilbenstadt.de\/?p=4997\">Weiterlesen <span class=\"meta-nav\">&rarr;<\/span><\/a><\/p>\n","protected":false},"author":9,"featured_media":4180,"comment_status":"closed","ping_status":"closed","sticky":false,"template":"","format":"standard","meta":{"_crdt_document":"","footnotes":""},"categories":[1],"tags":[],"class_list":["post-4997","post","type-post","status-publish","format-standard","has-post-thumbnail","hentry","category-allgemein"],"_links":{"self":[{"href":"https:\/\/www.rc03-ilbenstadt.de\/index.php?rest_route=\/wp\/v2\/posts\/4997","targetHints":{"allow":["GET"]}}],"collection":[{"href":"https:\/\/www.rc03-ilbenstadt.de\/index.php?rest_route=\/wp\/v2\/posts"}],"about":[{"href":"https:\/\/www.rc03-ilbenstadt.de\/index.php?rest_route=\/wp\/v2\/types\/post"}],"author":[{"embeddable":true,"href":"https:\/\/www.rc03-ilbenstadt.de\/index.php?rest_route=\/wp\/v2\/users\/9"}],"replies":[{"embeddable":true,"href":"https:\/\/www.rc03-ilbenstadt.de\/index.php?rest_route=%2Fwp%2Fv2%2Fcomments&post=4997"}],"version-history":[{"count":5,"href":"https:\/\/www.rc03-ilbenstadt.de\/index.php?rest_route=\/wp\/v2\/posts\/4997\/revisions"}],"predecessor-version":[{"id":5005,"href":"https:\/\/www.rc03-ilbenstadt.de\/index.php?rest_route=\/wp\/v2\/posts\/4997\/revisions\/5005"}],"wp:featuredmedia":[{"embeddable":true,"href":"https:\/\/www.rc03-ilbenstadt.de\/index.php?rest_route=\/wp\/v2\/media\/4180"}],"wp:attachment":[{"href":"https:\/\/www.rc03-ilbenstadt.de\/index.php?rest_route=%2Fwp%2Fv2%2Fmedia&parent=4997"}],"wp:term":[{"taxonomy":"category","embeddable":true,"href":"https:\/\/www.rc03-ilbenstadt.de\/index.php?rest_route=%2Fwp%2Fv2%2Fcategories&post=4997"},{"taxonomy":"post_tag","embeddable":true,"href":"https:\/\/www.rc03-ilbenstadt.de\/index.php?rest_route=%2Fwp%2Fv2%2Ftags&post=4997"}],"curies":[{"name":"wp","href":"https:\/\/api.w.org\/{rel}","templated":true}]}}