{"id":5011,"date":"2016-11-28T12:04:34","date_gmt":"2016-11-28T11:04:34","guid":{"rendered":"http:\/\/www.rc03-ilbenstadt.de\/?p=5011"},"modified":"2016-12-01T10:51:28","modified_gmt":"2016-12-01T09:51:28","slug":"saisonabschlussfeier-2016-beim-rc-03-ilbenstadtsportlerehrung-und-uebergabe-neuer-vereinsbekleidung","status":"publish","type":"post","link":"https:\/\/www.rc03-ilbenstadt.de\/?p=5011","title":{"rendered":"Saisonabschlussfeier 2016 beim RC 03 Ilbenstadt<br>Sportlerehrung und \u00dcbergabe neuer Vereinsbekleidung"},"content":{"rendered":"<p>Saisonabschlussfeier? Mittlerweile haben wir auf der Breitensportebene so ein vielf\u00e4ltiges, dichtes und vor allem ganzj\u00e4hriges Radsportangebot, dass hier ein \u00dcberblick geboten ist, zumal Saisonbeginn und -ende nicht mit dem Kalenderjahr einhergehen. Wir betreiben das<\/p>\n<ul>\n<li><strong>Radtourenfahren (RTF)<\/strong><br \/>\nDies ist sportliches Radfahren auf der Stra\u00dfe in der Gruppe oder als trainierte Einzelfahrerin\/trainerter Einzelfahrer mit individueller Wahl von Streckenl\u00e4nge und Belastung. Es erfolgt keine Zeitnahme!<\/li>\n<li><strong>Countrytourenfahren (CTF)<\/strong><br \/>\n<!--more-->Wie beim Radtourenfahren steht hier das sportliche Radfahren im Vordergrund. Es findet jedoch abseits des Stra\u00dfenverkehrs auf Feld-, Wald- und Wirtschaftswegen statt und bietet ein pures Naturerlebnis. Die R\u00fccksichtnahme auf Natur und andere erholungssuchende Nutzer dieser Wege einschlie\u00dflich des land- und forstwirtschaftlichen Verkehrs, ist unser besonderes Anliegen.<\/li>\n<li><strong>Radwandern<\/strong><br \/>\nGesundheitsorientiertes Radfahren in der Gruppe bietet eine hervorragende M\u00f6glichkeit, die n\u00e4here Heimat per Rad kennenzulernen und neue Einblicke in die umgebende Natur, besondere Landstriche, Orte und Kulturelles zu gewinnen<\/li>\n<\/ul>\n<p>W\u00e4hrend die RTF-Saison von Anfang M\u00e4rz bis Mitte Oktober tausende Radsportlerinnen und Radsportler in zahlreichen Veranstaltungen im Bundesgebiet an Wochenenden und Feiertagen auf die Stra\u00dfen lockt, sind CTF und das Radwandern Ganzjahresveranstaltungen, deren Saisonende regelm\u00e4\u00dfig mit dem Ende der RTF-Saison zusammenf\u00e4llt.<br \/>\nDazu wurde die Abnahme des Deutschen Radsportabzeichens als Ausweis guter sportlicher Fitness angeboten.<\/p>\n<p>42 Aktive sind zu Jahresbeginn in den Wettbewerb RTF\/CTF eingestiegen. 27 wetterfeste Radsportlerinnen und Radsportler haben zum Saisonende ihre Wertungskarten in den Ring geworfen. Eine ereignisreiche Saison, die kalt und nass begann, die sich \u00fcber eine hei\u00dfe und trockene Sommerzeit in einen wundersch\u00f6nen, goldenen Herbst rettete, bevor am Ende wieder Nehmerqualit\u00e4ten angesichts sinkender Temperaturen und Niederschl\u00e4gen gefragt waren, lag hinter den unerschrockenen Sportlern. Knapp 40.000 Kilometer wurden zusammen erradelt, eine respektable Leistung.<\/p>\n<p>Zur Saisonabschlussfeier, die von Helmut R\u00fchl in bew\u00e4hrter, abwechslungsreicher Form moderiert wurde, konnten wir wieder die Bundesehrengilde Mittelhessen mit ihrem Obmann Herbert Bender und dem Schatzmeister Horst K\u00f6hler begr\u00fc\u00dfen, mit denen wir \u00fcber den Radsport freundschaftlich verbunden sind. Gefreut haben wir uns, dass Doris Hof und auch Peter Krebs unserer Einladung gefolgt sind.<\/p>\n<p>Vor, zwischen und nach den Ehrungen unserer Sportler pr\u00e4sentierte uns Helmut R\u00fchl besondere Programmpunkte. Vom RV Rockenberg zeigte uns die kleine Emila als &#8222;Katze&#8220; ihre beachtliche Show im zweiten Monat ihrer noch jungen Einradkarriere. Die Sch\u00fclerinnen Leonie und Katja stellten im Anschluss ihre beeindruckenden Einradk\u00fcnste als &#8222;Zirkuspferde&#8220; unter fachkundiger F\u00fchrung des erprobten Ein- und Zweiradartisten Helmut R\u00fchl unter Beweis. Kurzweilige Spiele bezogen G\u00e4ste und Sportler mit ein, gute Reaktionen und Wissen war gefragt, so beim Erraten musikalischer Leckerbissen, die in kleinen, unsortierten Happen angeboten wurden, um am Ende zu einem Gesamtkunstwerk verbunden und dirigiert werden mussten. Kelvin Seum, der 17-j\u00e4hrige Vize-Hessenmeister von der RVG Hungen zeigte auf dem Kunstrad der staunenden Tourenfahrergemeinschaft, was auf einem Zweirad noch so alles m\u00f6glich ist. Stehend, sitzend, vorw\u00e4rts und r\u00fcckw\u00e4rts kreiselte Kelvin souver\u00e4n durch den Saal und manch einer ging im Geiste die \u00dcbungen mit und malte sich aus, mit welchen Blessuren er einen Ausflug in die Kunstradwelt h\u00e4tte zahlen m\u00fcssen. Auch er wurde mit viel Applaus verabschiedet.<\/p>\n<div id=\"attachment_5050\" style=\"width: 160px\" class=\"wp-caption alignleft\"><a href=\"https:\/\/www.rc03-ilbenstadt.de\/wp-content\/uploads\/2016\/11\/B-RC03-Saisonabschlussfeier_2016-080-Hans-WEB.jpg\" rel=\"lightbox[5011]\"><img loading=\"lazy\" decoding=\"async\" aria-describedby=\"caption-attachment-5050\" class=\"size-thumbnail wp-image-5050\" src=\"https:\/\/www.rc03-ilbenstadt.de\/wp-content\/uploads\/2016\/11\/B-RC03-Saisonabschlussfeier_2016-080-Hans-WEB-150x150.jpg\" alt=\"Peter Krebs (li) Bild zum Vergr\u00f6\u00dfern anklicken\" width=\"150\" height=\"150\" \/><\/a><p id=\"caption-attachment-5050\" class=\"wp-caption-text\">Peter Krebs (li.)<br \/><span style=\"font-size: 10px;\">Bild zum Vergr\u00f6\u00dfern anklicken<\/span><\/p><\/div>\n<p>Peter Krebs, Gesch\u00e4ftsf\u00fchrer der Firma <a title=\"TRADECONNECTIONKREBS\" href=\"http:\/\/www.tc-krebs.de\/#\" target=\"_blank\"><strong>TRADE CONNECTION KREBS GmbH<\/strong><\/a> \u2013 DIGITALE <strong>MEDIENGESTALTUNG<\/strong> UND <strong>WERBUNG,\u00a0 <\/strong>nutzte die Gelegenheit zur offiziellen \u00dcbergabe der neuen Vereinsbekleidung. Seit fr\u00fchester Jugend hat Peter Krebs beim RC 03 unter der \u00c4gide von Theo Hof\u00a0 aktiv Radsport betrieben. Auch wenn er mittlerweile in &#8222;seinem&#8220; RSC Niddatal den Vorsitz inne hat und mit seinem bundesweit agierenden Unternehmen von Ilbenstadt nach Rosbach gezogen ist, bleibt er dem RC 03 weiterhin verbunden. Im Fr\u00fchjahr beteiligte er sich spontan an der Gestaltung und Beschaffung der neuen Vereinsbekleidung und leistete dar\u00fcber hinaus einen erheblichen finanziellen Beitrag. Trikot, Tr\u00e4gerhose und Windjacke sind in den Vereinsfarben gef\u00e4llig und modern gestaltet. Funktionalit\u00e4t, Wetterschutz und gute Sichtbarkeit zeichnen die Vereinskleidung weiter aus. Die Fahrerinnen und Fahrer des RC 03 Ilbenstadt werden die n\u00e4chsten Jahre in diesem Outfit Verein und Sponsor repr\u00e4sentieren. Wir sagen Dank f\u00fcr die gro\u00dfz\u00fcgige Beteiligung zur F\u00f6rderung unseres Radsportvereins.<\/p>\n<p><strong>Nun zum Hauptpunkt, der Sportlerehrung<br \/>\n<\/strong>Wir freuen uns, dass wir bei RTF\/CTF in der Damenklasse, sowie in der Herrenklasse (unter\/\u00fcber 60 Jahren) respektable Leistungen w\u00fcrdigen und ehren k\u00f6nnen. Die Geehrten erhalten in Anerkennung ihrer Leistungen eine Urkunde und ein Badetuch mit eingesticktem Vereinslogo und dem Schriftzug &#8222;Vereinsmeister 2016, Platzierung\/Klasse, Vor- und Zuname). Folgende Ehrungen wurden vorgenommen:<\/p>\n<p><strong>Damenklasse RTF\/CTF<br \/>\n<\/strong><\/p>\n<table>\n<tbody>\n<tr>\n<td>1. Platz<\/td>\n<td><strong>Elvira Dinges<\/strong><\/td>\n<td>83 Vereinspunkte<\/td>\n<td>2139 Kilometer<\/td>\n<\/tr>\n<tr>\n<td>2. Platz<\/td>\n<td><strong>Inge Wiesk\u00e4mper <\/strong><\/td>\n<td>57 Vereinspunkte<\/td>\n<td>\u00a0 972 Kilometer<\/td>\n<\/tr>\n<tr>\n<td>3. Platz<\/td>\n<td><strong>Inge Schr\u00f6der<br \/>\n<\/strong><\/td>\n<td>47 Vereinspunkte<\/td>\n<td>\u00a0 833 Kilometer<\/td>\n<\/tr>\n<tr>\n<td>4. Platz<\/td>\n<td><strong>Karin Schuster<\/strong><\/td>\n<td>47 Vereinspunkte<\/td>\n<td>\u00a0 766 Kilometer<\/td>\n<\/tr>\n<\/tbody>\n<\/table>\n<p><a href=\"https:\/\/www.rc03-ilbenstadt.de\/wp-content\/uploads\/2016\/11\/B-RC03-Saisonabschlussfeier_2016-076-Hans-WEB.jpg\" rel=\"lightbox[5011]\"><img loading=\"lazy\" decoding=\"async\" class=\"alignleft size-thumbnail wp-image-5047\" src=\"https:\/\/www.rc03-ilbenstadt.de\/wp-content\/uploads\/2016\/11\/B-RC03-Saisonabschlussfeier_2016-076-Hans-WEB-150x150.jpg\" alt=\"\" width=\"150\" height=\"150\" \/><\/a>Elvira Dinges<br \/>\nInge Wiesk\u00e4mper<br \/>\nInge Schr\u00f6der<br \/>\nKarin Schuster<br \/>\nmit den Fachwarten Oliver Witt und Michael Schneider<\/p>\n<p><span style=\"font-size: 10px;\">Reihenfolge von links, Bild zum Vergr\u00f6\u00dfern anklicken<\/span><\/p>\n<p><strong>Herrenklasse\u00a0 RTF\/CTF bis 60 Jahre<\/strong><\/p>\n<table>\n<tbody>\n<tr>\n<td>1. Platz<\/td>\n<td><strong>Dieter Herbert\u00a0\u00a0\u00a0\u00a0\u00a0\u00a0\u00a0\u00a0 <\/strong><\/td>\n<td>144 Vereinspunkte<\/td>\n<td>3287 Kilometer<\/td>\n<\/tr>\n<tr>\n<td>2. Platz<\/td>\n<td><strong>Oliver Witt<\/strong><\/td>\n<td>\u00a0 94 Vereinspunkte<\/td>\n<td>2176 Kilometer<\/td>\n<\/tr>\n<tr>\n<td>3. Platz<\/td>\n<td><strong>Kurt L\u00f6chner<\/strong><\/td>\n<td>\u00a0 79 Vereinspunkte<\/td>\n<td>1759 Kilometer<\/td>\n<\/tr>\n<\/tbody>\n<\/table>\n<p><a href=\"https:\/\/www.rc03-ilbenstadt.de\/wp-content\/uploads\/2016\/11\/B-RC03-Saisonabschlussfeier_2016-057-Inge-WEB.jpg\" rel=\"lightbox[5011]\"><img loading=\"lazy\" decoding=\"async\" class=\"alignleft size-thumbnail wp-image-5041\" src=\"https:\/\/www.rc03-ilbenstadt.de\/wp-content\/uploads\/2016\/11\/B-RC03-Saisonabschlussfeier_2016-057-Inge-WEB-150x150.jpg\" alt=\"b-rc03-saisonabschlussfeier_2016-057-inge-web\" width=\"150\" height=\"150\" \/><\/a>Dieter Herbert <span style=\"font-size: 10px;\">(2. von rechts)<\/span><br \/>\nOliver Witt <span style=\"font-size: 10px;\">(3. von rechts)<br \/>\n<\/span>Kurt L\u00f6chner <span style=\"font-size: 10px;\">(rechts)<\/span><\/p>\n<p>mit Fachwart Michael Schneider <span style=\"font-size: 10px;\">(links)<\/span><\/p>\n<p><span style=\"font-size: 10px;\">Bild zum Vergr\u00f6\u00dfern anklicken<\/span><\/p>\n<p>&nbsp;<\/p>\n<p><strong>Herrenklasse RTF\/CTF \u00fcber 60 Jahre<\/strong><\/p>\n<table>\n<tbody>\n<tr>\n<td>1. Platz<\/td>\n<td><strong>Johannes Contag \u00a0 <\/strong><\/td>\n<td>150 Vereinspunkte<\/td>\n<td>3531 Kilometer<\/td>\n<\/tr>\n<tr>\n<td>2. Platz<\/td>\n<td><strong>Klaus Hochstadt<\/strong><\/td>\n<td>142 Vereinspunkte<\/td>\n<td>3611 Kilometer<\/td>\n<\/tr>\n<tr>\n<td>3. Platz<\/td>\n<td><strong>Giovanni Di Rosa<\/strong><\/td>\n<td>134 Vereinspunkte<\/td>\n<td>3106 Kilometer<\/td>\n<\/tr>\n<tr>\n<td>4. Platz<\/td>\n<td><strong>Werner Behm<\/strong><\/td>\n<td>121 Vereinspunkte<\/td>\n<td>2660 Kilometer<\/td>\n<\/tr>\n<tr>\n<td>5. Platz<\/td>\n<td><strong>Klaus Dinges<br \/>\n<\/strong><\/td>\n<td>\u00a0 83 Vereinspunkte<\/td>\n<td>2139 Kilometer<\/td>\n<\/tr>\n<\/tbody>\n<\/table>\n<p><a href=\"https:\/\/www.rc03-ilbenstadt.de\/wp-content\/uploads\/2016\/11\/B-RC03-Saisonabschlussfeier_2016-064-Inge-WEB.jpg\" rel=\"lightbox[5011]\"><img loading=\"lazy\" decoding=\"async\" class=\"alignleft size-thumbnail wp-image-5043\" src=\"https:\/\/www.rc03-ilbenstadt.de\/wp-content\/uploads\/2016\/11\/B-RC03-Saisonabschlussfeier_2016-064-Inge-WEB-150x150.jpg\" alt=\"b-rc03-saisonabschlussfeier_2016-064-inge-web\" width=\"150\" height=\"150\" \/><\/a>Johannes Contag <span style=\"font-size: 10px;\">(rechts)<\/span><br \/>\nKlaus Hochstadt\u00a0 <span style=\"font-size: 10px;\">(2. von rechts)<\/span><br \/>\nGiovanni Di Rosa <span style=\"font-size: 10px;\">(5. von rechts))<\/span><br \/>\nWerner Behm <span style=\"font-size: 10px;\">(4. von rechts)<\/span><br \/>\nKlaus Dinges <span style=\"font-size: 10px;\">(Mitte)<\/span><br \/>\nmit den Fachwarten Oliver Witt und Michael Schneider<br \/>\n<span style=\"font-size: 10px;\">Bild zum Vergr\u00f6\u00dfern anklicken<\/span><br \/>\n<strong><br \/>\nRadwandern<\/strong><\/p>\n<table>\n<tbody>\n<tr>\n<td>Lutz Delling<\/td>\n<td>449 Kilometer<\/td>\n<\/tr>\n<\/tbody>\n<\/table>\n<p><a href=\"https:\/\/www.rc03-ilbenstadt.de\/wp-content\/uploads\/2016\/11\/B-RC03-Saisonabschlussfeier_2016-010-Giovanni-WEB-1.jpg\" rel=\"lightbox[5011]\"><img loading=\"lazy\" decoding=\"async\" class=\"alignleft size-thumbnail wp-image-5060\" src=\"https:\/\/www.rc03-ilbenstadt.de\/wp-content\/uploads\/2016\/11\/B-RC03-Saisonabschlussfeier_2016-010-Giovanni-WEB-1-150x150.jpg\" alt=\"b-rc03-saisonabschlussfeier_2016-010-giovanni-web\" width=\"150\" height=\"150\" \/><\/a>Lutz Delling <span style=\"font-size: 10px;\">(links)<\/span><br \/>\nLutz ist auch Fachwart Radwandern und freut sich<br \/>\n2017 Euch beim Radwandern zu sehen.<span style=\"font-size: 10px;\"><br \/>\n<\/span><\/p>\n<p>&nbsp;<\/p>\n<p><span style=\"font-size: 10px;\">Bild zum Vergr\u00f6\u00dfern anklicken<\/span><br \/>\n<strong><br \/>\nDeutsche Radsportabzeichen<\/strong><\/p>\n<table>\n<tbody>\n<tr>\n<td>Elvira Dinges<\/td>\n<td>DRA in Gold<\/td>\n<\/tr>\n<tr>\n<td>Klaus Dinges<\/td>\n<td>DRA in Gold<\/td>\n<\/tr>\n<tr>\n<td>Giovanni Di Rosa<\/td>\n<td>DRA in Gold<\/td>\n<\/tr>\n<tr>\n<td>Johannes Contag<\/td>\n<td>DRA in Gold<\/td>\n<\/tr>\n<tr>\n<td>Dieter Herbert<\/td>\n<td>DRA in Gold<\/td>\n<\/tr>\n<tr>\n<td>Klaus Hochstadt<\/td>\n<td>DRA in Silber<\/td>\n<\/tr>\n<\/tbody>\n<\/table>\n<p><a href=\"https:\/\/www.rc03-ilbenstadt.de\/wp-content\/uploads\/2016\/11\/B-RC03-Saisonabschlussfeier_2016-063-Inge-WEB.jpg\" rel=\"lightbox[5011]\"><img loading=\"lazy\" decoding=\"async\" class=\"alignleft size-thumbnail wp-image-5042\" src=\"https:\/\/www.rc03-ilbenstadt.de\/wp-content\/uploads\/2016\/11\/B-RC03-Saisonabschlussfeier_2016-063-Inge-WEB-150x150.jpg\" alt=\"b-rc03-saisonabschlussfeier_2016-063-inge-web\" width=\"150\" height=\"150\" \/><\/a>Elvira und Klaus Dinges<br \/>\nDieter Herbert<br \/>\nKlaus Hochstadt<br \/>\nJohannes Contag<br \/>\nGiovanni Di Rosa<br \/>\nmit Michael Hammann (Pr\u00fcfer DRA) und Hans Sch\u00f6niger (Zeitnahme und Organisation DRA)<br \/>\n<span style=\"font-size: 10px;\">Reihenfolge von links, Bild zum Vergr\u00f6\u00dfern anklicken<\/span><\/p>\n<p>An dieser Stelle m\u00f6chten wir nochmals den Respekt f\u00fcr die Leistung zollen und die Gl\u00fcckw\u00fcnsche zur erreichten Platzierung aussprechen. Ausdr\u00fccklich danken wir den Helferinnen und Helfern, sowie den Mitwirkenden an dieser Saisonabschlussfeier, die einen stimmungsvollen Rahmen dieser Sportlerehrung gegeben haben.<br \/>\nEin vergn\u00fcglicher Abend, angef\u00fcllt mit Unterhaltung, lebhaftem Gedankenaustausch und den ersten Planungen zur n\u00e4chsten Saison ging zu Ende. Wir w\u00fcnschen eine erfolgreiche und unfallfreie Radsportsaison 2016\/2017 und weiter Freude am Radsport.<\/p>\n<p><strong>Impressionen von der Saisonabschlussfeier:<\/strong><\/p>\n<table style=\"width: 535px;\">\n<tbody>\n<tr style=\"height: 166px;\">\n<td style=\"height: 166px; width: 169.933px; text-align: center;\"><a href=\"https:\/\/www.rc03-ilbenstadt.de\/wp-content\/uploads\/2016\/11\/B-RC03-Saisonabschlussfeier_2016-001-Giovanni-WEB.jpg\" rel=\"lightbox[5011]\"><img loading=\"lazy\" decoding=\"async\" class=\"alignleft size-thumbnail wp-image-5053\" src=\"https:\/\/www.rc03-ilbenstadt.de\/wp-content\/uploads\/2016\/11\/B-RC03-Saisonabschlussfeier_2016-001-Giovanni-WEB-150x150.jpg\" alt=\"b-rc03-saisonabschlussfeier_2016-001-giovanni-web\" width=\"150\" height=\"150\" \/><\/a><\/td>\n<td style=\"height: 166px; width: 168.067px;\"><a href=\"https:\/\/www.rc03-ilbenstadt.de\/wp-content\/uploads\/2016\/11\/B-RC03-Saisonabschlussfeier_2016-078-Hans-WEB.jpg\" rel=\"lightbox[5011]\"><img loading=\"lazy\" decoding=\"async\" class=\"alignleft size-thumbnail wp-image-5049\" src=\"https:\/\/www.rc03-ilbenstadt.de\/wp-content\/uploads\/2016\/11\/B-RC03-Saisonabschlussfeier_2016-078-Hans-WEB-150x150.jpg\" alt=\"\" width=\"150\" height=\"150\" \/><\/a><\/td>\n<td style=\"height: 166px; width: 175px;\"><a href=\"https:\/\/www.rc03-ilbenstadt.de\/wp-content\/uploads\/2016\/11\/B-RC03-Saisonabschlussfeier_2016-035-Giovanni-WEB.jpg\" rel=\"lightbox[5011]\"><img loading=\"lazy\" decoding=\"async\" class=\"alignleft size-thumbnail wp-image-5037\" src=\"https:\/\/www.rc03-ilbenstadt.de\/wp-content\/uploads\/2016\/11\/B-RC03-Saisonabschlussfeier_2016-035-Giovanni-WEB-150x150.jpg\" alt=\"b-rc03-saisonabschlussfeier_2016-035-giovanni-web\" width=\"150\" height=\"150\" \/><\/a><\/td>\n<\/tr>\n<tr style=\"height: 48px;\">\n<td style=\"height: 48px; width: 169.933px; text-align: left; vertical-align: top;\" scope=\"colgroup\"><span style=\"font-size: 8px;\">\u00a0Unser Moderator Helmut R\u00fchl<br \/>\n(Mitte)<\/span><\/td>\n<td style=\"height: 48px; width: 168.067px; text-align: left; vertical-align: top;\"><span style=\"font-size: 8px;\">Die Bundesehrengilde<\/span><br \/>\n<span style=\"font-size: 8px;\"> Mittelhessen<\/span><\/td>\n<td style=\"height: 48px; width: 175px; text-align: left; vertical-align: top;\"><span style=\"font-size: 8px;\">\u00a0Doris Hof mit Hans Sch\u00f6niger<\/span><\/td>\n<\/tr>\n<tr style=\"height: 166px;\">\n<td style=\"height: 166px; width: 169.933px;\"><a href=\"https:\/\/www.rc03-ilbenstadt.de\/wp-content\/uploads\/2016\/11\/B-RC03-Saisonabschlussfeier_2016-038-Giovanni-WEB.jpg\" rel=\"lightbox[5011]\"><img loading=\"lazy\" decoding=\"async\" class=\"alignleft size-thumbnail wp-image-5039\" src=\"https:\/\/www.rc03-ilbenstadt.de\/wp-content\/uploads\/2016\/11\/B-RC03-Saisonabschlussfeier_2016-038-Giovanni-WEB-150x150.jpg\" alt=\"b-rc03-saisonabschlussfeier_2016-038-giovanni-web\" width=\"150\" height=\"150\" \/><\/a><\/td>\n<td style=\"height: 166px; width: 168.067px;\"><a href=\"https:\/\/www.rc03-ilbenstadt.de\/wp-content\/uploads\/2016\/11\/B-RC03-Saisonabschlussfeier_2016-039-Giovanni-WEB.jpg\" rel=\"lightbox[5011]\"><img loading=\"lazy\" decoding=\"async\" class=\"alignleft size-thumbnail wp-image-5040\" src=\"https:\/\/www.rc03-ilbenstadt.de\/wp-content\/uploads\/2016\/11\/B-RC03-Saisonabschlussfeier_2016-039-Giovanni-WEB-150x150.jpg\" alt=\"b-rc03-saisonabschlussfeier_2016-039-giovanni-web\" width=\"150\" height=\"150\" \/><\/a><\/td>\n<td style=\"height: 166px; width: 175px;\"><a href=\"https:\/\/www.rc03-ilbenstadt.de\/wp-content\/uploads\/2016\/11\/B-RC03-Saisonabschlussfeier_2016-013-Giovanni-WEB-1.jpg\" rel=\"lightbox[5011]\"><img loading=\"lazy\" decoding=\"async\" class=\"size-thumbnail wp-image-5067 alignleft\" src=\"https:\/\/www.rc03-ilbenstadt.de\/wp-content\/uploads\/2016\/11\/B-RC03-Saisonabschlussfeier_2016-013-Giovanni-WEB-1-150x150.jpg\" alt=\"b-rc03-saisonabschlussfeier_2016-013-giovanni-web\" width=\"150\" height=\"150\" \/><\/a><\/td>\n<\/tr>\n<tr style=\"height: 48px;\">\n<td style=\"height: 48px; width: 169.933px;\"><span style=\"font-size: 8px;\">\u00a0Die Einradartistinnen Leonie und<br \/>\nKatja vom RV Rockenberg<br \/>\n<\/span><\/td>\n<td style=\"height: 48px; width: 168.067px;\"><span style=\"font-size: 8px;\">\u00a0Die junge Katze Emilia in ihrem<br \/>\nneuen Element<br \/>\n<\/span><\/td>\n<td style=\"height: 48px; width: 175px;\"><span style=\"font-size: 8px;\">\u00a0Kelvin Seum Vize-Hessenmeister<br \/>\nvom RVG Hungen<br \/>\n<\/span><\/td>\n<\/tr>\n<tr style=\"height: 166px;\">\n<td style=\"height: 166px; width: 169.933px;\"><a href=\"https:\/\/www.rc03-ilbenstadt.de\/wp-content\/uploads\/2016\/11\/B-RC03-Saisonabschlussfeier_2016-072-Hans-WEB.jpg\" rel=\"lightbox[5011]\"><img loading=\"lazy\" decoding=\"async\" class=\"alignleft size-thumbnail wp-image-5045\" src=\"https:\/\/www.rc03-ilbenstadt.de\/wp-content\/uploads\/2016\/11\/B-RC03-Saisonabschlussfeier_2016-072-Hans-WEB-150x150.jpg\" alt=\"\" width=\"150\" height=\"150\" \/><\/a><\/td>\n<td style=\"height: 166px; width: 168.067px;\"><a href=\"https:\/\/www.rc03-ilbenstadt.de\/wp-content\/uploads\/2016\/11\/B-RC03-Saisonabschlussfeier_2016-077-Hans-WEB.jpg\" rel=\"lightbox[5011]\"><img loading=\"lazy\" decoding=\"async\" class=\"alignleft size-thumbnail wp-image-5048\" src=\"https:\/\/www.rc03-ilbenstadt.de\/wp-content\/uploads\/2016\/11\/B-RC03-Saisonabschlussfeier_2016-077-Hans-WEB-150x150.jpg\" alt=\"\" width=\"150\" height=\"150\" \/><\/a><\/td>\n<td style=\"height: 166px; width: 175px;\"><a href=\"https:\/\/www.rc03-ilbenstadt.de\/wp-content\/uploads\/2016\/11\/B-RC03-Saisonabschlussfeier_2016-002-Giovanni-WEB.jpg\" rel=\"lightbox[5011]\"><img loading=\"lazy\" decoding=\"async\" class=\"alignleft size-thumbnail wp-image-5021\" src=\"https:\/\/www.rc03-ilbenstadt.de\/wp-content\/uploads\/2016\/11\/B-RC03-Saisonabschlussfeier_2016-002-Giovanni-WEB-150x150.jpg\" alt=\"b-rc03-saisonabschlussfeier_2016-002-giovanni-web\" width=\"150\" height=\"150\" \/><\/a><\/td>\n<\/tr>\n<tr style=\"height: 48px;\">\n<td style=\"height: 48px; width: 169.933px;\"><span style=\"font-size: 8px;\">Elvira Dinges kommt nicht nur mit<\/span><br \/>\n<span style=\"font-size: 8px;\"> Zweir\u00e4dern zurecht<\/span><\/td>\n<td style=\"height: 48px; width: 168.067px;\"><span style=\"font-size: 8px;\">\u00a0Das Fachwarteteam RTF\/CTF<\/span><br \/>\n<span style=\"font-size: 8px;\"> Oliver Witt und Michael Schneider<\/span><\/td>\n<td style=\"height: 48px; width: 175px;\"><span style=\"font-size: 8px;\">\u00a0Michael Hamann (re) Pr\u00fcfer f\u00fcr<\/span><br \/>\n<span style=\"font-size: 8px;\">\u00a0das Deutsche Radsportabzeichen<br \/>\n<\/span><\/td>\n<\/tr>\n<tr style=\"height: 48px;\">\n<td style=\"height: 48px; width: 169.933px;\"><span style=\"font-size: 8px;\"><a href=\"https:\/\/www.rc03-ilbenstadt.de\/wp-content\/uploads\/2016\/11\/B-RC03-Saisonabschlussfeier_2016-080-Hans-WEB.jpg\" rel=\"lightbox[5011]\"><img loading=\"lazy\" decoding=\"async\" class=\"alignleft size-thumbnail wp-image-5050\" src=\"https:\/\/www.rc03-ilbenstadt.de\/wp-content\/uploads\/2016\/11\/B-RC03-Saisonabschlussfeier_2016-080-Hans-WEB-150x150.jpg\" alt=\"\" width=\"150\" height=\"150\" \/><\/a><\/span><\/td>\n<td style=\"height: 48px; width: 168.067px;\"><span style=\"font-size: 8px;\"><a href=\"https:\/\/www.rc03-ilbenstadt.de\/wp-content\/uploads\/2016\/09\/B-RC03-160817-Vereinsbekleidung_TC_Krebs02-WEB.jpg\" rel=\"lightbox[5011]\"><img loading=\"lazy\" decoding=\"async\" class=\"alignleft size-thumbnail wp-image-4957\" src=\"https:\/\/www.rc03-ilbenstadt.de\/wp-content\/uploads\/2016\/09\/B-RC03-160817-Vereinsbekleidung_TC_Krebs02-WEB-150x150.jpg\" alt=\"b-rc03-160817-vereinsbekleidung_tc_krebs02-web\" width=\"150\" height=\"150\" \/><\/a><\/span><\/td>\n<td style=\"height: 48px; width: 175px;\"><\/td>\n<\/tr>\n<tr style=\"height: 48px;\">\n<td style=\"height: 48px; width: 175px; vertical-align: top;\"><span style=\"font-size: 8px;\">Peter Krebs bei der \u00dcbergabe der<br \/>\nVereinsbekleidung an den Vorstand<\/span><\/td>\n<td style=\"height: 48px; width: 175px; vertical-align: top;\"><span style=\"font-size: 8px;\">Die Mannschaft im neuen Outfit<\/span><\/td>\n<td style=\"height: 48px; width: 175px; vertical-align: top;\"><\/td>\n<\/tr>\n<tr style=\"height: 166px;\">\n<td style=\"height: 166px; width: 169.933px;\"><a href=\"https:\/\/www.rc03-ilbenstadt.de\/wp-content\/uploads\/2016\/11\/B-RC03-Saisonabschlussfeier_2016-036-Giovanni-WEB.jpg\" rel=\"lightbox[5011]\"><img loading=\"lazy\" decoding=\"async\" class=\"alignleft size-thumbnail wp-image-5038\" src=\"https:\/\/www.rc03-ilbenstadt.de\/wp-content\/uploads\/2016\/11\/B-RC03-Saisonabschlussfeier_2016-036-Giovanni-WEB-150x150.jpg\" alt=\"b-rc03-saisonabschlussfeier_2016-036-giovanni-web\" width=\"150\" height=\"150\" \/><\/a><\/td>\n<td style=\"height: 166px; width: 168.067px;\"><a href=\"https:\/\/www.rc03-ilbenstadt.de\/wp-content\/uploads\/2016\/11\/B-RC03-Saisonabschlussfeier_2016-034-Giovanni-WEB.jpg\" rel=\"lightbox[5011]\"><img loading=\"lazy\" decoding=\"async\" class=\"alignleft size-thumbnail wp-image-5036\" src=\"https:\/\/www.rc03-ilbenstadt.de\/wp-content\/uploads\/2016\/11\/B-RC03-Saisonabschlussfeier_2016-034-Giovanni-WEB-150x150.jpg\" alt=\"b-rc03-saisonabschlussfeier_2016-034-giovanni-web\" width=\"150\" height=\"150\" \/><\/a><\/td>\n<td style=\"height: 166px; width: 175px;\"><a href=\"https:\/\/www.rc03-ilbenstadt.de\/wp-content\/uploads\/2016\/11\/B-RC03-Saisonabschlussfeier_2016-021-Giovanni-WEB.jpg\" rel=\"lightbox[5011]\"><img loading=\"lazy\" decoding=\"async\" class=\"alignleft size-thumbnail wp-image-5030\" src=\"https:\/\/www.rc03-ilbenstadt.de\/wp-content\/uploads\/2016\/11\/B-RC03-Saisonabschlussfeier_2016-021-Giovanni-WEB-150x150.jpg\" alt=\"b-rc03-saisonabschlussfeier_2016-021-giovanni-web\" width=\"150\" height=\"150\" \/><\/a><\/td>\n<\/tr>\n<tr style=\"height: 166px;\">\n<td style=\"height: 166px; width: 169.933px;\"><a href=\"https:\/\/www.rc03-ilbenstadt.de\/wp-content\/uploads\/2016\/11\/B-RC03-Saisonabschlussfeier_2016-022-Giovanni-WEB.jpg\" rel=\"lightbox[5011]\"><img loading=\"lazy\" decoding=\"async\" class=\"alignleft size-thumbnail wp-image-5031\" src=\"https:\/\/www.rc03-ilbenstadt.de\/wp-content\/uploads\/2016\/11\/B-RC03-Saisonabschlussfeier_2016-022-Giovanni-WEB-150x150.jpg\" alt=\"b-rc03-saisonabschlussfeier_2016-022-giovanni-web\" width=\"150\" height=\"150\" \/><\/a><\/td>\n<td style=\"height: 166px; width: 168.067px;\"><a href=\"https:\/\/www.rc03-ilbenstadt.de\/wp-content\/uploads\/2016\/11\/B-RC03-Saisonabschlussfeier_2016-018-Giovanni-WEB.jpg\" rel=\"lightbox[5011]\"><img loading=\"lazy\" decoding=\"async\" class=\"alignleft size-thumbnail wp-image-5029\" src=\"https:\/\/www.rc03-ilbenstadt.de\/wp-content\/uploads\/2016\/11\/B-RC03-Saisonabschlussfeier_2016-018-Giovanni-WEB-150x150.jpg\" alt=\"b-rc03-saisonabschlussfeier_2016-018-giovanni-web\" width=\"150\" height=\"150\" \/><\/a><\/td>\n<td style=\"height: 166px; width: 175px;\"><a href=\"https:\/\/www.rc03-ilbenstadt.de\/wp-content\/uploads\/2016\/11\/B-RC03-Saisonabschlussfeier_2016-006-Giovanni-WEB.jpg\" rel=\"lightbox[5011]\"><img loading=\"lazy\" decoding=\"async\" class=\"alignleft size-thumbnail wp-image-5022\" src=\"https:\/\/www.rc03-ilbenstadt.de\/wp-content\/uploads\/2016\/11\/B-RC03-Saisonabschlussfeier_2016-006-Giovanni-WEB-150x150.jpg\" alt=\"b-rc03-saisonabschlussfeier_2016-006-giovanni-web\" width=\"150\" height=\"150\" \/><\/a><\/td>\n<\/tr>\n<tr style=\"height: 24px;\">\n<td style=\"height: 24px; width: 169.933px;\"><a href=\"https:\/\/www.rc03-ilbenstadt.de\/wp-content\/uploads\/2016\/11\/B-RC03-Saisonabschlussfeier_2016-011-Giovanni-WEB.jpg\" rel=\"lightbox[5011]\"><img loading=\"lazy\" decoding=\"async\" class=\"alignleft size-thumbnail wp-image-5025\" src=\"https:\/\/www.rc03-ilbenstadt.de\/wp-content\/uploads\/2016\/11\/B-RC03-Saisonabschlussfeier_2016-011-Giovanni-WEB-150x150.jpg\" alt=\"b-rc03-saisonabschlussfeier_2016-011-giovanni-web\" width=\"150\" height=\"150\" \/><\/a><\/td>\n<td style=\"height: 24px; width: 168.067px;\"><a href=\"https:\/\/www.rc03-ilbenstadt.de\/wp-content\/uploads\/2016\/11\/B-RC03-Saisonabschlussfeier_2016-024-Giovanni-WEB.jpg\" rel=\"lightbox[5011]\"><img loading=\"lazy\" decoding=\"async\" class=\"alignleft wp-image-5032 size-thumbnail\" src=\"https:\/\/www.rc03-ilbenstadt.de\/wp-content\/uploads\/2016\/11\/B-RC03-Saisonabschlussfeier_2016-024-Giovanni-WEB-150x150.jpg\" alt=\"b-rc03-saisonabschlussfeier_2016-024-giovanni-web\" width=\"150\" height=\"150\" \/><\/a><\/td>\n<td style=\"height: 24px; width: 175px;\"><a href=\"https:\/\/www.rc03-ilbenstadt.de\/wp-content\/uploads\/2016\/11\/B-RC03-Saisonabschlussfeier_2016-025-Giovanni-WEB.jpg\" rel=\"lightbox[5011]\"><img loading=\"lazy\" decoding=\"async\" class=\"alignleft size-thumbnail wp-image-5033\" src=\"https:\/\/www.rc03-ilbenstadt.de\/wp-content\/uploads\/2016\/11\/B-RC03-Saisonabschlussfeier_2016-025-Giovanni-WEB-150x150.jpg\" alt=\"b-rc03-saisonabschlussfeier_2016-025-giovanni-web\" width=\"150\" height=\"150\" \/><\/a><\/td>\n<\/tr>\n<tr style=\"height: 166px;\">\n<td style=\"height: 166px; width: 169.933px;\"><a href=\"https:\/\/www.rc03-ilbenstadt.de\/wp-content\/uploads\/2016\/11\/B-RC03-Saisonabschlussfeier_2016-033-Giovanni-WEB.jpg\" rel=\"lightbox[5011]\"><img loading=\"lazy\" decoding=\"async\" class=\"alignleft size-thumbnail wp-image-5035\" src=\"https:\/\/www.rc03-ilbenstadt.de\/wp-content\/uploads\/2016\/11\/B-RC03-Saisonabschlussfeier_2016-033-Giovanni-WEB-150x150.jpg\" alt=\"b-rc03-saisonabschlussfeier_2016-033-giovanni-web\" width=\"150\" height=\"150\" \/><\/a><\/td>\n<td style=\"height: 166px; width: 168.067px;\"><a href=\"https:\/\/www.rc03-ilbenstadt.de\/wp-content\/uploads\/2016\/11\/B-RC03-Saisonabschlussfeier_2016-007-Giovanni-WEB.jpg\" rel=\"lightbox[5011]\"><img loading=\"lazy\" decoding=\"async\" class=\"alignleft size-thumbnail wp-image-5023\" src=\"https:\/\/www.rc03-ilbenstadt.de\/wp-content\/uploads\/2016\/11\/B-RC03-Saisonabschlussfeier_2016-007-Giovanni-WEB-150x150.jpg\" alt=\"b-rc03-saisonabschlussfeier_2016-007-giovanni-web\" width=\"150\" height=\"150\" \/><\/a><\/td>\n<td style=\"height: 166px; width: 175px;\"><a href=\"https:\/\/www.rc03-ilbenstadt.de\/wp-content\/uploads\/2016\/11\/B-RC03-Saisonabschlussfeier_2016-014-Giovanni-WEB.jpg\" rel=\"lightbox[5011]\"><img loading=\"lazy\" decoding=\"async\" class=\"alignleft size-thumbnail wp-image-5027\" src=\"https:\/\/www.rc03-ilbenstadt.de\/wp-content\/uploads\/2016\/11\/B-RC03-Saisonabschlussfeier_2016-014-Giovanni-WEB-150x150.jpg\" alt=\"b-rc03-saisonabschlussfeier_2016-014-giovanni-web\" width=\"150\" height=\"150\" \/><\/a><\/td>\n<\/tr>\n<\/tbody>\n<\/table>\n","protected":false},"excerpt":{"rendered":"<p>Saisonabschlussfeier? Mittlerweile haben wir auf der Breitensportebene so ein vielf\u00e4ltiges, dichtes und vor allem ganzj\u00e4hriges Radsportangebot, dass hier ein \u00dcberblick geboten ist, zumal Saisonbeginn und -ende nicht mit dem Kalenderjahr einhergehen. Wir betreiben das Radtourenfahren (RTF) Dies ist sportliches Radfahren &hellip; <a href=\"https:\/\/www.rc03-ilbenstadt.de\/?p=5011\">Weiterlesen <span class=\"meta-nav\">&rarr;<\/span><\/a><\/p>\n","protected":false},"author":9,"featured_media":4956,"comment_status":"closed","ping_status":"closed","sticky":false,"template":"","format":"standard","meta":{"_crdt_document":"","footnotes":""},"categories":[1],"tags":[],"class_list":["post-5011","post","type-post","status-publish","format-standard","has-post-thumbnail","hentry","category-allgemein"],"_links":{"self":[{"href":"https:\/\/www.rc03-ilbenstadt.de\/index.php?rest_route=\/wp\/v2\/posts\/5011","targetHints":{"allow":["GET"]}}],"collection":[{"href":"https:\/\/www.rc03-ilbenstadt.de\/index.php?rest_route=\/wp\/v2\/posts"}],"about":[{"href":"https:\/\/www.rc03-ilbenstadt.de\/index.php?rest_route=\/wp\/v2\/types\/post"}],"author":[{"embeddable":true,"href":"https:\/\/www.rc03-ilbenstadt.de\/index.php?rest_route=\/wp\/v2\/users\/9"}],"replies":[{"embeddable":true,"href":"https:\/\/www.rc03-ilbenstadt.de\/index.php?rest_route=%2Fwp%2Fv2%2Fcomments&post=5011"}],"version-history":[{"count":5,"href":"https:\/\/www.rc03-ilbenstadt.de\/index.php?rest_route=\/wp\/v2\/posts\/5011\/revisions"}],"predecessor-version":[{"id":5115,"href":"https:\/\/www.rc03-ilbenstadt.de\/index.php?rest_route=\/wp\/v2\/posts\/5011\/revisions\/5115"}],"wp:featuredmedia":[{"embeddable":true,"href":"https:\/\/www.rc03-ilbenstadt.de\/index.php?rest_route=\/wp\/v2\/media\/4956"}],"wp:attachment":[{"href":"https:\/\/www.rc03-ilbenstadt.de\/index.php?rest_route=%2Fwp%2Fv2%2Fmedia&parent=5011"}],"wp:term":[{"taxonomy":"category","embeddable":true,"href":"https:\/\/www.rc03-ilbenstadt.de\/index.php?rest_route=%2Fwp%2Fv2%2Fcategories&post=5011"},{"taxonomy":"post_tag","embeddable":true,"href":"https:\/\/www.rc03-ilbenstadt.de\/index.php?rest_route=%2Fwp%2Fv2%2Ftags&post=5011"}],"curies":[{"name":"wp","href":"https:\/\/api.w.org\/{rel}","templated":true}]}}