{"id":5133,"date":"2016-12-02T08:55:54","date_gmt":"2016-12-02T07:55:54","guid":{"rendered":"http:\/\/www.rc03-ilbenstadt.de\/?p=5133"},"modified":"2016-12-29T15:25:39","modified_gmt":"2016-12-29T14:25:39","slug":"sportlerehrung-2016-im-radsportbezirk-taunus-wetterauradtourenfahrer-countrytourenfahrer-und-radwanderertreffen-sich-in-florstadt","status":"publish","type":"post","link":"https:\/\/www.rc03-ilbenstadt.de\/?p=5133","title":{"rendered":"Sportlerehrung 2016 im Radsportbezirk Taunus-Wetterau<br>Radtourenfahrer, Countrytourenfahrer und Radwanderer<br>treffen sich in Florstadt"},"content":{"rendered":"<p>Am Sonntag, dem 20.11.2016 wurden im Radsportbezirk Taunus-Wetterau im B\u00fcrgerhaus in Nieder-Florstadt die Saisonleistungen 2015\/2016 im Radtourenfahren (RTF), Countrytourenfahren (CTF) und im Radwandern gew\u00fcrdigt und die Besten ausgezeichnet. Dazu hatten der Bezirksvorsitzende Klaus Neumann mit seinen beiden Fachwarten Daniel Reinelt (RTF\/CTF) und Manfred Reinelt (Radwandern) eingeladen. Der Landesfachwart f\u00fcr das Radwandern, Erich Kampe, war eigens angereist und nahm in der Folge die Verleihung des Deutschen Radsportabzeichens vor. Gastgeber waren <!--more-->in diesem Jahr die Wetterauer Radwanderfreunde Florstadt, vertreten durch Marco Welsch.<\/p>\n<p>Wir haben uns gefreut, dass sich der Radsportbezirk wieder zu dieser Veranstaltung entschlossen hat, zeigt dies doch die Wertsch\u00e4tzung f\u00fcr den Breitensport auf zwei R\u00e4dern.<\/p>\n<p>Im RC 03 Ilbenstadt fand die Sportlerehrung im Rahmen einer Saisonabschlussfeier am Vorabend statt. Wir haben dazu <a title=\"Saisonabschlussfeier 2016 mit Sportlerehrung und \u00dcbergabe der neuen Vereinsbekleidung\" href=\"https:\/\/www.rc03-ilbenstadt.de\/?p=5011#more-5011\" target=\"_blank\">hier<\/a> auf dieser Seite ausf\u00fchrlich berichtet. Die Sportlerehrung im Bezirk ist auch eine Standortbestimmung im Vergleich zu anderen Vereinen. Die Leistungen der Sportlerinnen und Sportler des RC 03 sind respektabel, geben Anlass zur Hoffnung, zeigen aber auch, dass in die Vereinsentwicklung noch investiert werden muss.<\/p>\n<p>Radsportlerinnen und Radsportler des RC 03 Ilbenstadt erreichten im Radsportbezirk folgende Platzierungen:<\/p>\n<ul>\n<li>Im Radtourenfahren errang Elvira Dinges (Seniorinnen II) den 4. Platz, Dieter Herbert (Senioren) den 5. Platz und Johannes Contag (Senoioren II) den 5. Platz.<\/li>\n<li>Im Countrytourenfahren errang Dieter Kalb (Senioren II) den 3. Platz und Johannes Contag (Senioren II) den 4. Platz.<\/li>\n<li>Im Wettbewerb der Bezirksvereine belegte der RC 03 Ilbenstadt mit seiner Mannschaft den <a title=\"Urkunde zur Bezirkswertung RTF 2016\" href=\"https:\/\/www.rc03-ilbenstadt.de\/wp-content\/uploads\/2016\/12\/RC03-RTFCTF-RSB_TW-Urkunde_RC03-5.Platz_CTF_2016.pdf\">3. Platz im Radtourenfahren<\/a> mit 942 Wertungspunkten und den <a title=\"Urkunde zur Bezirkswertung CTF 2016 \" href=\"https:\/\/www.rc03-ilbenstadt.de\/wp-content\/uploads\/2016\/12\/RC03-RTFCTF-RSB_TW-Urkunde_RC03-5.Platz_CTF_2016.pdf\">5. Platz im Countrytourenfahren<\/a> mit 377 Wertungspunkten.<\/li>\n<li>In der <a title=\"Urkunde zur Bezirkswertung 2016 im Radwandern\" href=\"https:\/\/www.rc03-ilbenstadt.de\/wp-content\/uploads\/2016\/12\/RC03-RW-RSB_TW-Urkunde_RC03-5.Platz_Klasse5_2016.pdf\">Bezirkswertung Radwandern<\/a> erreichten wir in der Klasse 5 (4 &#8211; 10 Wertungsteilnehmer) den 1. Platz<\/li>\n<li>Das Deutsche Radsportabzeichen, das Ausweis einer guten k\u00f6rperlichen Leistungsf\u00e4higkeit und ein Pendant zum Deutschen Sportabzeichen ist, hatten wir im Rahmen der Sportlerehrung des RC 03 Ilbenstadt bereits am Vorabend in Anerkennung der abgelegten Leistungen an die erfolgreichen Absolventen \u00fcbergeben. Dies waren<\/li>\n<\/ul>\n<p style=\"padding-left: 30px;\">Elvira Dinges<br \/>\nKlaus Dinges<br \/>\nGiovanni Di Rosa<br \/>\nJohannes Contag<br \/>\nDieter Herbert<br \/>\nund<br \/>\nKlaus Hochstadt<\/p>\n<p style=\"padding-left: 30px;\">Klaus Hochstadt, dem ein &#8222;Wimpernschlag&#8220; im Zeitfahren in diesem Jahr Gold gekostet hatte, nahm das silberne Radsportabzeichen entgegen. Alle anderen konnte das Deutsche Radsportabzeichen in Gold \u00fcbergeben werden. Wir bedauern, dass wir im Rahmen der Bezirkswertung unerw\u00e4hnt blieben.<\/p>\n<p>Eine Gesamt\u00fcbersicht zu allen Ehrungen bietet der Radsportbezirk Taunus-Wetterau auf seiner <a href=\"http:\/\/www.rsb-taunus-wetterau.de\/\">Internetpr\u00e4senz<\/a>.<\/p>\n<p>Allen Radsportlerinnen und Radsportlern gratulieren wir herzlich zu ihren Leistungen in der Radsportsaison 2015\/2016 und w\u00fcnschen f\u00fcr die n\u00e4chste Saison viel Erfolg und gute, unfallfreien Touren.<\/p>\n<p><strong>Bilder der Sportlerehrung aus Nieder-Florstadt<\/strong><\/p>\n<table style=\"width: 481px;\">\n<tbody>\n<tr>\n<td style=\"width: 152px; text-align: left;\" scope=\"colgroup\"><a href=\"https:\/\/www.rc03-ilbenstadt.de\/wp-content\/uploads\/2016\/12\/B-RSB_TW-161120-Sportlerehrung_Florstadt-19-WEB.jpg\" rel=\"lightbox[5133]\"><img loading=\"lazy\" decoding=\"async\" class=\"alignleft size-thumbnail wp-image-5129\" src=\"https:\/\/www.rc03-ilbenstadt.de\/wp-content\/uploads\/2016\/12\/B-RSB_TW-161120-Sportlerehrung_Florstadt-19-WEB-150x150.jpg\" alt=\"b-rsb_tw-161120-sportlerehrung_florstadt-19-web\" width=\"150\" height=\"150\" \/><\/a><\/td>\n<td style=\"width: 150px;\"><a href=\"https:\/\/www.rc03-ilbenstadt.de\/wp-content\/uploads\/2016\/12\/B-RSB_TW-161120-Sportlerehrung_Florstadt-18-WEB.jpg\" rel=\"lightbox[5133]\"><img loading=\"lazy\" decoding=\"async\" class=\"alignleft size-thumbnail wp-image-5128\" src=\"https:\/\/www.rc03-ilbenstadt.de\/wp-content\/uploads\/2016\/12\/B-RSB_TW-161120-Sportlerehrung_Florstadt-18-WEB-150x150.jpg\" alt=\"b-rsb_tw-161120-sportlerehrung_florstadt-18-web\" width=\"150\" height=\"150\" \/><\/a><\/td>\n<td style=\"width: 151px;\"><a href=\"https:\/\/www.rc03-ilbenstadt.de\/wp-content\/uploads\/2016\/12\/B-RSB_TW-161120-Sportlerehrung_Florstadt-28-WEB.jpg\" rel=\"lightbox[5133]\"><img loading=\"lazy\" decoding=\"async\" class=\"alignleft size-thumbnail wp-image-5131\" src=\"https:\/\/www.rc03-ilbenstadt.de\/wp-content\/uploads\/2016\/12\/B-RSB_TW-161120-Sportlerehrung_Florstadt-28-WEB-150x150.jpg\" alt=\"b-rsb_tw-161120-sportlerehrung_florstadt-28-web\" width=\"150\" height=\"150\" \/><\/a><\/td>\n<\/tr>\n<tr>\n<td style=\"width: 152px;\"><span style=\"font-size: 8px;\">\u00a0Geehrte Fahrerinnen und Fahrer RTF\/CTF<\/span><\/td>\n<td style=\"width: 150px;\"><span style=\"font-size: 8px;\">\u00a0Die geehrten Radwanderer <\/span><\/td>\n<td style=\"width: 151px;\"><span style=\"font-size: 8px;\">Ehrung RTF, Seniorinnen II<\/span><br \/>\n<span style=\"font-size: 8px;\">5. Platz Elvira Dinges (2. v. re.)<\/span><\/td>\n<\/tr>\n<tr>\n<td style=\"width: 152px;\"><a href=\"https:\/\/www.rc03-ilbenstadt.de\/wp-content\/uploads\/2016\/12\/B-RSB_TW-161120-Sportlerehrung_Florstadt-29-WEB.jpg\" rel=\"lightbox[5133]\"><img loading=\"lazy\" decoding=\"async\" class=\"alignleft size-thumbnail wp-image-5132\" src=\"https:\/\/www.rc03-ilbenstadt.de\/wp-content\/uploads\/2016\/12\/B-RSB_TW-161120-Sportlerehrung_Florstadt-29-WEB-150x150.jpg\" alt=\"b-rsb_tw-161120-sportlerehrung_florstadt-29-web\" width=\"150\" height=\"150\" \/><\/a><\/td>\n<td style=\"width: 150px;\"><a href=\"https:\/\/www.rc03-ilbenstadt.de\/wp-content\/uploads\/2016\/12\/B-RSB_TW-161120-Sportlerehrung_Florstadt-25-WEB.jpg\" rel=\"lightbox[5133]\"><img loading=\"lazy\" decoding=\"async\" class=\"alignleft size-thumbnail wp-image-5138\" src=\"https:\/\/www.rc03-ilbenstadt.de\/wp-content\/uploads\/2016\/12\/B-RSB_TW-161120-Sportlerehrung_Florstadt-25-WEB-150x150.jpg\" alt=\"b-rsb_tw-161120-sportlerehrung_florstadt-25-web\" width=\"150\" height=\"150\" \/><\/a><\/td>\n<td style=\"width: 151px;\"><a href=\"https:\/\/www.rc03-ilbenstadt.de\/wp-content\/uploads\/2016\/12\/B-RSB_TW-161120-Sportlerehrung_Florstadt-11-WEB.jpg\" rel=\"lightbox[5133]\"><img loading=\"lazy\" decoding=\"async\" class=\"alignleft size-thumbnail wp-image-5126\" src=\"https:\/\/www.rc03-ilbenstadt.de\/wp-content\/uploads\/2016\/12\/B-RSB_TW-161120-Sportlerehrung_Florstadt-11-WEB-150x150.jpg\" alt=\"b-rsb_tw-161120-sportlerehrung_florstadt-11-web\" width=\"150\" height=\"150\" \/><\/a><\/td>\n<\/tr>\n<tr>\n<td style=\"width: 152px;\"><span style=\"font-size: 8px;\">Ehrung RTF, Senioren<\/span><br \/>\n<span style=\"font-size: 8px;\">5. Platz Dieter Herbert (3. v. re.)<\/span><\/td>\n<td style=\"width: 150px;\"><span style=\"font-size: 8px;\">Ehrung RTF, Senioren II<br \/>\n5. Platz, Joh. Contag (2. v. re.)<br \/>\n<\/span><\/td>\n<td style=\"width: 151px;\"><span style=\"font-size: 8px;\">Vereinsehrung RTF<\/span><\/td>\n<\/tr>\n<tr>\n<td style=\"width: 152px;\">\u00a0<a href=\"https:\/\/www.rc03-ilbenstadt.de\/wp-content\/uploads\/2016\/12\/B-RSB_TW-161120-Sportlerehrung_Florstadt-09-WEB.jpg\" rel=\"lightbox[5133]\"><img loading=\"lazy\" decoding=\"async\" class=\"alignleft size-thumbnail wp-image-5125\" src=\"https:\/\/www.rc03-ilbenstadt.de\/wp-content\/uploads\/2016\/12\/B-RSB_TW-161120-Sportlerehrung_Florstadt-09-WEB-150x150.jpg\" alt=\"b-rsb_tw-161120-sportlerehrung_florstadt-09-web\" width=\"150\" height=\"150\" \/><\/a><\/td>\n<td style=\"width: 150px;\">\u00a0<a href=\"https:\/\/www.rc03-ilbenstadt.de\/wp-content\/uploads\/2016\/12\/B-RSB_TW-161120-Sportlerehrung_Florstadt-14-WEB.jpg\" rel=\"lightbox[5133]\"><img loading=\"lazy\" decoding=\"async\" class=\"alignleft size-thumbnail wp-image-5127\" src=\"https:\/\/www.rc03-ilbenstadt.de\/wp-content\/uploads\/2016\/12\/B-RSB_TW-161120-Sportlerehrung_Florstadt-14-WEB-150x150.jpg\" alt=\"b-rsb_tw-161120-sportlerehrung_florstadt-14-web\" width=\"150\" height=\"150\" \/><\/a><\/td>\n<td style=\"width: 151px;\">\u00a0<a href=\"https:\/\/www.rc03-ilbenstadt.de\/wp-content\/uploads\/2016\/12\/B-RSB_TW-161120-Sportlerehrung_Florstadt-04-WEB.jpg\" rel=\"lightbox[5133]\"><img loading=\"lazy\" decoding=\"async\" class=\"alignleft size-thumbnail wp-image-5123\" src=\"https:\/\/www.rc03-ilbenstadt.de\/wp-content\/uploads\/2016\/12\/B-RSB_TW-161120-Sportlerehrung_Florstadt-04-WEB-150x150.jpg\" alt=\"b-rsb_tw-161120-sportlerehrung_florstadt-04-web\" width=\"150\" height=\"150\" \/><\/a><\/td>\n<\/tr>\n<tr>\n<td style=\"width: 152px;\"><span style=\"font-size: 8px;\">Fachwart Oliver Witt mit Pokal und<br \/>\nUrkunde f\u00fcr den 3. Platz RTF-Vereine <\/span><\/td>\n<td style=\"width: 150px; text-align: left;\" scope=\"colgroup\"><span style=\"font-size: 8px;\">\u00a0Ehrung CTF, Senioren II<br \/>\n3. Platz Dieter Kalb (fehlt),<br \/>\n4. Platz Joh. Contag (2. v. re.)<br \/>\n<\/span><\/td>\n<td style=\"width: 151px;\"><span style=\"font-size: 8px;\">\u00a0Vereinswertung CTF<br \/>\n<\/span><\/td>\n<\/tr>\n<tr>\n<td style=\"width: 152px;\">\u00a0<a href=\"https:\/\/www.rc03-ilbenstadt.de\/wp-content\/uploads\/2016\/12\/B-RSB_TW-161120-Sportlerehrung_Florstadt-22-WEB.jpg\" rel=\"lightbox[5133]\"><img loading=\"lazy\" decoding=\"async\" class=\"alignleft size-thumbnail wp-image-5130\" src=\"https:\/\/www.rc03-ilbenstadt.de\/wp-content\/uploads\/2016\/12\/B-RSB_TW-161120-Sportlerehrung_Florstadt-22-WEB-150x150.jpg\" alt=\"b-rsb_tw-161120-sportlerehrung_florstadt-22-web\" width=\"150\" height=\"150\" \/><\/a><\/td>\n<td style=\"width: 150px;\">\u00a0<a href=\"https:\/\/www.rc03-ilbenstadt.de\/wp-content\/uploads\/2016\/12\/B-RSB_TW-161120-Sportlerehrung_Florstadt-08-WEB.jpg\" rel=\"lightbox[5133]\"><img loading=\"lazy\" decoding=\"async\" class=\"alignleft size-thumbnail wp-image-5124\" src=\"https:\/\/www.rc03-ilbenstadt.de\/wp-content\/uploads\/2016\/12\/B-RSB_TW-161120-Sportlerehrung_Florstadt-08-WEB-150x150.jpg\" alt=\"b-rsb_tw-161120-sportlerehrung_florstadt-08-web\" width=\"150\" height=\"150\" \/><\/a><\/td>\n<td style=\"width: 151px;\">\u00a0<a href=\"https:\/\/www.rc03-ilbenstadt.de\/wp-content\/uploads\/2016\/12\/B-RSB_TW-161120-Sportlerehrung_Florstadt-01-WEB.jpg\" rel=\"lightbox[5133]\"><img loading=\"lazy\" decoding=\"async\" class=\"alignleft size-thumbnail wp-image-5122\" src=\"https:\/\/www.rc03-ilbenstadt.de\/wp-content\/uploads\/2016\/12\/B-RSB_TW-161120-Sportlerehrung_Florstadt-01-WEB-150x150.jpg\" alt=\"b-rsb_tw-161120-sportlerehrung_florstadt-01-web\" width=\"150\" height=\"150\" \/><\/a><\/td>\n<\/tr>\n<tr>\n<td style=\"width: 152px;\"><span style=\"font-size: 8px;\">Einzelwertung Radwandern<\/span><\/td>\n<td style=\"width: 150px;\"><span style=\"font-size: 8px;\">Vereinswertung Radwandern<\/span><\/td>\n<td style=\"width: 151px;\"><\/td>\n<\/tr>\n<\/tbody>\n<\/table>\n<p>&nbsp;<\/p>\n<p>&nbsp;<\/p>\n<p>&nbsp;<\/p>\n","protected":false},"excerpt":{"rendered":"<p>Am Sonntag, dem 20.11.2016 wurden im Radsportbezirk Taunus-Wetterau im B\u00fcrgerhaus in Nieder-Florstadt die Saisonleistungen 2015\/2016 im Radtourenfahren (RTF), Countrytourenfahren (CTF) und im Radwandern gew\u00fcrdigt und die Besten ausgezeichnet. Dazu hatten der Bezirksvorsitzende Klaus Neumann mit seinen beiden Fachwarten Daniel Reinelt &hellip; <a href=\"https:\/\/www.rc03-ilbenstadt.de\/?p=5133\">Weiterlesen <span class=\"meta-nav\">&rarr;<\/span><\/a><\/p>\n","protected":false},"author":9,"featured_media":5122,"comment_status":"closed","ping_status":"closed","sticky":false,"template":"","format":"standard","meta":{"_crdt_document":"","footnotes":""},"categories":[1],"tags":[],"class_list":["post-5133","post","type-post","status-publish","format-standard","has-post-thumbnail","hentry","category-allgemein"],"_links":{"self":[{"href":"https:\/\/www.rc03-ilbenstadt.de\/index.php?rest_route=\/wp\/v2\/posts\/5133","targetHints":{"allow":["GET"]}}],"collection":[{"href":"https:\/\/www.rc03-ilbenstadt.de\/index.php?rest_route=\/wp\/v2\/posts"}],"about":[{"href":"https:\/\/www.rc03-ilbenstadt.de\/index.php?rest_route=\/wp\/v2\/types\/post"}],"author":[{"embeddable":true,"href":"https:\/\/www.rc03-ilbenstadt.de\/index.php?rest_route=\/wp\/v2\/users\/9"}],"replies":[{"embeddable":true,"href":"https:\/\/www.rc03-ilbenstadt.de\/index.php?rest_route=%2Fwp%2Fv2%2Fcomments&post=5133"}],"version-history":[{"count":5,"href":"https:\/\/www.rc03-ilbenstadt.de\/index.php?rest_route=\/wp\/v2\/posts\/5133\/revisions"}],"predecessor-version":[{"id":5164,"href":"https:\/\/www.rc03-ilbenstadt.de\/index.php?rest_route=\/wp\/v2\/posts\/5133\/revisions\/5164"}],"wp:featuredmedia":[{"embeddable":true,"href":"https:\/\/www.rc03-ilbenstadt.de\/index.php?rest_route=\/wp\/v2\/media\/5122"}],"wp:attachment":[{"href":"https:\/\/www.rc03-ilbenstadt.de\/index.php?rest_route=%2Fwp%2Fv2%2Fmedia&parent=5133"}],"wp:term":[{"taxonomy":"category","embeddable":true,"href":"https:\/\/www.rc03-ilbenstadt.de\/index.php?rest_route=%2Fwp%2Fv2%2Fcategories&post=5133"},{"taxonomy":"post_tag","embeddable":true,"href":"https:\/\/www.rc03-ilbenstadt.de\/index.php?rest_route=%2Fwp%2Fv2%2Ftags&post=5133"}],"curies":[{"name":"wp","href":"https:\/\/api.w.org\/{rel}","templated":true}]}}