{"id":5370,"date":"2017-03-30T18:13:54","date_gmt":"2017-03-30T16:13:54","guid":{"rendered":"http:\/\/www.rc03-ilbenstadt.de\/?p=5370"},"modified":"2017-04-04T15:01:16","modified_gmt":"2017-04-04T13:01:16","slug":"der-mittwochsradtreff-startet-am-5-april-in-die-sommersaison","status":"publish","type":"post","link":"https:\/\/www.rc03-ilbenstadt.de\/?p=5370","title":{"rendered":"Der Mittwochsradtreff startet am 5. April in die Sommersaison!"},"content":{"rendered":"<p>Liebe Radsportlerinnen und Radsportler,<\/p>\n<p>Lust auf Radwandern? Im RC 03 Ilbenstadt bieten wir ab dem 5. April Radwandertouren f\u00fcr Vereinsmitglieder, und alle Interessierten an. Wir laden zum gemeinsamen Start jeden <strong>Mittwochabend um 18 Uhr <\/strong>am B\u00fcrgerhaus in Niddatal-Ilbenstadt ein. Wir, das sind der Fachwart Radwandern Lutz Delling und Johannes Contag, Beisitzer Radwandern. Interessante Touren sind ausgearbeitet und getestet, die individuell auf <!--more-->die Interessen und das Leistungsverm\u00f6gen der jeweiligen Gruppenmitglieder angepasst werden. F\u00fcr jeden wird etwas dabei sein. Tourenr\u00e4der oder Mountainbikes sind die geeigneten Sportger\u00e4te. Die Benutzung eines Helmes ist empfehlenswert.<\/p>\n<p>Wir werden keine Rennen veranstalten, sondern, wie es in unserem neuen <a href=\"https:\/\/www.rc03-ilbenstadt.de\/wp-content\/uploads\/2017\/04\/RC03-RT_2017-Flyer-001.pdf\" target=\"_blank\">Prospekt<\/a> hei\u00dft, \u201egesundheitsbewusste\u201c Touren durchf\u00fchren. Erfahrt mit uns die landschaftlich und kulturell reizvolle Wetterau rund um Ilbenstadt. Am 5. April starten wir mit einer Runde, die durch das Naturschutzgebiet Krebsbachtal f\u00fchrt, ein vielfach unbekanntes Gebiet, idyillisch sch\u00f6n gelegen mit ungeahntem Reichtum an Flora, Fauna und einer geologischen Besonderheit.<\/p>\n<p>Wer noch Fragen zum Radwandern hat, kann uns unter 06034-8647 (Lutz) oder 0171-9902618 (Johannes) anrufen<\/p>\n<p>Also auf!<br \/>\nWir versprechen sch\u00f6ne, gem\u00fctliche Touren rund um Ilbenstadt in lockerer Atmosph\u00e4re. Bringt Freunde und Bekannte mit.<\/p>\n<p>Mit sportlichen Gr\u00fc\u00dfen<\/p>\n<p>Lutz Delling, Fachwart Radwandern<br \/>\nJohannes Contag, Beisitzer Radwandern<\/p>\n<p>&nbsp;<\/p>\n","protected":false},"excerpt":{"rendered":"<p>Liebe Radsportlerinnen und Radsportler, Lust auf Radwandern? Im RC 03 Ilbenstadt bieten wir ab dem 5. April Radwandertouren f\u00fcr Vereinsmitglieder, und alle Interessierten an. Wir laden zum gemeinsamen Start jeden Mittwochabend um 18 Uhr am B\u00fcrgerhaus in Niddatal-Ilbenstadt ein. Wir, &hellip; <a href=\"https:\/\/www.rc03-ilbenstadt.de\/?p=5370\">Weiterlesen <span class=\"meta-nav\">&rarr;<\/span><\/a><\/p>\n","protected":false},"author":9,"featured_media":4738,"comment_status":"closed","ping_status":"closed","sticky":false,"template":"","format":"standard","meta":{"_crdt_document":"","footnotes":""},"categories":[1],"tags":[],"class_list":["post-5370","post","type-post","status-publish","format-standard","has-post-thumbnail","hentry","category-allgemein"],"_links":{"self":[{"href":"https:\/\/www.rc03-ilbenstadt.de\/index.php?rest_route=\/wp\/v2\/posts\/5370","targetHints":{"allow":["GET"]}}],"collection":[{"href":"https:\/\/www.rc03-ilbenstadt.de\/index.php?rest_route=\/wp\/v2\/posts"}],"about":[{"href":"https:\/\/www.rc03-ilbenstadt.de\/index.php?rest_route=\/wp\/v2\/types\/post"}],"author":[{"embeddable":true,"href":"https:\/\/www.rc03-ilbenstadt.de\/index.php?rest_route=\/wp\/v2\/users\/9"}],"replies":[{"embeddable":true,"href":"https:\/\/www.rc03-ilbenstadt.de\/index.php?rest_route=%2Fwp%2Fv2%2Fcomments&post=5370"}],"version-history":[{"count":5,"href":"https:\/\/www.rc03-ilbenstadt.de\/index.php?rest_route=\/wp\/v2\/posts\/5370\/revisions"}],"predecessor-version":[{"id":5431,"href":"https:\/\/www.rc03-ilbenstadt.de\/index.php?rest_route=\/wp\/v2\/posts\/5370\/revisions\/5431"}],"wp:featuredmedia":[{"embeddable":true,"href":"https:\/\/www.rc03-ilbenstadt.de\/index.php?rest_route=\/wp\/v2\/media\/4738"}],"wp:attachment":[{"href":"https:\/\/www.rc03-ilbenstadt.de\/index.php?rest_route=%2Fwp%2Fv2%2Fmedia&parent=5370"}],"wp:term":[{"taxonomy":"category","embeddable":true,"href":"https:\/\/www.rc03-ilbenstadt.de\/index.php?rest_route=%2Fwp%2Fv2%2Fcategories&post=5370"},{"taxonomy":"post_tag","embeddable":true,"href":"https:\/\/www.rc03-ilbenstadt.de\/index.php?rest_route=%2Fwp%2Fv2%2Ftags&post=5370"}],"curies":[{"name":"wp","href":"https:\/\/api.w.org\/{rel}","templated":true}]}}